{"id":379280,"date":"2025-09-10T03:20:12","date_gmt":"2025-09-10T03:20:12","guid":{"rendered":"https:\/\/www.europesays.com\/fr\/379280\/"},"modified":"2025-09-10T03:20:12","modified_gmt":"2025-09-10T03:20:12","slug":"un-match-deja-sous-pression-au-palais-des-sports","status":"publish","type":"post","link":"https:\/\/www.europesays.com\/fr\/379280\/","title":{"rendered":"un match d\u00e9j\u00e0 sous pression au Palais des Sports"},"content":{"rendered":"<p>Ce mercredi soir (20h), l\u2019ESBF retrouve le Palais des Sports pour son deuxi\u00e8me rendez-vous de la saison, face \u00e0 Strasbourg. Apr\u00e8s une entame manqu\u00e9e \u00e0 Plan-de-Cuques, les Bisontines abordent ce duel avec l\u2019envie de se racheter devant leur public.<\/p>\n<blockquote><p>&#13;<\/p>\n<p><strong>Un faux d\u00e9part \u00e0 vite effacer<\/strong><\/p>\n<p>&#13;\n<\/p><\/blockquote>\n<p>Le premier match de championnat, disput\u00e9 \u00e0 Plan-de-Cuques, a laiss\u00e9 un go\u00fbt amer. \u00ab La premi\u00e8re mi-temps \u00e9tait de qualit\u00e9, mais la deuxi\u00e8me n\u2019\u00e9tait pas du tout \u00e0 la hauteur \u00bb, reconna\u00eet l\u2019entra\u00eeneur. Pour lui, ce revers doit rester un simple accident : \u00ab On ambitionnait beaucoup mieux, maintenant il faut repartir de l\u2019avant. \u00bb<\/p>\n<blockquote><p>&#13;<\/p>\n<p><strong>Un groupe revanchard et concentr\u00e9<\/strong><\/p>\n<p>&#13;\n<\/p><\/blockquote>\n<p>Malgr\u00e9 cette entr\u00e9e en mati\u00e8re compliqu\u00e9e, le staff se veut confiant avant la r\u00e9ception de Strasbourg : \u00ab Je trouve l\u2019\u00e9quipe impliqu\u00e9e, piqu\u00e9e par ce premier match. On est pr\u00eats tactiquement et physiquement, il faut d\u00e9sormais que \u00e7a se traduise sur le terrain. \u00bb<\/p>\n<blockquote><p>&#13;<\/p>\n<p><strong>Strasbourg, un adversaire en pleine progression<\/strong><\/p>\n<p>&#13;\n<\/p><\/blockquote>\n<p>Le club alsacien, install\u00e9 en Ligue Butagaz \u00c9nergie depuis cinq saisons, progresse \u00e0 pas de g\u00e9ant. \u00ab C\u2019est une \u00e9quipe jeune, ambitieuse, qui ne cesse de grandir. Un adversaire robuste, \u00e0 prendre tr\u00e8s au s\u00e9rieux \u00bb, souligne le coach bisontin.<\/p>\n<blockquote><p>&#13;<\/p>\n<p><strong>Un calendrier d\u00e9j\u00e0 charg\u00e9<\/strong><\/p>\n<p>&#13;\n<\/p><\/blockquote>\n<p>Le rendez-vous face \u00e0 Strasbourg ouvre une s\u00e9quence intense. Apr\u00e8s une courte tr\u00eave internationale, l\u2019ESBF encha\u00eenera championnat et Coupe d\u2019Europe : \u00ab On va vivre quinze jours avec six matchs en trois semaines, dont un d\u00e9placement en R\u00e9publique tch\u00e8que. C\u2019est exigeant, mais ce sont aussi les p\u00e9riodes que les joueuses aiment : encha\u00eener, voyager, vivre la comp\u00e9tition. \u00bb<\/p>\n<blockquote><p>&#13;<\/p>\n<p><strong>Rendez-vous ce soir<\/strong><\/p>\n<p>&#13;\n<\/p><\/blockquote>\n<p>Le coup d\u2019envoi sera donn\u00e9 \u00e0 20h au Palais des Sports de Besan\u00e7on. Une belle occasion pour le public bisontin de pousser son \u00e9quipe vers une premi\u00e8re victoire qui lancerait v\u00e9ritablement la saison.<\/p>\n","protected":false},"excerpt":{"rendered":"Ce mercredi soir (20h), l\u2019ESBF retrouve le Palais des Sports pour son deuxi\u00e8me rendez-vous de la saison, face&hellip;\n","protected":false},"author":2,"featured_media":379281,"comment_status":"","ping_status":"","sticky":false,"template":"","format":"standard","meta":{"footnotes":""},"categories":[2820],"tags":[1111,11,19876,1777,674,1011,27,775,1792,20620,51273,12,25,517,640],"class_list":{"0":"post-379280","1":"post","2":"type-post","3":"status-publish","4":"format-standard","5":"has-post-thumbnail","7":"category-strasbourg","8":"tag-actu","9":"tag-actualites","10":"tag-esbf","11":"tag-eu","12":"tag-europe","13":"tag-fr","14":"tag-france","15":"tag-grand-est","16":"tag-handball","17":"tag-handball-feminin","18":"tag-jerome-delarue","19":"tag-news","20":"tag-republique-francaise","21":"tag-sport","22":"tag-strasbourg"},"share_on_mastodon":{"url":"https:\/\/pubeurope.com\/@fr\/115177850337017836","error":""},"_links":{"self":[{"href":"https:\/\/www.europesays.com\/fr\/wp-json\/wp\/v2\/posts\/379280","targetHints":{"allow":["GET"]}}],"collection":[{"href":"https:\/\/www.europesays.com\/fr\/wp-json\/wp\/v2\/posts"}],"about":[{"href":"https:\/\/www.europesays.com\/fr\/wp-json\/wp\/v2\/types\/post"}],"author":[{"embeddable":true,"href":"https:\/\/www.europesays.com\/fr\/wp-json\/wp\/v2\/users\/2"}],"replies":[{"embeddable":true,"href":"https:\/\/www.europesays.com\/fr\/wp-json\/wp\/v2\/comments?post=379280"}],"version-history":[{"count":0,"href":"https:\/\/www.europesays.com\/fr\/wp-json\/wp\/v2\/posts\/379280\/revisions"}],"wp:featuredmedia":[{"embeddable":true,"href":"https:\/\/www.europesays.com\/fr\/wp-json\/wp\/v2\/media\/379281"}],"wp:attachment":[{"href":"https:\/\/www.europesays.com\/fr\/wp-json\/wp\/v2\/media?parent=379280"}],"wp:term":[{"taxonomy":"category","embeddable":true,"href":"https:\/\/www.europesays.com\/fr\/wp-json\/wp\/v2\/categories?post=379280"},{"taxonomy":"post_tag","embeddable":true,"href":"https:\/\/www.europesays.com\/fr\/wp-json\/wp\/v2\/tags?post=379280"}],"curies":[{"name":"wp","href":"https:\/\/api.w.org\/{rel}","templated":true}]}}