{"id":379282,"date":"2025-09-10T03:21:12","date_gmt":"2025-09-10T03:21:12","guid":{"rendered":"https:\/\/www.europesays.com\/fr\/379282\/"},"modified":"2025-09-10T03:21:12","modified_gmt":"2025-09-10T03:21:12","slug":"une-journee-pour-les-orphelins-de-la-police-nationale-au-stade-des-arboras-a-nice","status":"publish","type":"post","link":"https:\/\/www.europesays.com\/fr\/379282\/","title":{"rendered":"Une journ\u00e9e pour les orphelins de la police nationale au stade des Arboras \u00e0 Nice"},"content":{"rendered":"<p>Entre 600 et 700 participants ont particip\u00e9 ce dimanche \u00e0 la <strong>Journ\u00e9e de l\u2019action sociale du minist\u00e8re de l\u2019Int\u00e9rieur<\/strong>, au stade des Arboras \u00e0 <strong>Nice<\/strong>.<\/p>\n<p>C\u2019\u00e9tait la 5e \u00e9dition de cette manifestation consacr\u00e9e aux <strong>orphelins de la police nationale<\/strong>. \u00ab\u00a0Une v\u00e9ritable bou\u00e9e d\u2019oxyg\u00e8ne pour les orphelins, \u00e7a a fait du bien \u00e0 tout le monde\u00a0\u00bb, commente Jean-Luc Bragato, un des organisateurs.<\/p>\n<p>Cette journ\u00e9e n\u2019existe pas dans tous les d\u00e9partements. Ont \u00e9t\u00e9 invit\u00e9s, dimanche, les clubs de sport partenaires qui souhaitaient faire d\u00e9couvrir leur activit\u00e9 aux enfants, familles et agents du p\u00e9rim\u00e8tre du minist\u00e8re de l\u2019Int\u00e9rieur.<\/p>\n<p>Le milieu associatif de la police nationale \u00e9tait \u00e9galement pr\u00e9sent. La plupart des unit\u00e9s de la police nationale ont pu effectuer des d\u00e9monstrations de leur savoir-faire, dont la Bac, le Raid et la BRI. Des <strong>animations<\/strong> \u00e9taient pr\u00e9vues pour les enfants.<\/p>\n<p>L\u2019ensemble de l\u2019argent r\u00e9colt\u00e9 sera <strong>revers\u00e9 \u00e0 Orph\u00e9opolis<\/strong>, qui \u0153uvre au quotidien pour venir en aide aux orphelins de policiers et aux familles endeuill\u00e9es.<\/p>\n<p>              <img ci-src=\"https:\/\/www.nicematin.com\/vie-locale\/protec\/DATA_ART_16212307-BUxNf9Kg.jpg?vh=c6a2ed&amp;ci_seal=1b48e837e4\" alt=\"\"\/><br \/>\n        Le Raid et la BRI ont tenu des stands. <strong>Photo S\u00e9bastien Botella.<\/strong> <\/p>\n","protected":false},"excerpt":{"rendered":"Entre 600 et 700 participants ont particip\u00e9 ce dimanche \u00e0 la Journ\u00e9e de l\u2019action sociale du minist\u00e8re de&hellip;\n","protected":false},"author":2,"featured_media":379283,"comment_status":"","ping_status":"","sticky":false,"template":"","format":"standard","meta":{"footnotes":""},"categories":[2819],"tags":[1111,11,1777,674,1011,27,12,2401,882,25,3366],"class_list":{"0":"post-379282","1":"post","2":"type-post","3":"status-publish","4":"format-standard","5":"has-post-thumbnail","7":"category-nice","8":"tag-actu","9":"tag-actualites","10":"tag-eu","11":"tag-europe","12":"tag-fr","13":"tag-france","14":"tag-news","15":"tag-nice","16":"tag-provence-alpes-cote-dazur","17":"tag-republique-francaise","18":"tag-vie-locale"},"share_on_mastodon":{"url":"https:\/\/pubeurope.com\/@fr\/115177854371936752","error":""},"_links":{"self":[{"href":"https:\/\/www.europesays.com\/fr\/wp-json\/wp\/v2\/posts\/379282","targetHints":{"allow":["GET"]}}],"collection":[{"href":"https:\/\/www.europesays.com\/fr\/wp-json\/wp\/v2\/posts"}],"about":[{"href":"https:\/\/www.europesays.com\/fr\/wp-json\/wp\/v2\/types\/post"}],"author":[{"embeddable":true,"href":"https:\/\/www.europesays.com\/fr\/wp-json\/wp\/v2\/users\/2"}],"replies":[{"embeddable":true,"href":"https:\/\/www.europesays.com\/fr\/wp-json\/wp\/v2\/comments?post=379282"}],"version-history":[{"count":0,"href":"https:\/\/www.europesays.com\/fr\/wp-json\/wp\/v2\/posts\/379282\/revisions"}],"wp:featuredmedia":[{"embeddable":true,"href":"https:\/\/www.europesays.com\/fr\/wp-json\/wp\/v2\/media\/379283"}],"wp:attachment":[{"href":"https:\/\/www.europesays.com\/fr\/wp-json\/wp\/v2\/media?parent=379282"}],"wp:term":[{"taxonomy":"category","embeddable":true,"href":"https:\/\/www.europesays.com\/fr\/wp-json\/wp\/v2\/categories?post=379282"},{"taxonomy":"post_tag","embeddable":true,"href":"https:\/\/www.europesays.com\/fr\/wp-json\/wp\/v2\/tags?post=379282"}],"curies":[{"name":"wp","href":"https:\/\/api.w.org\/{rel}","templated":true}]}}