{"id":379284,"date":"2025-09-10T03:22:15","date_gmt":"2025-09-10T03:22:15","guid":{"rendered":"https:\/\/www.europesays.com\/fr\/379284\/"},"modified":"2025-09-10T03:22:15","modified_gmt":"2025-09-10T03:22:15","slug":"israel-affirme-avoir-frappe-des-membres-du-hezbollah-a-doha-les-etats-unis-appellent-ses-ressortissants-a-rester-a-labri-ce-que-lon-sait-des-frappes-israeliennes-sur-le-qatar","status":"publish","type":"post","link":"https:\/\/www.europesays.com\/fr\/379284\/","title":{"rendered":"Isra\u00ebl affirme avoir frapp\u00e9 des membres du Hezbollah \u00e0 Doha, les Etats-Unis appellent ses ressortissants \u00e0 rester \u00e0 l&rsquo;abri.. Ce que l&rsquo;on sait des frappes isra\u00e9liennes sur le Qatar"},"content":{"rendered":"<p>Plusieurs d\u00e9tonations ont \u00e9t\u00e9 entendues, ce mardi 9 septembre, \u00e0 Doha, capitale du Qatar. Le r\u00e9sultat de frappes isra\u00e9liennes contre les responsables du Hamas, r\u00e9sidents dans le pays.\u00a0<\/p>\n<p>\u00ab\u00a0L&rsquo;arm\u00e9e et le service de s\u00e9curit\u00e9 int\u00e9rieure (Shin Bet) ont men\u00e9 une frappe cibl\u00e9e contre la haute direction de l&rsquo;organisation terroriste Hamas\u00a0\u00bb, a dit l&rsquo;arm\u00e9e isra\u00e9lienne dans un communiqu\u00e9, sans pr\u00e9ciser le lieu de l&rsquo;attaque.<\/p>\n<p>De la fum\u00e9e s&rsquo;est \u00e9lev\u00e9e d&rsquo;un quartier, selon des journalistes de l&rsquo;AFP dans la capitale qatarie. La police a bloqu\u00e9 l&rsquo;acc\u00e8s au lieu des explosions.\u00a0L&rsquo;ambassade des Etats-Unis au Qatar a appel\u00e9 mardi ses ressortissants dans le pays \u00e0 \u00ab\u00a0rester \u00e0 l&rsquo;abri\u00a0\u00bb apr\u00e8s l&rsquo;attaque isra\u00e9lienne d&rsquo;un complexe abritant des responsables du Hamas \u00e0 Doha.<\/p>\n<p>\u00ab\u00a0Nous avons vu des informations faisant \u00e9tat de frappes de missiles \u00e0 Doha. L&rsquo;ambassade des \u00c9tats-Unis a ordonn\u00e9 \u00e0 son personnel de rester \u00e0 l&rsquo;abri dans ses locaux. Il est conseill\u00e9 aux citoyens am\u00e9ricains de rester \u00e0 l&rsquo;abri et de suivre les mises \u00e0 jour\u00a0\u00bb, a-t-elle \u00e9crit sur son compte X. Avant ces frappes, <strong>les Etats-Unis ont \u00e9t\u00e9 pr\u00e9venus par Isra\u00ebl<\/strong>, a indiqu\u00e9 mardi une haute responsable de la Maison Blanche \u00e0 l&rsquo;AFP. \u00ab\u00a0Nous avons \u00e9t\u00e9 inform\u00e9s \u00e0 l&rsquo;avance\u00a0\u00bb, a-t-elle d\u00e9clar\u00e9, sous couvert d&rsquo;anonymat.<\/p>\n<blockquote>\n<p><strong> Isra\u00ebl en assume l&rsquo;enti\u00e8re responsabilit\u00e9<\/strong><\/p>\n<\/blockquote>\n<p>Depuis le d\u00e9but de la guerre \u00e0 Gaza, d\u00e9clench\u00e9e par une attaque sans pr\u00e9c\u00e9dent du Hamas contre Isra\u00ebl le 7 octobre 2023, Isra\u00ebl a tu\u00e9 plusieurs chefs et hauts responsables du Hamas apr\u00e8s avoir jur\u00e9 de d\u00e9truire le mouvement.<\/p>\n<p>\u00ab\u00a0Depuis des ann\u00e9es, ces membres de la direction du Hamas dirigent les op\u00e9rations de l&rsquo;organisation terroriste, sont directement responsables du massacre brutal du 7 octobre et ont orchestr\u00e9 et g\u00e9r\u00e9 la guerre contre l&rsquo;Etat d&rsquo;Isra\u00ebl\u00a0\u00bb, selon le communiqu\u00e9 de l&rsquo;arm\u00e9e isra\u00e9lienne.<\/p>\n<p>Le Premier ministre isra\u00e9lien Benjamin Netanyahu a affirm\u00e9 de son c\u00f4t\u00e9 que la frappe contre des responsables du Hamas au Qatar \u00e9tait une op\u00e9ration men\u00e9e par Isra\u00ebl de \u00ab\u00a0mani\u00e8re ind\u00e9pendante\u00a0\u00bb, selon un communiqu\u00e9 de son bureau. \u00ab\u00a0L&rsquo;action aujourd&rsquo;hui contre les principaux chefs terroristes du Hamas a \u00e9t\u00e9 une op\u00e9ration enti\u00e8rement ind\u00e9pendante men\u00e9e par Isra\u00ebl. Isra\u00ebl l&rsquo;a initi\u00e9e, Isra\u00ebl l&rsquo;a men\u00e9e, et Isra\u00ebl en assume l&rsquo;enti\u00e8re responsabilit\u00e9\u00a0\u00bb, a dit M. Netanyahu, selon ce communiqu\u00e9.<\/p>\n<p><strong>Le Qatar d\u00e9nonce une attaque \u00ab\u00a0l\u00e2che\u00a0\u00bb\u00a0<\/strong><\/p>\n<p>Les autorit\u00e9s du Qatar ont confirm\u00e9 des frappes contre des domiciles de responsables du Hamas et condamn\u00e9 une attaque \u00ab\u00a0l\u00e2che\u00a0\u00bb. \u00ab\u00a0L&rsquo;Etat du Qatar condamne fermement l&rsquo;attaque l\u00e2che men\u00e9e par Isra\u00ebl qui a vis\u00e9 des immeubles r\u00e9sidentiels abritant plusieurs membres du bureau politique du Hamas\u00a0\u00bb, a \u00e9crit le porte-parole du minist\u00e8re des Affaires \u00e9trang\u00e8res, Majed al-Ansari sur X.<\/p>\n<p>Ces responsables du Hamas vis\u00e9s par l&rsquo;arm\u00e9e isra\u00e9lienne <strong>ont particip\u00e9 aux n\u00e9gociations sur un cessez-le-feu \u00e0 Gaza<\/strong> ces derniers mois.<\/p>\n<p>Le jour des frappes \u00e0 Doha, <a href=\"https:\/\/www.nicematin.com\/conflits\/attentat-a-jerusalem-est-six-morts--1001015\" target=\"_blank\" rel=\"noopener\"><strong>la branche arm\u00e9e du Hamas a revendiqu\u00e9 l&rsquo;attaque commise la veille \u00e0 J\u00e9rusalem<\/strong><\/a> qui a co\u00fbt\u00e9 la vie \u00e0 six Isra\u00e9liens.\u00a0\u00ab\u00a0Les Brigades Al-Qassam revendiquent leur responsabilit\u00e9 dans l&rsquo;attaque par balles qui a eu lieu hier matin, lundi (&#8230;), pr\u00e8s du carrefour de la colonie de Ramot\u00a0\u00bb, indique-t-il dans un communiqu\u00e9.<\/p>\n<p><strong>La menace d&rsquo;Isra\u00ebl<\/strong><\/p>\n<p>Le ministre isra\u00e9lien de la D\u00e9fense, Isra\u00ebl Katz, <a href=\"https:\/\/www.nicematin.com\/conflits\/israel-et-son-allie-americain-lancent-un-dernier-avertissement-au-hamas-1000982\" target=\"_blank\" rel=\"noopener\">avait somm\u00e9 lundi le Hamas de se rendre sous peine d&rsquo;\u00eatre an\u00e9anti,<\/a> apr\u00e8s que le pr\u00e9sident am\u00e9ricain Donald Trump a adress\u00e9 un \u00ab\u00a0dernier avertissement\u00a0\u00bb au mouvement islamiste palestinien, l&rsquo;exhortant \u00e0 lib\u00e9rer tous les otages.<\/p>\n<p>\u00ab\u00a0Ceci est un dernier avertissement aux assassins et violeurs du Hamas \u00e0 Gaza et dans les h\u00f4tels de luxe \u00e0 l\u2019\u00e9tranger: lib\u00e9rez les otages et d\u00e9posez les armes, ou Gaza sera d\u00e9truite et vous serez an\u00e9antis\u00a0\u00bb, a d\u00e9clar\u00e9 M. Katz sur X.<\/p>\n<p>\u00ab\u00a0Aujourd&rsquo;hui, un ouragan d\u00e9vastateur frappera le ciel de la ville de Gaza et les toits des tours terroristes trembleront\u00a0\u00bb, ajoute-t-il, notant que \u00ab\u00a0l&rsquo;arm\u00e9e isra\u00e9lienne poursuit ses op\u00e9rations comme pr\u00e9vu et se pr\u00e9pare \u00e0 \u00e9tendre ses man\u0153uvres pour conqu\u00e9rir\u00a0\u00bb Gaza-ville.<\/p>\n<blockquote class=\"twitter-tweet\">\n<p lang=\"fr\" dir=\"ltr\"><a href=\"https:\/\/twitter.com\/hashtag\/Qatar?src=hash&amp;ref_src=twsrc%5Etfw\" target=\"_blank\" rel=\"noopener\">#Qatar<\/a> l&rsquo;op\u00e9ration isra\u00e9lienne a \u00e9t\u00e9 nomm\u00e9e \u00ab\u00a0le sommet de feu\u00a0\u00bb, des sources m\u00e9diatiques isra\u00e9liennes affirment que toute la d\u00e9l\u00e9gation du Hamas a \u00e9t\u00e9 atteinte, dans le cas inverse le prix politique serait tr\u00e8s \u00e9lev\u00e9 pour un rat\u00e9 <a href=\"https:\/\/t.co\/Gpwvko1UAT\">pic.twitter.com\/Gpwvko1UAT<\/a><\/p>\n<p>\u2014 Wassim Nasr (@SimNasr) <a href=\"https:\/\/twitter.com\/SimNasr\/status\/1965421585407648177?ref_src=twsrc%5Etfw\" target=\"_blank\" rel=\"noopener\">September 9, 2025<\/a><\/p><\/blockquote>\n<p>              <img ci-src=\"https:\/\/www.nicematin.com\/conflits\/AFP_73WK463-VqRUwrcd.jpg?ci_seal=0f72fd1c10\" alt=\"\"\/><br \/>\n        Une image prise par l&rsquo;AFP, montre une fum\u00e9e noire s&rsquo;\u00e9levant d&rsquo;un b\u00e2timent apr\u00e8s une attaque men\u00e9e par Isra\u00ebl, ce mardi au Qatar. <strong> Jacqueline PENNEY \/ AFPTV \/ AFP.<\/strong> <\/p>\n<p>                                <strong>L&rsquo;ONU condamne les frappes et parle d&rsquo;une \u00ab\u00a0violation flagrante de la souverainet\u00e9\u00a0\u00bb du Qatar<\/strong><\/p>\n<p>Le secr\u00e9taire g\u00e9n\u00e9ral de l&rsquo;ONU Antonio Guterres a condamn\u00e9 mardi la \u00ab\u00a0violation flagrante\u00a0\u00bb de la souverainet\u00e9 territoriale du Qatar apr\u00e8s les frappes isra\u00e9liennes.<\/p>\n<p>\u00ab\u00a0Nous venons d&rsquo;apprendre les attaques isra\u00e9liennes au Qatar, un pays qui joue un r\u00f4le positif pour parvenir \u00e0 un cessez-le-feu (\u00e0 Gaza) et \u00e0 la lib\u00e9ration des otages. Je condamne cette violation flagrante de la souverainet\u00e9 et de l&rsquo;int\u00e9grit\u00e9 territoriale du Qatar\u00a0\u00bb, a-t-il d\u00e9clar\u00e9 \u00e0 la presse.\u00a0\u00ab\u00a0Toutes les parties doivent travailler pour permettre un cessez-le-feu permanent, pas pour le d\u00e9truire\u00a0\u00bb, a-t-il ajout\u00e9.<\/p>\n<p><strong>MBS d\u00e9nonce un \u00ab\u00a0acte criminel\u00a0\u00bb <\/strong><\/p>\n<p>Le prince h\u00e9ritier et dirigeant de facto d&rsquo;Arabie saoudite, Mohammed ben Salmane, a condamn\u00e9 mardi l&rsquo;attaque isra\u00e9lienne visant le Hamas \u00e0 Doha, d\u00e9non\u00e7ant un \u00ab\u00a0acte criminel\u00a0\u00bb et une \u00ab\u00a0violation du droit international\u00a0\u00bb, durant un appel avec l&rsquo;\u00e9mir du Qatar, cheikh Tamim ben Hamad Al-Thani.<\/p>\n<p>\u00ab\u00a0Le prince h\u00e9ritier a affirm\u00e9 la pleine solidarit\u00e9 du Royaume avec le Qatar et sa condamnation de l&rsquo;attaque isra\u00e9lienne flagrante contre l&rsquo;Etat du Qatar, laquelle constitue un acte criminel et une violation manifeste des lois et normes internationales\u00a0\u00bb, a-t-il indiqu\u00e9 selon un communiqu\u00e9 publi\u00e9 par l&rsquo;agence de presse officielle saoudienne SPA.<\/p>\n<p>                                <strong>\u00ab\u00a0Un nouveau crime sioniste\u00a0\u00bb, selon le Hamas<\/strong><\/p>\n<p>Selon le Hamas, <strong>Isra\u00ebl avait vis\u00e9 les n\u00e9gociateurs du mouvement islamiste palestinien r\u00e9unis \u00e0 Doha<\/strong>, au Qatar. \u00ab\u00a0Dans un nouveau crime sioniste, la d\u00e9l\u00e9gation des n\u00e9gociateurs du Hamas a \u00e9t\u00e9 prise pour cible alors qu&rsquo;elle \u00e9tait r\u00e9unie \u00e0 Doha pour discuter de la proposition du pr\u00e9sident Trump en vue d&rsquo;un cessez-le-feu dans la bande de Gaza\u00a0\u00bb, a dit ce responsable, qui n&rsquo;a pas souhait\u00e9 donner son nom.<\/p>\n<p>La semaine derni\u00e8re, le Premier ministre isra\u00e9lien, Benjamin Netanyahu, a ordonn\u00e9 l&rsquo;ouverture de n\u00e9gociations pour lib\u00e9rer tous les otages, quelques jours apr\u00e8s l&rsquo;aval donn\u00e9 par le Hamas \u00e0 une nouvelle proposition de cessez-le-feu pr\u00e9sent\u00e9e par les m\u00e9diateurs (Egypte, Qatar et Etats Unis).<\/p>\n<p><script async src=\"https:\/\/platform.twitter.com\/widgets.js\" charset=\"utf-8\"><\/script><\/p>\n","protected":false},"excerpt":{"rendered":"Plusieurs d\u00e9tonations ont \u00e9t\u00e9 entendues, ce mardi 9 septembre, \u00e0 Doha, capitale du Qatar. Le r\u00e9sultat de frappes&hellip;\n","protected":false},"author":2,"featured_media":379285,"comment_status":"","ping_status":"","sticky":false,"template":"","format":"standard","meta":{"footnotes":""},"categories":[2819],"tags":[1111,11,10411,1777,674,1011,27,12,2401,882,25],"class_list":{"0":"post-379284","1":"post","2":"type-post","3":"status-publish","4":"format-standard","5":"has-post-thumbnail","7":"category-nice","8":"tag-actu","9":"tag-actualites","10":"tag-conflits","11":"tag-eu","12":"tag-europe","13":"tag-fr","14":"tag-france","15":"tag-news","16":"tag-nice","17":"tag-provence-alpes-cote-dazur","18":"tag-republique-francaise"},"share_on_mastodon":{"url":"https:\/\/pubeurope.com\/@fr\/115177858354844135","error":""},"_links":{"self":[{"href":"https:\/\/www.europesays.com\/fr\/wp-json\/wp\/v2\/posts\/379284","targetHints":{"allow":["GET"]}}],"collection":[{"href":"https:\/\/www.europesays.com\/fr\/wp-json\/wp\/v2\/posts"}],"about":[{"href":"https:\/\/www.europesays.com\/fr\/wp-json\/wp\/v2\/types\/post"}],"author":[{"embeddable":true,"href":"https:\/\/www.europesays.com\/fr\/wp-json\/wp\/v2\/users\/2"}],"replies":[{"embeddable":true,"href":"https:\/\/www.europesays.com\/fr\/wp-json\/wp\/v2\/comments?post=379284"}],"version-history":[{"count":0,"href":"https:\/\/www.europesays.com\/fr\/wp-json\/wp\/v2\/posts\/379284\/revisions"}],"wp:featuredmedia":[{"embeddable":true,"href":"https:\/\/www.europesays.com\/fr\/wp-json\/wp\/v2\/media\/379285"}],"wp:attachment":[{"href":"https:\/\/www.europesays.com\/fr\/wp-json\/wp\/v2\/media?parent=379284"}],"wp:term":[{"taxonomy":"category","embeddable":true,"href":"https:\/\/www.europesays.com\/fr\/wp-json\/wp\/v2\/categories?post=379284"},{"taxonomy":"post_tag","embeddable":true,"href":"https:\/\/www.europesays.com\/fr\/wp-json\/wp\/v2\/tags?post=379284"}],"curies":[{"name":"wp","href":"https:\/\/api.w.org\/{rel}","templated":true}]}}