{"id":379286,"date":"2025-09-10T03:23:17","date_gmt":"2025-09-10T03:23:17","guid":{"rendered":"https:\/\/www.europesays.com\/fr\/379286\/"},"modified":"2025-09-10T03:23:17","modified_gmt":"2025-09-10T03:23:17","slug":"femme-retrouvee-morte-en-loire-atlantique-une-enseignante-investie-une-voisine-tres","status":"publish","type":"post","link":"https:\/\/www.europesays.com\/fr\/379286\/","title":{"rendered":"Femme retrouv\u00e9e morte en Loire-Atlantique\u00a0: une enseignante investie, une voisine \u00ab\u00a0tr\u00e8s"},"content":{"rendered":"<p>Elle avait consacr\u00e9 sa vie \u00e0 la transmission et \u00e0 l\u2019enseignement. Soizick Jarno, professeure d\u2019histoire-g\u00e9ographie pendant plusieurs dizaines d\u2019ann\u00e9es en Loire-Atlantique, depuis peu employ\u00e9e aux archives diplomatiques de Nantes, <a href=\"https:\/\/nantes.maville.com\/actu\/actudet_-corps-retrouve-dans-une-maison-en-feu-en-loire-atlantique-enquete-ouverte-pour-homicide-volontaire-_8-6966020_actu.Htm\" target=\"_self\" rel=\"nofollow noopener\">est d\u00e9c\u00e9d\u00e9e lundi 8\u00a0septembre<\/a>. Son corps <a href=\"https:\/\/nantes.maville.com\/actu\/actudet_-recit.-l-incendie-de-la-maison-cache-le-meurtre-d-une-femme-en-loire-atlantique-_8-6966941_actu.Htm\" target=\"_self\" rel=\"nofollow noopener\">a \u00e9t\u00e9 d\u00e9couvert<\/a>, sous une couverture, la t\u00eate recouverte d\u2019un sac-poubelle, <a href=\"https:\/\/nantes.maville.com\/actu\/actudet_--qui-pouvait-lui-en-vouloir-en-loire-atlantique-c-est-le-choc-apres-la-mort-d-une-voisine-_52719-6966921_actu.Htm\" target=\"_self\" rel=\"nofollow noopener\">au sein d\u2019une d\u00e9pendance de sa maison<\/a>, elle-m\u00eame d\u00e9truite par un incendie. Une enqu\u00eate a \u00e9t\u00e9 ouverte par le parquet de Saint-Nazaire pour homicide volontaire.<\/p>\n<p><strong>\u00ab\u00a0C\u2019\u00e9tait une femme discr\u00e8te, polie et tr\u00e8s gentille\u00a0\u00bb<\/strong><\/p>\n<p>Cette femme, \u00e2g\u00e9e de 60\u00a0ans, a grandi \u00e0 La Turballe avec ses parents Ren\u00e9 et Jeannette, ainsi que ses deux fr\u00e8res. <strong>\u00ab\u00a0Une famille bien connue et tr\u00e8s appr\u00e9ci\u00e9e dans la commune\u00a0\u00bb,<\/strong> atteste le maire de La Turballe, Didier Cardo. Apr\u00e8s le d\u00e9c\u00e8s de ses parents, l\u2019enseignante h\u00e9rite de la maison familiale et s\u2019installe au 23, rue Mar\u00e9chal-de-Lattre-de-Tassigny, \u00e0 l\u2019angle de la rue de la Poste, \u00e0 quelques encablures du front de mer.<\/p>\n<p>Une maison dans laquelle elle emm\u00e9nage \u00e0 l\u2019\u00e9poque avec son fils adoptif, aujourd\u2019hui \u00e2g\u00e9 de 23\u00a0ans. <strong>\u00ab\u00a0C\u2019\u00e9tait une femme discr\u00e8te, polie et tr\u00e8s gentille\u00a0\u00bb,<\/strong> assure un habitant de la rue. <strong>\u00ab\u00a0Je ne la connaissais pas tr\u00e8s bien,<\/strong> abonde une autre, <strong>mais elle disait toujours \u201cbonjour\u201d quand on la croisait, en baladant ses chiens.\u00a0\u00bb<\/strong><\/p>\n<p>Les deux animaux ont d\u2019ailleurs \u00e9t\u00e9 retrouv\u00e9s en d\u00e9sh\u00e9rence sur la plage des Bretons, \u00e0 quelques centaines de m\u00e8tres du domicile. <strong>\u00ab\u00a0Un voisin les a vus passer devant chez lui vers 6\u00a0h\u00a030\u00a0\u00bb<\/strong>, assure l\u2019ancien \u00e9dile de La Turballe, Jean-Pierre Branchereau, qui vit \u00e0 proximit\u00e9. L\u2019heure \u00e0 laquelle les pompiers sont contact\u00e9s par une riveraine pour les alerter de l\u2019incendie du pavillon. Une voisine calme et sans histoire, donc, mais aussi une coll\u00e8gue particuli\u00e8rement estim\u00e9e par ses pairs.<\/p>\n<p>\u00ab\u00a0Une enseignante appr\u00e9ci\u00e9e et tr\u00e8s investie\u00a0\u00bb<\/p>\n<p><strong>\u00ab\u00a0De l\u2019avis de tous, elle \u00e9tait une enseignante appr\u00e9ci\u00e9e et tr\u00e8s investie\u00a0\u00bb,<\/strong> confie Bethsab\u00e9e Parry, une professeure de philosophie qui l\u2019a connue \u00e0 La Baule. Son investissement justement, nous en avions d\u00e9j\u00e0 parl\u00e9 dans un article publi\u00e9 en mars\u00a02019. On y apprenait que Soizick Jarno, alors professeure d\u2019histoire g\u00e9ographie au lyc\u00e9e Grand-Air, \u00e0 La Baule (Loire-Atlantique), avait encadr\u00e9, avec deux de ses coll\u00e8gues, un important travail de recherches d\u2019archives autour des d\u00e9port\u00e9s juifs de l\u2019actuelle Loire-Atlantique. Mais ce n\u2019est pas tout\u00a0: trois ans plus t\u00f4t, alors enseignante au lyc\u00e9e de Bouaye, Soizick Jarno avait fait plancher ses \u00e9l\u00e8ves de premi\u00e8re S sur l\u2019histoire de Berlin pendant la guerre froide.<\/p>\n<p>Un projet de longue haleine, comme elle nous le d\u00e9crivait\u00a0<a href=\"https:\/\/www.ouest-france.fr\/pays-de-la-loire\/loire-atlantique\/les-archives-diplomatiques-souvrent-aux-lyceens-4310702\" target=\"_self\" rel=\"nofollow noopener\">en juin\u00a02016<\/a>\u00a0: <strong>\u00ab\u00a0De janvier \u00e0 juin, on a travaill\u00e9 trois heures par mois avec les \u00e9l\u00e8ves sur ce th\u00e8me, en fonction des documents originaux disponibles aux archives diplomatiques, o\u00f9 nous avons pass\u00e9 une journ\u00e9e.\u00a0\u00bb <\/strong>Et d\u2019ajouter\u00a0:<strong> \u00ab\u00a0Les lyc\u00e9ens ont \u00e9t\u00e9 r\u00e9ceptifs et se sont tous impliqu\u00e9s.\u00a0\u00bb<\/strong><\/p>\n<p>Pour motiver les professeurs de Loire-Atlantique, le rectorat avait organis\u00e9 une restitution de leurs travaux au c\u0153ur du centre des archives diplomatiques (CADN), \u00e0 Nantes. Et c\u2019est justement au CADN qu\u2019elle posera ses cartons quelques ann\u00e9es plus tard.<strong> \u00ab\u00a0Elle avait d\u00e9cid\u00e9 de changer de m\u00e9tier apr\u00e8s les confinements successifs, <\/strong>se rem\u00e9more Jean-Pierre Branchereau.<strong> Elle en avait marre de donner des cours en visio. Ce n\u2019\u00e9tait pas sa vision de ce m\u00e9tier.\u00a0\u00bb <\/strong>Car ce qu\u2019elle aimait dans son m\u00e9tier d\u2019enseignante, c\u2019\u00e9tait avant tout l\u2019humain. <strong>\u00ab\u00a0Elle \u00e9tait discr\u00e8te, c\u2019est vrai,<\/strong> souffle une voisine et amie. <strong>Mais elle \u00e9tait surtout tr\u00e8s humaine. Elle ne m\u00e9ritait pas \u00e7a.\u00a0\u00bb<\/strong><\/p>\n<p>\u00a0<\/p>\n","protected":false},"excerpt":{"rendered":"Elle avait consacr\u00e9 sa vie \u00e0 la transmission et \u00e0 l\u2019enseignement. Soizick Jarno, professeure d\u2019histoire-g\u00e9ographie pendant plusieurs dizaines&hellip;\n","protected":false},"author":2,"featured_media":379287,"comment_status":"","ping_status":"","sticky":false,"template":"","format":"standard","meta":{"footnotes":""},"categories":[2818],"tags":[1111,11,45379,10147,1777,674,1294,1011,27,51274,3047,14836,766,12,2636,25,14835,933,29848],"class_list":{"0":"post-379286","1":"post","2":"type-post","3":"status-publish","4":"format-standard","5":"has-post-thumbnail","7":"category-nantes","8":"tag-actu","9":"tag-actualites","10":"tag-appreciee","11":"tag-enseignante","12":"tag-eu","13":"tag-europe","14":"tag-femme","15":"tag-fr","16":"tag-france","17":"tag-investie","18":"tag-loire-atlantique","19":"tag-morte","20":"tag-nantes","21":"tag-news","22":"tag-pays-de-la-loire","23":"tag-republique-francaise","24":"tag-retrouvee","25":"tag-tres","26":"tag-voisine"},"share_on_mastodon":{"url":"https:\/\/pubeurope.com\/@fr\/115177862150915038","error":""},"_links":{"self":[{"href":"https:\/\/www.europesays.com\/fr\/wp-json\/wp\/v2\/posts\/379286","targetHints":{"allow":["GET"]}}],"collection":[{"href":"https:\/\/www.europesays.com\/fr\/wp-json\/wp\/v2\/posts"}],"about":[{"href":"https:\/\/www.europesays.com\/fr\/wp-json\/wp\/v2\/types\/post"}],"author":[{"embeddable":true,"href":"https:\/\/www.europesays.com\/fr\/wp-json\/wp\/v2\/users\/2"}],"replies":[{"embeddable":true,"href":"https:\/\/www.europesays.com\/fr\/wp-json\/wp\/v2\/comments?post=379286"}],"version-history":[{"count":0,"href":"https:\/\/www.europesays.com\/fr\/wp-json\/wp\/v2\/posts\/379286\/revisions"}],"wp:featuredmedia":[{"embeddable":true,"href":"https:\/\/www.europesays.com\/fr\/wp-json\/wp\/v2\/media\/379287"}],"wp:attachment":[{"href":"https:\/\/www.europesays.com\/fr\/wp-json\/wp\/v2\/media?parent=379286"}],"wp:term":[{"taxonomy":"category","embeddable":true,"href":"https:\/\/www.europesays.com\/fr\/wp-json\/wp\/v2\/categories?post=379286"},{"taxonomy":"post_tag","embeddable":true,"href":"https:\/\/www.europesays.com\/fr\/wp-json\/wp\/v2\/tags?post=379286"}],"curies":[{"name":"wp","href":"https:\/\/api.w.org\/{rel}","templated":true}]}}