{"id":379288,"date":"2025-09-10T03:26:13","date_gmt":"2025-09-10T03:26:13","guid":{"rendered":"https:\/\/www.europesays.com\/fr\/379288\/"},"modified":"2025-09-10T03:26:13","modified_gmt":"2025-09-10T03:26:13","slug":"lancien-presbytere-transforme-en-pole-artistique","status":"publish","type":"post","link":"https:\/\/www.europesays.com\/fr\/379288\/","title":{"rendered":"L\u2019ancien presbyt\u00e8re transform\u00e9 en p\u00f4le artistique"},"content":{"rendered":"<p>La r\u00e9flexion avait \u00e9t\u00e9 engag\u00e9e en 2017 avant le mandat de l\u2019actuel maire, Ronan Fleho. Huit ans se sont \u00e9coul\u00e9s avant que le P\u00f4le artistique voie le jour en lieu et place de l\u2019ancien presbyt\u00e8re de la commune. 900\u00a0m\u00b2 sont destin\u00e9s \u00e0 la pratique de toutes les danses (trois salles dont une de 120\u00a0m\u00b2 en parquet), et aux pratiques musicales\u00a0: huit salles pour des cours individuels et collectifs dont une d\u00e9di\u00e9e \u00e0 la batterie avec une insonorisation maximale, et une salle orchestrale. \u00c0 cela s\u2019ajoutent des bureaux administratifs, des vestiaires et des locaux d\u00e9di\u00e9s aux associations.<\/p>\n<p>\u00ab\u00a0C\u2019est un double constat qui nous a amen\u00e9s \u00e0 concr\u00e9tiser ce projet, souligne le maire lors de son discours inaugural\u00a0: le dynamisme du tissu associatif qui comprend une cinquantaine d\u2019associations et 1\u00a0000\u00a0membres actifs et l\u2019inad\u00e9quation des \u00e9quipements communaux (v\u00e9tust\u00e9, \u00e9parpillement, planning d\u2019occupation, d\u00e9placements)\u00a0\u00bb.<\/p>\n<p>        <img decoding=\"async\" id=\"25853366\" src=\"https:\/\/www.europesays.com\/fr\/wp-content\/uploads\/2025\/09\/bordeauxrivedroite-8e7c9eb856b646a08d93a8816da06e60-084642-ph1.jpg\" alt=\"Depuis l\u2019ext\u00e9rieur, vue sur la vall\u00e9e de la Garonne. L\u2019am\u00e9nagement paysager sera termin\u00e9 \u00e0 l\u2019automne.\" itemprop=\"contentURL\"\/><\/p>\n<p>    Depuis l\u2019ext\u00e9rieur, vue sur la vall\u00e9e de la Garonne. L\u2019am\u00e9nagement paysager sera termin\u00e9 \u00e0 l\u2019automne.<\/p>\n<p>M.\u00a0H.<\/p>\n<p>\nUne fois la d\u00e9cision act\u00e9e, il n\u2019y avait plus qu\u2019\u00e0. \u00ab\u00a0C\u2019est un lieu charg\u00e9 d\u2019histoire, \u00e0 proximit\u00e9 de l\u2019ancien couvent et de la salle paroissiale, et un balcon architectural qui domine la vall\u00e9e de la Garonne et le ch\u00e2teau des comtes de Latresne\u00a0\u00bb.<\/p>\n<p>Une toiture en ch\u00e2taignier<\/p>\n<p>Le cabinet Dauphin Architecture a su sentir l\u2019atmosph\u00e8re du lieu et le potentiel du site, selon le maire. Et le r\u00e9sultat peut \u00e9tonner au premier coup d\u2019\u0153il. Une toiture en ch\u00e2taignier, inspir\u00e9e des toits en bardeaux que l\u2019on trouve sur les chalets montagnards. Pas vraiment le style de la Gironde mais\u2026 beaucoup plus durable que des tuiles, plus r\u00e9sistante aux intemp\u00e9ries et offrant une meilleure isolation, optimis\u00e9e par l\u2019usage de paille naturelle souffl\u00e9e.<\/p>\n<p>Et le maire de lister la liste des composants \u00e9cologiques ou en tout cas \u00e0 faible impact environnemental\u00a0: laine de bois, laine v\u00e9g\u00e9tale, ouate de cellulose, b\u00e9ton bas carbone. Co\u00fbt total du chantier\u00a0: 3,45\u00a0millions d\u2019euros TTC, dont 736\u00a0000\u00a0euros de subventions (\u00c9tat, 530\u00a0000\u00a0euros\u00a0; D\u00e9partement, 88\u00a0000\u00a0euros\u00a0; Feder, 118\u00a0000\u00a0euros).<\/p>\n<p>Depuis lundi, les pas des petits rats se font d\u00e9j\u00e0 entendre. Et un\u00a0! Et deux, Et trois\u00a0! Et quatre\u00a0!<\/p>\n","protected":false},"excerpt":{"rendered":"La r\u00e9flexion avait \u00e9t\u00e9 engag\u00e9e en 2017 avant le mandat de l\u2019actuel maire, Ronan Fleho. Huit ans se&hellip;\n","protected":false},"author":2,"featured_media":379289,"comment_status":"","ping_status":"","sticky":false,"template":"","format":"standard","meta":{"footnotes":""},"categories":[2817],"tags":[1111,11,1997,1777,674,1011,27,12,2219,25],"class_list":{"0":"post-379288","1":"post","2":"type-post","3":"status-publish","4":"format-standard","5":"has-post-thumbnail","7":"category-bordeaux","8":"tag-actu","9":"tag-actualites","10":"tag-bordeaux","11":"tag-eu","12":"tag-europe","13":"tag-fr","14":"tag-france","15":"tag-news","16":"tag-nouvelle-aquitaine","17":"tag-republique-francaise"},"share_on_mastodon":{"url":"https:\/\/pubeurope.com\/@fr\/115177874466185374","error":""},"_links":{"self":[{"href":"https:\/\/www.europesays.com\/fr\/wp-json\/wp\/v2\/posts\/379288","targetHints":{"allow":["GET"]}}],"collection":[{"href":"https:\/\/www.europesays.com\/fr\/wp-json\/wp\/v2\/posts"}],"about":[{"href":"https:\/\/www.europesays.com\/fr\/wp-json\/wp\/v2\/types\/post"}],"author":[{"embeddable":true,"href":"https:\/\/www.europesays.com\/fr\/wp-json\/wp\/v2\/users\/2"}],"replies":[{"embeddable":true,"href":"https:\/\/www.europesays.com\/fr\/wp-json\/wp\/v2\/comments?post=379288"}],"version-history":[{"count":0,"href":"https:\/\/www.europesays.com\/fr\/wp-json\/wp\/v2\/posts\/379288\/revisions"}],"wp:featuredmedia":[{"embeddable":true,"href":"https:\/\/www.europesays.com\/fr\/wp-json\/wp\/v2\/media\/379289"}],"wp:attachment":[{"href":"https:\/\/www.europesays.com\/fr\/wp-json\/wp\/v2\/media?parent=379288"}],"wp:term":[{"taxonomy":"category","embeddable":true,"href":"https:\/\/www.europesays.com\/fr\/wp-json\/wp\/v2\/categories?post=379288"},{"taxonomy":"post_tag","embeddable":true,"href":"https:\/\/www.europesays.com\/fr\/wp-json\/wp\/v2\/tags?post=379288"}],"curies":[{"name":"wp","href":"https:\/\/api.w.org\/{rel}","templated":true}]}}