{"id":37929,"date":"2025-04-20T03:57:08","date_gmt":"2025-04-20T03:57:08","guid":{"rendered":"https:\/\/www.europesays.com\/fr\/37929\/"},"modified":"2025-04-20T03:57:08","modified_gmt":"2025-04-20T03:57:08","slug":"exclusif-apres-la-mairie-de-paris-anne-hidalgo-vise-lonu","status":"publish","type":"post","link":"https:\/\/www.europesays.com\/fr\/37929\/","title":{"rendered":"EXCLUSIF. Apr\u00e8s la mairie de Paris, Anne Hidalgo vise l\u2019ONU"},"content":{"rendered":"<p>\u00c0 l&rsquo;H\u00f4tel de Ville, ce n&rsquo;est plus un secret pour personne. Lorsqu&rsquo;elle quittera la mairie de Paris au printemps 2026, <a href=\"https:\/\/www.latribune.fr\/regions\/ile-de-france\/paris-en-2025-anne-hidalgo-veut-accelerer-ses-projets-1015954.html\" target=\"_blank\" rel=\"noopener\">Anne Hidalgo<\/a> prendra la direction d&rsquo;une organisation internationale. Mais la socialiste est toujours rest\u00e9e floue sur ses intentions r\u00e9elles. La maire de Paris est pass\u00e9e \u00e0 la vitesse sup\u00e9rieure et vise d\u00e9sormais la t\u00eate du Haut-Commissariat des Nations unies pour les r\u00e9fugi\u00e9s. <\/p>\n<p>Elle a demand\u00e9 discr\u00e8tement le soutien d&rsquo;Emmanuel Macron, duquel elle s&rsquo;est rapproch\u00e9e lors des <a href=\"https:\/\/www.latribune.fr\/economie\/france\/le-pib-francais-tire-par-les-jeux-olympiques-1012605.html\" target=\"_blank\" rel=\"noopener\">Jeux olympiques<\/a> de Paris. \u00ab\u202fElle est tr\u00e8s int\u00e9ress\u00e9e par le poste et s&rsquo;active pour faire avancer sa candidature au plus haut niveau\u202f\u00bb, confie un diplomate proche du pr\u00e9sident. L&rsquo;affaire a \u00e9t\u00e9 men\u00e9e dans la plus grande discr\u00e9tion depuis que la socialiste a annonc\u00e9, en novembre dernier, qu&rsquo;elle <a href=\"https:\/\/www.latribune.fr\/regions\/ile-de-france\/coup-de-tonnerre-anne-hidalgo-ne-se-representera-pas-a-la-mairie-de-paris-en-2026-1012328.html\" target=\"_blank\" rel=\"noopener\">ne solliciterait pas de troisi\u00e8me mandat<\/a> \u00e0 la t\u00eate de la capitale.<\/p>\n","protected":false},"excerpt":{"rendered":"\u00c0 l&rsquo;H\u00f4tel de Ville, ce n&rsquo;est plus un secret pour personne. Lorsqu&rsquo;elle quittera la mairie de Paris au&hellip;\n","protected":false},"author":2,"featured_media":37930,"comment_status":"","ping_status":"","sticky":false,"template":"","format":"standard","meta":{"footnotes":""},"categories":[1888],"tags":[17,11,12010,150,1777,674,3384,1011,27,12011,3102,5415,12,626,25,575],"class_list":{"0":"post-37929","1":"post","2":"type-post","3":"status-publish","4":"format-standard","5":"has-post-thumbnail","7":"category-paris","8":"tag-17","9":"tag-actualites","10":"tag-anne","11":"tag-apres","12":"tag-eu","13":"tag-europe","14":"tag-exclusif","15":"tag-fr","16":"tag-france","17":"tag-hidalgo","18":"tag-la-tribune-dimanche","19":"tag-mairie","20":"tag-news","21":"tag-paris","22":"tag-republique-francaise","23":"tag-vise"},"share_on_mastodon":{"url":"https:\/\/pubeurope.com\/@fr\/114368285612036850","error":""},"_links":{"self":[{"href":"https:\/\/www.europesays.com\/fr\/wp-json\/wp\/v2\/posts\/37929","targetHints":{"allow":["GET"]}}],"collection":[{"href":"https:\/\/www.europesays.com\/fr\/wp-json\/wp\/v2\/posts"}],"about":[{"href":"https:\/\/www.europesays.com\/fr\/wp-json\/wp\/v2\/types\/post"}],"author":[{"embeddable":true,"href":"https:\/\/www.europesays.com\/fr\/wp-json\/wp\/v2\/users\/2"}],"replies":[{"embeddable":true,"href":"https:\/\/www.europesays.com\/fr\/wp-json\/wp\/v2\/comments?post=37929"}],"version-history":[{"count":0,"href":"https:\/\/www.europesays.com\/fr\/wp-json\/wp\/v2\/posts\/37929\/revisions"}],"wp:featuredmedia":[{"embeddable":true,"href":"https:\/\/www.europesays.com\/fr\/wp-json\/wp\/v2\/media\/37930"}],"wp:attachment":[{"href":"https:\/\/www.europesays.com\/fr\/wp-json\/wp\/v2\/media?parent=37929"}],"wp:term":[{"taxonomy":"category","embeddable":true,"href":"https:\/\/www.europesays.com\/fr\/wp-json\/wp\/v2\/categories?post=37929"},{"taxonomy":"post_tag","embeddable":true,"href":"https:\/\/www.europesays.com\/fr\/wp-json\/wp\/v2\/tags?post=37929"}],"curies":[{"name":"wp","href":"https:\/\/api.w.org\/{rel}","templated":true}]}}