{"id":379290,"date":"2025-09-10T03:27:22","date_gmt":"2025-09-10T03:27:22","guid":{"rendered":"https:\/\/www.europesays.com\/fr\/379290\/"},"modified":"2025-09-10T03:27:22","modified_gmt":"2025-09-10T03:27:22","slug":"girondins-el-hajjam-arrive-comment-bordeaux-a-contourne-lobstacle-dncg-pour-son-salaire","status":"publish","type":"post","link":"https:\/\/www.europesays.com\/fr\/379290\/","title":{"rendered":"Girondins : El Hajjam arrive, comment Bordeaux a contourn\u00e9 l&rsquo;obstacle DNCG pour son salaire"},"content":{"rendered":"<p><img decoding=\"async\" src=\"https:\/\/www.europesays.com\/fr\/wp-content\/uploads\/2025\/09\/671_6538fdac2916e7c2d2f938f2adc192c3.jpg\" alt=\"Girondins : El Hajjam arrive, comment Bordeaux a contourn\u00e9 l'obstacle DNCG pour son salaire\" class=\"img-responsive mt-3\"\/><\/p>\n<p class=\"text-center mb-3\" style=\"font-size: 14px\">\u00a9 Iconsport<\/p>\n<p>      <strong>L&rsquo;arriv\u00e9e d&rsquo;El Hajjam, un casse-t\u00eate financier qui part d&rsquo;une blessure<\/strong><\/p>\n<p style=\"text-align: justify;\">Avec pr\u00e8s de 200 matchs de Ligue 1 et Ligue 2 \u00e0 son actif, la signature de <a href=\"https:\/\/www.webgirondins.com\/actualite-mercato-girondins-qui-est-oualid-el-hajjam-la-solution-defensive-de-bordeaux-130346\" target=\"_blank\" rel=\"noopener\">Oualid El Hajjam aux Girondins de Bordeaux<\/a> a surpris plus d&rsquo;un observateur. \u00c0 34 ans, le d\u00e9fenseur ne semblait pas destin\u00e9 \u00e0 \u00e9voluer en National 2. Pourtant, malgr\u00e9 les contraintes strictes impos\u00e9es par la DNCG sur la masse salariale, le club a r\u00e9ussi \u00e0 attirer ce joueur dont le salaire au Havre (HAC) \u00e9tait estim\u00e9 \u00e0 35 000 \u20ac brut par mois (Source : <a href=\"https:\/\/www.lequipe.fr\/Football\/Actualites\/Les-salaires-de-la-ligue-1-2025-le-havre-ne-distribue-aucune-prime-de-but-ni-de-passe-decisive\/1549535\" target=\"_blank\" rel=\"noopener\">L&rsquo;\u00c9quipe<\/a>, mars 2025).<\/p>\n<p style=\"text-align: justify;\">Comment les Girondins, sous encadrement de leur masse salariale par la DNCG et en p\u00e9riode d&rsquo;observation suite \u00e0 leur plan de continuation, ont-ils pu r\u00e9aliser cet exploit financier ? La r\u00e9ponse se trouve du c\u00f4t\u00e9 de l&rsquo;infirmerie.<\/p>\n<p><strong>Une place lib\u00e9r\u00e9e gr\u00e2ce \u00e0 l&rsquo;assurance maladie<\/strong><\/p>\n<p style=\"text-align: justify;\">Jusqu&rsquo;\u00e0 r\u00e9cemment, l&rsquo;arriv\u00e9e de nouveaux joueurs semblait conditionn\u00e9e au d\u00e9part d&rsquo;\u00e9l\u00e9ments comme Yanis Merdji ou \u00c9tienne Beugre. Mais le directeur g\u00e9n\u00e9ral Arnaud Saint-Andr\u00e9 a trouv\u00e9 une solution pour int\u00e9grer El Hajjam dans la masse salariale du club.<\/p>\n<p style=\"text-align: justify;\">Le quotidien <a href=\"https:\/\/www.sudouest.fr\/sport\/football\/girondins-de-bordeaux-le-defenseur-oualid-el-hajjam-a-signe-25853900.php\" target=\"_blank\" rel=\"noopener\">Sud-Ouest<\/a> r\u00e9v\u00e8le que le recrutement a \u00e9t\u00e9 rendu possible par la prise en charge, par l&rsquo;assurance maladie, du salaire de Nadjib Ciss\u00e9. Ce d\u00e9fenseur, recrut\u00e9 pour deux saisons cet \u00e9t\u00e9, a \u00e9t\u00e9 victime d&rsquo;une rupture des ligaments crois\u00e9s du genou. Son absence, qui pourrait durer jusqu&rsquo;au printemps 2026, a ainsi all\u00e9g\u00e9 le budget salarial du club, lib\u00e9rant la marge de man\u0153uvre n\u00e9cessaire.<\/p>\n<p style=\"text-align: justify;\">C&rsquo;est donc la prise en charge du salaire de Nadjib Ciss\u00e9 par la S\u00e9curit\u00e9 sociale qui permet aux Girondins de financer la r\u00e9mun\u00e9ration d&rsquo;Oualid El Hajjam.<\/p>\n<p><strong>Un salaire adapt\u00e9 \u00e0 la nouvelle r\u00e9alit\u00e9 du club<\/strong><\/p>\n<p style=\"text-align: justify;\">Avec un salaire de 35 000 \u20ac brut par mois au HAC, El Hajjam a \u00e9galement d\u00fb s&rsquo;adapter \u00e0 la nouvelle r\u00e9alit\u00e9 financi\u00e8re des Girondins. En National 2, le club a mis en place un salary cap de 5 000 \u20ac brut mensuel. Il est donc tr\u00e8s probable que le salaire de la nouvelle recrue s&rsquo;aligne sur ce plafond, le calant potentiellement sur celui lib\u00e9r\u00e9 par Nadjib Ciss\u00e9.<\/p>\n<p style=\"text-align: justify;\">En conclusion, la blessure de Nadjib Ciss\u00e9 et le salary cap appliqu\u00e9 par le club ont \u00e9t\u00e9 les deux facteurs d\u00e9terminants pour rendre ce transfert \u00e9conomiquement viable. Une op\u00e9ration qui montre comment le club s&rsquo;adapte \u00e0 sa situation financi\u00e8re pour renforcer son effectif.<\/p>\n<p>\u00c0 lire aussi : <strong><a href=\"https:\/\/www.webgirondins.com\/actualite-girondins-girondins-el-hajjam-signe-mais-ne-s-entraine-pas-encore-openda-absent-130360\" target=\"_blank\" rel=\"noopener\">El-Hajjam signe, mais ne s&rsquo;entra\u00eene pas encore, Openda absent<\/a><\/strong><\/p>\n<p>Notre podcast court :<\/p>\n<p>\u00a0<\/p>\n","protected":false},"excerpt":{"rendered":"\u00a9 Iconsport L&rsquo;arriv\u00e9e d&rsquo;El Hajjam, un casse-t\u00eate financier qui part d&rsquo;une blessure Avec pr\u00e8s de 200 matchs de&hellip;\n","protected":false},"author":2,"featured_media":379291,"comment_status":"","ping_status":"","sticky":false,"template":"","format":"standard","meta":{"footnotes":""},"categories":[2817],"tags":[1111,11,15200,9237,1431,1997,3477,20,51275,3474,15013,16007,19747,1777,674,4666,1011,27,1987,4567,50996,3238,12,2219,51276,1476,50995,2037,471,17939,51278,25,51279,14099,51277],"class_list":{"0":"post-379290","1":"post","2":"type-post","3":"status-publish","4":"format-standard","5":"has-post-thumbnail","7":"category-bordeaux","8":"tag-actu","9":"tag-actualites","10":"tag-arrive","11":"tag-arrivee","12":"tag-blessure","13":"tag-bordeaux","14":"tag-cette","15":"tag-comment","16":"tag-contourne","17":"tag-decouvrez","18":"tag-defenseur","19":"tag-dessous","20":"tag-dncg","21":"tag-eu","22":"tag-europe","23":"tag-financiere","24":"tag-fr","25":"tag-france","26":"tag-girondins","27":"tag-grace","28":"tag-hajjam","29":"tag-national","30":"tag-news","31":"tag-nouvelle-aquitaine","32":"tag-obstacle","33":"tag-operation","34":"tag-oualid","35":"tag-possible","36":"tag-pour","37":"tag-rejoint","38":"tag-rendue","39":"tag-republique-francaise","40":"tag-rusee","41":"tag-salaire","42":"tag-surprenante"},"share_on_mastodon":{"url":"https:\/\/pubeurope.com\/@fr\/115177880571667823","error":""},"_links":{"self":[{"href":"https:\/\/www.europesays.com\/fr\/wp-json\/wp\/v2\/posts\/379290","targetHints":{"allow":["GET"]}}],"collection":[{"href":"https:\/\/www.europesays.com\/fr\/wp-json\/wp\/v2\/posts"}],"about":[{"href":"https:\/\/www.europesays.com\/fr\/wp-json\/wp\/v2\/types\/post"}],"author":[{"embeddable":true,"href":"https:\/\/www.europesays.com\/fr\/wp-json\/wp\/v2\/users\/2"}],"replies":[{"embeddable":true,"href":"https:\/\/www.europesays.com\/fr\/wp-json\/wp\/v2\/comments?post=379290"}],"version-history":[{"count":0,"href":"https:\/\/www.europesays.com\/fr\/wp-json\/wp\/v2\/posts\/379290\/revisions"}],"wp:featuredmedia":[{"embeddable":true,"href":"https:\/\/www.europesays.com\/fr\/wp-json\/wp\/v2\/media\/379291"}],"wp:attachment":[{"href":"https:\/\/www.europesays.com\/fr\/wp-json\/wp\/v2\/media?parent=379290"}],"wp:term":[{"taxonomy":"category","embeddable":true,"href":"https:\/\/www.europesays.com\/fr\/wp-json\/wp\/v2\/categories?post=379290"},{"taxonomy":"post_tag","embeddable":true,"href":"https:\/\/www.europesays.com\/fr\/wp-json\/wp\/v2\/tags?post=379290"}],"curies":[{"name":"wp","href":"https:\/\/api.w.org\/{rel}","templated":true}]}}