{"id":379294,"date":"2025-09-10T03:29:11","date_gmt":"2025-09-10T03:29:11","guid":{"rendered":"https:\/\/www.europesays.com\/fr\/379294\/"},"modified":"2025-09-10T03:29:11","modified_gmt":"2025-09-10T03:29:11","slug":"en-direct-bloquons-tout-la-mobilisation-du-10-septembre-dans-le-midi-toulousain","status":"publish","type":"post","link":"https:\/\/www.europesays.com\/fr\/379294\/","title":{"rendered":"EN DIRECT &#8211; \u00ab\u00a0Bloquons tout\u00a0\u00bb : la mobilisation du 10 septembre dans le Midi toulousain"},"content":{"rendered":"<p>Des appels \u00e0 \u00ab\u00a0tout bloquer\u00a0\u00bb dans le pays ce mercredi 10 septembre 2025 ont \u00e9t\u00e9 lanc\u00e9s depuis cet \u00e9t\u00e9 sur les r\u00e9seaux sociaux en r\u00e9ponse aux \u00e9conomies voulues par le gouvernement. Le point sur le mouvement et la mobilisation autour de Toulouse.<\/p>\n<p>Gr\u00e8ves, fermetures de commerces, boycott de la consommation, manifestations, blocages d&rsquo;\u00e9tablissements scolaires, de routes et\/ou de sites strat\u00e9giques\u00a0: le mouvement citoyen <a class=\"IciLink ici-link IciArticleLink g-ici-body-regular-1 underline brand svelte-lu7k6w\" href=\"https:\/\/www.francebleu.fr\/infos\/rendez-vous\/mobilisation-du-10-septembre-ce-que-l-on-sait-des-actions-prevues-dans-le-midi-toulousain-2066238\" rel=\"nofollow noopener\" target=\"_blank\">\u00ab\u00a0Bloquons tout\u00a0\u00bb<\/a>\u00a0du 10 septembre est prot\u00e9iforme et diff\u00e9rents appels ont \u00e9t\u00e9 lanc\u00e9s ces derni\u00e8res semaines sur les r\u00e9seaux sociaux, sans que quiconque puisse pr\u00e9voir l&rsquo;ampleur de la mobilisation. Le point autour de Toulouse.<\/p>\n<p>L&rsquo;essentiel<\/p>\n<ul>\n<li>Des rassemblement sont pr\u00e9vus sur diff\u00e9rents ronds-points et lieux embl\u00e9matiques \u00e0 Toulouse, Muret et Saint-Gaudens<\/li>\n<li>Plusieurs lyc\u00e9es doivent \u00eatre cibl\u00e9s par des blocages\u00a0:\u00a0Ar\u00e8nes, Saint-Sernin et D\u00e9odat de S\u00e9verac<\/li>\n<li>Une grande manifestation est pr\u00e9vue \u00e0 Toulouse \u00e0 14h 30 au d\u00e9part de Jean-Jaur\u00e8s.<\/li>\n<li><a class=\"IciLink ici-link IciArticleLink g-ici-body-regular-1 underline brand svelte-lu7k6w\" href=\"https:\/\/www.francebleu.fr\/infos\/economie-social\/face-a-l-operation-chariots-gratuits-les-supermarches-d-occitanie-se-disent-vigilants-1660153\" rel=\"nofollow noopener\" target=\"_blank\">Les supermarch\u00e9s d&rsquo;Occitanie restent vigilants<\/a>\u00a0face avant l&rsquo;op\u00e9ration \u00ab\u00a0chariots gratuits\u00a0\u00bb<\/li>\n<li><a class=\"IciLink ici-link IciArticleLink g-ici-body-regular-1 underline brand svelte-lu7k6w\" href=\"https:\/\/www.francebleu.fr\/infos\/societe\/bloquons-tout-des-crs-en-renfort-a-toulouse-1899087\" rel=\"nofollow noopener\" target=\"_blank\">Des CRS arrivent en renfort<\/a>\u00a0\u00e0 Toulouse<\/li>\n<\/ul>\n<p>La mobilisation<\/p>\n<p>Les autorit\u00e9s s&rsquo;attendent ce mercredi \u00e0 des actions diverses allant de blocages de gares, de raffineries, d&rsquo;axes de circulation, \u00e0 des op\u00e9rations de sabotages de radars automatiques ou des manifestations classiques. Les services de renseignements soulignent la difficult\u00e9 \u00e0 anticiper un mouvement \u00ab\u00a0horizontal\u00a0\u00bb et sans chef.<\/p>\n<p>\u00c0 lire aussi   <img decoding=\"async\" src=\"https:\/\/www.europesays.com\/fr\/wp-content\/uploads\/2025\/09\/1757474951_691_560x315\" alt=\"Environ 200 personnes se sont rassembl\u00e9es \u00e0 l'AG du mouvement &quot;Bloquons tout&quot; \u00e0 Toulouse au jardin des Abattoirs ce dimanche 6 septembre.\" style=\"--_image-preview:url('data:image\/jpeg;base64,\/9j\/2wBDACgcHiMeGSgjISMtKygwPGRBPDc3PHtYXUlkkYCZlo+AjIqgtObDoKrarYqMyP\/L2u71\/\/\/\/m8H\/\/\/\/6\/+b9\/\/j\/2wBDASstLTw1PHZBQXb4pYyl+Pj4+Pj4+Pj4+Pj4+Pj4+Pj4+Pj4+Pj4+Pj4+Pj4+Pj4+Pj4+Pj4+Pj4+Pj4+Pj4+Pj\/wAARCAAXACoDASIAAhEBAxEB\/8QAGAABAQEBAQAAAAAAAAAAAAAAAAEDAgT\/xAAYEAEBAQEBAAAAAAAAAAAAAAAAARECEv\/EABcBAAMBAAAAAAAAAAAAAAAAAAABAgP\/xAAXEQEBAQEAAAAAAAAAAAAAAAAAARES\/9oADAMBAAIRAxEAPwDzrDFxmHXNa89MY7lVKTedL6YyuvS+ixl5MBgoxcAyUA9D\/9k=');\" loading=\"lazy\" fetchpriority=\"low\" aria-hidden=\"true\" class=\"svelte-1pnmlwx rounded\" onload=\"this.__e=event\" onerror=\"this.__e=event\"\/><\/p>\n","protected":false},"excerpt":{"rendered":"Des appels \u00e0 \u00ab\u00a0tout bloquer\u00a0\u00bb dans le pays ce mercredi 10 septembre 2025 ont \u00e9t\u00e9 lanc\u00e9s depuis cet&hellip;\n","protected":false},"author":2,"featured_media":379295,"comment_status":"","ping_status":"","sticky":false,"template":"","format":"standard","meta":{"footnotes":""},"categories":[2816],"tags":[1111,11,1777,674,1011,27,12,2680,25,2312],"class_list":{"0":"post-379294","1":"post","2":"type-post","3":"status-publish","4":"format-standard","5":"has-post-thumbnail","7":"category-toulouse","8":"tag-actu","9":"tag-actualites","10":"tag-eu","11":"tag-europe","12":"tag-fr","13":"tag-france","14":"tag-news","15":"tag-occitanie","16":"tag-republique-francaise","17":"tag-toulouse"},"share_on_mastodon":{"url":"","error":""},"_links":{"self":[{"href":"https:\/\/www.europesays.com\/fr\/wp-json\/wp\/v2\/posts\/379294","targetHints":{"allow":["GET"]}}],"collection":[{"href":"https:\/\/www.europesays.com\/fr\/wp-json\/wp\/v2\/posts"}],"about":[{"href":"https:\/\/www.europesays.com\/fr\/wp-json\/wp\/v2\/types\/post"}],"author":[{"embeddable":true,"href":"https:\/\/www.europesays.com\/fr\/wp-json\/wp\/v2\/users\/2"}],"replies":[{"embeddable":true,"href":"https:\/\/www.europesays.com\/fr\/wp-json\/wp\/v2\/comments?post=379294"}],"version-history":[{"count":0,"href":"https:\/\/www.europesays.com\/fr\/wp-json\/wp\/v2\/posts\/379294\/revisions"}],"wp:featuredmedia":[{"embeddable":true,"href":"https:\/\/www.europesays.com\/fr\/wp-json\/wp\/v2\/media\/379295"}],"wp:attachment":[{"href":"https:\/\/www.europesays.com\/fr\/wp-json\/wp\/v2\/media?parent=379294"}],"wp:term":[{"taxonomy":"category","embeddable":true,"href":"https:\/\/www.europesays.com\/fr\/wp-json\/wp\/v2\/categories?post=379294"},{"taxonomy":"post_tag","embeddable":true,"href":"https:\/\/www.europesays.com\/fr\/wp-json\/wp\/v2\/tags?post=379294"}],"curies":[{"name":"wp","href":"https:\/\/api.w.org\/{rel}","templated":true}]}}