{"id":379296,"date":"2025-09-10T03:31:31","date_gmt":"2025-09-10T03:31:31","guid":{"rendered":"https:\/\/www.europesays.com\/fr\/379296\/"},"modified":"2025-09-10T03:31:31","modified_gmt":"2025-09-10T03:31:31","slug":"mouvement-du-10-septembre-plusieurs-etablissements-de-lille-font-greve-09-09-2025","status":"publish","type":"post","link":"https:\/\/www.europesays.com\/fr\/379296\/","title":{"rendered":"Mouvement du 10 septembre : plusieurs \u00e9tablissements de Lille font gr\u00e8ve &#8211; 09\/09\/2025"},"content":{"rendered":"<p>En soutien au mouvement citoyen \u00ab\u00a0Bloquons tout\u00a0\u00bb, plusieurs \u00e9tablissements lillois ont d\u00e9cid\u00e9 de faire gr\u00e8ve ce mercredi 10 septembre. Si la plupart sont ferm\u00e9s, d&rsquo;autres ont d\u00e9cid\u00e9 de rester ouverts mais dans une configuration particuli\u00e8re. On vous d\u00e9taille \u00e7a.<\/p>\n<p>\u00ab\u00a0Bref. Le mercredi 10 septembre on ferme.\u00a0\u00bb Dans un <a target=\"_blank\" href=\"https:\/\/www.instagram.com\/lesoiseaux\/\" rel=\"nofollow noopener\">post<\/a>\u00a0publi\u00e9 sur Instagram, le resto-bar collaboratif <b>Les Oiseaux<\/b> explique toutes les raisons qui le poussent \u00e0 baisser le rideau, en soutien au mouvement citoyen \u00ab\u00a0Bloquons tout\u00a0\u00bb, qui appelle \u00e0 une gr\u00e8ve g\u00e9n\u00e9rale dans tout le pays, ce mercredi.<\/p>\n<p>\u00ab\u00a0Ce ne sont, si on continue d&rsquo;aller dans le sens d&rsquo;une soci\u00e9t\u00e9 ultra lib\u00e9rale et capitaliste (les mots sont l\u00e2ch\u00e9s), que les tr\u00e8s gros qui arriveront \u00e0 survivre [&#8230;] Nous avons malheureusement peur que ce monde se dirige, au pire moment, vers un monde qui favorise la rentabilit\u00e9 au vivant\u00a0\u00bb, \u00e9crit le spot de la rue d&rsquo;Inkermann.<\/p>\n<p>Au moins 10 \u00e9tablissements lillois concern\u00e9s<\/p>\n<p>Mais ce n&rsquo;est pas le seul \u00e9tablissement de Lille a avoir pris cette d\u00e9cision :\u00a0<b>la librairie f\u00e9ministe l&rsquo;Affranchie, les caf\u00e9s-bars coop\u00e9ratifs Les Sarrazins et le Bus Magique, les bars la Griffe et le Lokarria, la micro-brasserie Le Singe Savant, la friperie solidaire Ephatha&#8230;<\/b>\u00a0plusieurs \u00e9tablissements n&rsquo;ouvriront pas ce jour-l\u00e0.<\/p>\n<p>\u00ab\u00a0Parce que notre nombre est une force, montrons leurs ce que le collectif peut faire\u00a0\u00bb, \u00e9crit la\u00a0<a target=\"_blank\" href=\"https:\/\/www.instagram.com\/p\/DOVllrJCJCA\/?img_index=1\" rel=\"nofollow noopener\">librairie l&rsquo;Affranchie<\/a><b>\u00a0<\/b>sur ses r\u00e9seaux sociaux. \u00ab\u00a0Il s&rsquo;agit d&rsquo;une fermeture exceptionnelle et symbolique afin de donner de la visibilit\u00e9 \u00e0 un mouvement national non partisan qui souhaite d\u00e9fendre les plus pr\u00e9caires et remettre en question les injustices \u00e9conomiques !\u00a0\u00bb, \u00e9crit la <a target=\"_blank\" href=\"https:\/\/www.instagram.com\/p\/DOX7v4IkwRg\/\" rel=\"nofollow noopener\">friperie solidaire lilloise<\/a>.<\/p>\n<p>Le\u00a0<a target=\"_blank\" href=\"https:\/\/www.instagram.com\/p\/DOYFOVsCtGe\/\" rel=\"nofollow noopener\"><b>Caf\u00e9 Citoyen<\/b><\/a>, sera quant \u00e0 lui ferm\u00e9 jusqu&rsquo;\u00e0 la fin de la manifestation lilloise (ci-dessous). \u00ab\u00a0On rouvre apr\u00e8s parce qu&rsquo;on veut continuer d&rsquo;\u00eatre un lieu de rencontres et d&rsquo;\u00e9changes,\u00a0explique Manu, la co-g\u00e9rante.\u00a0Et les b\u00e9n\u00e9fices seront revers\u00e9s \u00e0 une caisse de gr\u00e8ve intersyndicale. On veut lutter contre l&rsquo;acc\u00e9l\u00e9ration de la fracture sociale et la pr\u00e9carisation de la population, tout comme le budget Bayrou.\u00a0\u00bb Et pour le paiement en carte bleue ? \u00ab\u00a0On r\u00e2le d\u00e9j\u00e0 toute l&rsquo;ann\u00e9e dessus, ce n&rsquo;est pas aujourd&rsquo;hui qu&rsquo;on acceptera la CB.\u00a0\u00bb Autrement dit, si vous avez encore de la monnaie de la Braderie, c&rsquo;est le moment de la prendre avec soi.\u00a0<\/p>\n<p>Le<a target=\"_blank\" href=\"https:\/\/www.instagram.com\/p\/DOWjTb5Dfno\/\" rel=\"nofollow noopener\">\u00a0<b>Caf\u00e9 La Moulinette<\/b><\/a>, a d\u00e9cid\u00e9 de\u00a0rester ouvert,\u00a0en adaptant ses horaires : de 11h30 \u00e0 14h et de 17h \u00e0 minuit. \u00ab\u00a0Nous serons ouverts pour constituer une caisse de gr\u00e8ve en solidarit\u00e9 avec le mouvement\u00a0\u00bb, explique le caf\u00e9 citoyen et solidaire du boulevard Victor Hugo, qui bloque aussi tout paiement en carte bancaire.<\/p>\n<p>  Quelle ampleur \u00e0 Lille ?<\/p>\n<p>Difficile de vous dire l&rsquo;ampleur que va prendre ce mouvement \u00ab\u00a0Bloquons tout\u00a0\u00bb \u00e0 Lille. Plusieurs appels \u00e0 la gr\u00e8ve ont \u00e9t\u00e9 lanc\u00e9s, qui pourraient faire ralentir plusieurs services comme ceux des h\u00f4pitaux.\u00a0<\/p>\n<p>Ce qui est s\u00fbr, c&rsquo;est qu&rsquo;une manifestation qui a le soutien de la CGT, est organis\u00e9e \u00e0<b> 14h30 \u00e0 la Porte de Paris<\/b>. Plusieurs syndicats \u00e9tudiants ont appel\u00e9 \u00e0 y participer, mais aucun n&rsquo;indique un quelconque blocage des campus de l&rsquo;Universit\u00e9 de Lille. \u00ab\u00a0Il y a des groupes Telegram qui essayent d&rsquo;en organiser\u00a0\u00bb, nous indique cependant une de nos sources \u00e9tudiantes (information qu&rsquo;on a pu confirm\u00e9).<\/p>\n<p>C\u00f4t\u00e9 transports,\u00a0<a target=\"_blank\" href=\"https:\/\/x.com\/TERHDF\/status\/1965068038308536813\" rel=\"nofollow\">la SNCF<\/a>\u00a0a indiqu\u00e9 de\u00a0<b>\u00ab\u00a0fortes perturbations\u00a0\u00bb sur le r\u00e9seau TER<\/b>\u00a0Hauts-de-France, avec un train sur 4 pour les lignes du Nord-Pas-de-Calais. Les horaires des trains seront mis en ligne ce mardi \u00e0 17h. Pour\u00a0<a target=\"_blank\" href=\"https:\/\/x.com\/unsa_ilevia\/status\/1963868560452718975\" rel=\"nofollow\">Il\u00e9via<\/a>, \u00ab\u00a0les conf\u00e9d\u00e9rations syndicales nationales ont choisi de ne pas interf\u00e9rer avec le mouvement populaire\u00a0\u00bb, pr\u00e9f\u00e9rant faire gr\u00e8ve le 18 septembre.\u00a0La circulation routi\u00e8re pourrait aussi \u00eatre impact\u00e9e, notamment sur les autoroutes A1 et A25. Reste \u00e0 savoir si les appels aux blocages porteront leurs fruits ce mercredi.\u00a0<\/p>\n<p>    <script async src=\"\/\/www.instagram.com\/embed.js\"><\/script><\/p>\n","protected":false},"excerpt":{"rendered":"En soutien au mouvement citoyen \u00ab\u00a0Bloquons tout\u00a0\u00bb, plusieurs \u00e9tablissements lillois ont d\u00e9cid\u00e9 de faire gr\u00e8ve ce mercredi 10&hellip;\n","protected":false},"author":2,"featured_media":379297,"comment_status":"","ping_status":"","sticky":false,"template":"","format":"standard","meta":{"footnotes":""},"categories":[2815],"tags":[1111,11,1777,674,1011,27,811,1307,12,25],"class_list":{"0":"post-379296","1":"post","2":"type-post","3":"status-publish","4":"format-standard","5":"has-post-thumbnail","7":"category-lille","8":"tag-actu","9":"tag-actualites","10":"tag-eu","11":"tag-europe","12":"tag-fr","13":"tag-france","14":"tag-hauts-de-france","15":"tag-lille","16":"tag-news","17":"tag-republique-francaise"},"share_on_mastodon":{"url":"https:\/\/pubeurope.com\/@fr\/115177893610340304","error":""},"_links":{"self":[{"href":"https:\/\/www.europesays.com\/fr\/wp-json\/wp\/v2\/posts\/379296","targetHints":{"allow":["GET"]}}],"collection":[{"href":"https:\/\/www.europesays.com\/fr\/wp-json\/wp\/v2\/posts"}],"about":[{"href":"https:\/\/www.europesays.com\/fr\/wp-json\/wp\/v2\/types\/post"}],"author":[{"embeddable":true,"href":"https:\/\/www.europesays.com\/fr\/wp-json\/wp\/v2\/users\/2"}],"replies":[{"embeddable":true,"href":"https:\/\/www.europesays.com\/fr\/wp-json\/wp\/v2\/comments?post=379296"}],"version-history":[{"count":0,"href":"https:\/\/www.europesays.com\/fr\/wp-json\/wp\/v2\/posts\/379296\/revisions"}],"wp:featuredmedia":[{"embeddable":true,"href":"https:\/\/www.europesays.com\/fr\/wp-json\/wp\/v2\/media\/379297"}],"wp:attachment":[{"href":"https:\/\/www.europesays.com\/fr\/wp-json\/wp\/v2\/media?parent=379296"}],"wp:term":[{"taxonomy":"category","embeddable":true,"href":"https:\/\/www.europesays.com\/fr\/wp-json\/wp\/v2\/categories?post=379296"},{"taxonomy":"post_tag","embeddable":true,"href":"https:\/\/www.europesays.com\/fr\/wp-json\/wp\/v2\/tags?post=379296"}],"curies":[{"name":"wp","href":"https:\/\/api.w.org\/{rel}","templated":true}]}}