{"id":379298,"date":"2025-09-10T03:32:17","date_gmt":"2025-09-10T03:32:17","guid":{"rendered":"https:\/\/www.europesays.com\/fr\/379298\/"},"modified":"2025-09-10T03:32:17","modified_gmt":"2025-09-10T03:32:17","slug":"la-preparation-militaire-marine-pmm-daix-en-provence-recrute-ville-de-saint-remy-de-provence","status":"publish","type":"post","link":"https:\/\/www.europesays.com\/fr\/379298\/","title":{"rendered":"La Pr\u00e9paration Militaire Marine (PMM) d\u2019Aix-en-Provence recrute \u2013 Ville de Saint-R\u00e9my-de-Provence"},"content":{"rendered":"<p><strong>Le centre de Pr\u00e9paration Militaire Marine (PMM) d\u2019Aix-en-Provence propose une formation citoyenne gratuite destin\u00e9e aux jeunes de 16 \u00e0 21 ans. Elle se d\u00e9roule sur une ann\u00e9e scolaire, \u00e0 raison de quelques samedis par mois, en parall\u00e8le d\u2019un parcours scolaire ou universitaire. La PMM permet de d\u00e9couvrir la Marine nationale, ses missions et les enjeux de la d\u00e9fense, et offre une initiation au monde militaire et maritime.<\/strong><\/p>\n<p>Le programme de la PMM comprend environ 12 samedis de formation (hors vacances scolaires) et 5 jours cons\u00e9cutifs dans le port de Toulon, avec des visites de la base navale, pendant les vacances de la Toussaint. Encadr\u00e9s par des instructeurs r\u00e9servistes ou d\u2019active, les stagiaires d\u00e9couvrent la Marine nationale, ses moyens et ses m\u00e9tiers, et apprennent \u00e0 d\u00e9velopper l\u2019esprit d\u2019\u00e9quipage, la discipline, et le go\u00fbt de l\u2019effort.<br \/>Au terme de l\u2019ann\u00e9e, et sous r\u00e9serve de la r\u00e9ussite au test final, les stagiaires obtiennent un brevet et un insigne PMM attestant du suivi et de la r\u00e9ussite de la formation. \u00c0 l\u2019issue, s\u2019ils le souhaitent et uniquement de leur plein gr\u00e9, ils pourront s\u2019engager comme r\u00e9servistes au sein de la Marine nationale, rejoindre l\u2019arm\u00e9e d\u2019active, ou bien choisir de se consacrer \u00e0 une carri\u00e8re civile.<\/p>\n<p>Pour s\u2019inscrire, il faut \u00eatre de nationalit\u00e9 fran\u00e7aise, avoir entre 16 et 21 ans, \u00eatre recens\u00e9 et m\u00e9dicalement apte.<\/p>\n<p><strong>Renseignements au 04 13 59 48 39<\/strong><\/p>\n<p><img loading=\"lazy\" decoding=\"async\" class=\"size-full wp-image-135735 aligncenter lazyload\" alt=\"\" width=\"640\" height=\"1100\" data-eio=\"p\" src=\"https:\/\/www.europesays.com\/fr\/wp-content\/uploads\/2025\/09\/Centre-de-preparation-militaire-marine.jpg\"  data- data-eio-rwidth=\"640\" data-eio-rheight=\"1100\"\/><\/p>\n","protected":false},"excerpt":{"rendered":"Le centre de Pr\u00e9paration Militaire Marine (PMM) d\u2019Aix-en-Provence propose une formation citoyenne gratuite destin\u00e9e aux jeunes de 16&hellip;\n","protected":false},"author":2,"featured_media":379299,"comment_status":"","ping_status":"","sticky":false,"template":"","format":"standard","meta":{"footnotes":""},"categories":[2814],"tags":[1111,11,1777,674,1011,27,884,12,882,25],"class_list":{"0":"post-379298","1":"post","2":"type-post","3":"status-publish","4":"format-standard","5":"has-post-thumbnail","7":"category-marseille","8":"tag-actu","9":"tag-actualites","10":"tag-eu","11":"tag-europe","12":"tag-fr","13":"tag-france","14":"tag-marseille","15":"tag-news","16":"tag-provence-alpes-cote-dazur","17":"tag-republique-francaise"},"share_on_mastodon":{"url":"https:\/\/pubeurope.com\/@fr\/115177897548620226","error":""},"_links":{"self":[{"href":"https:\/\/www.europesays.com\/fr\/wp-json\/wp\/v2\/posts\/379298","targetHints":{"allow":["GET"]}}],"collection":[{"href":"https:\/\/www.europesays.com\/fr\/wp-json\/wp\/v2\/posts"}],"about":[{"href":"https:\/\/www.europesays.com\/fr\/wp-json\/wp\/v2\/types\/post"}],"author":[{"embeddable":true,"href":"https:\/\/www.europesays.com\/fr\/wp-json\/wp\/v2\/users\/2"}],"replies":[{"embeddable":true,"href":"https:\/\/www.europesays.com\/fr\/wp-json\/wp\/v2\/comments?post=379298"}],"version-history":[{"count":0,"href":"https:\/\/www.europesays.com\/fr\/wp-json\/wp\/v2\/posts\/379298\/revisions"}],"wp:featuredmedia":[{"embeddable":true,"href":"https:\/\/www.europesays.com\/fr\/wp-json\/wp\/v2\/media\/379299"}],"wp:attachment":[{"href":"https:\/\/www.europesays.com\/fr\/wp-json\/wp\/v2\/media?parent=379298"}],"wp:term":[{"taxonomy":"category","embeddable":true,"href":"https:\/\/www.europesays.com\/fr\/wp-json\/wp\/v2\/categories?post=379298"},{"taxonomy":"post_tag","embeddable":true,"href":"https:\/\/www.europesays.com\/fr\/wp-json\/wp\/v2\/tags?post=379298"}],"curies":[{"name":"wp","href":"https:\/\/api.w.org\/{rel}","templated":true}]}}