{"id":379300,"date":"2025-09-10T03:33:11","date_gmt":"2025-09-10T03:33:11","guid":{"rendered":"https:\/\/www.europesays.com\/fr\/379300\/"},"modified":"2025-09-10T03:33:11","modified_gmt":"2025-09-10T03:33:11","slug":"boulogne-sur-gesse-de-marseille-au-comminges-une-citadine-dans-les-champs","status":"publish","type":"post","link":"https:\/\/www.europesays.com\/fr\/379300\/","title":{"rendered":"Boulogne-sur-Gesse. De Marseille au Comminges, une citadine dans les champs"},"content":{"rendered":"<p>Nabor, du GAEC Verdier \u00e0 N\u00e9nigan, fera le d\u00e9placement \u00e0 Boulogne lors des journ\u00e9es du Boulonnais, les 20 et 21 septembre. Cette belle vache limousine sera accompagn\u00e9e de son veau encore en gestation en ce moment. Au bout de la longe, Julie Aleman, une jeune \u00e9leveuse originaire de Marseille, aux racines espagnoles. Lors des derni\u00e8res Journ\u00e9es du Boulonnais en 2022, Julie n\u2019\u00e9tait pas encore install\u00e9e agricultrice. Elle a int\u00e9gr\u00e9 le GAEC en 2023, apr\u00e8s le d\u00e9c\u00e8s du p\u00e8re de C\u00e9dric Verdier qui lui a propos\u00e9 de reprendre les parts. Julie, ins\u00e9minatrice chez COPELSO a saisi l\u2019opportunit\u00e9. Avec C\u00e9dric, ils poss\u00e8dent un \u00e9levage de 95 m\u00e8res essentiellement de race limousine et produisent du veau sous la m\u00e8re, une production dominante dans les fermes des ann\u00e9es \u00ab\u00a060\u00a0\u00bb dans le Comminges. Aujourd\u2019hui, le Boulonnais ne compte gu\u00e8re qu\u2019une dizaine d\u2019\u00e9leveurs. Julie passionn\u00e9e par son m\u00e9tier souhaite mettre la fili\u00e8re en avant et les JDB constituent une belle vitrine. \u00ab\u00a0Cet \u00e9levage peut int\u00e9resser des jeunes car l\u2019investissement de d\u00e9part est moindre\u00a0\u00bb affirme-t-elle.<\/p>\n<p>Cette jeune femme qui a fr\u00e9quent\u00e9 un coll\u00e8ge des quartiers nord de Marseille, s\u2019est ensuite orient\u00e9e vers un bac pro agricole, encourag\u00e9e par sa famille, m\u00eame s\u2019il faut aller chercher un peu loin les racines paysannes du grand-p\u00e8re, \u00e9leveur de chevaux en Espagne. Elle a d\u2019abord obtenu un BTS production animale qu\u2019elle a ensuite compl\u00e9t\u00e9 par un deuxi\u00e8me dipl\u00f4me en production v\u00e9g\u00e9tale dans l\u2019id\u00e9e d\u2019une installation future en polyculture &#8211; \u00e9levage. Le m\u00e9tier d\u2019ins\u00e9minatrice lui a fait c\u00f4toyer de pr\u00e8s l\u2019\u00e9levage du veau sous la m\u00e8re confortant ainsi son souhait. Aujourd\u2019hui, elle ins\u00e9mine elle-m\u00eame le troupeau et le taureau n\u2019est plus dans le pr\u00e9. Elle apporte sa technicit\u00e9 dans ce domaine, compl\u00e9tant ainsi l\u2019exp\u00e9rience de C\u00e9dric.Une installation atypique qui m\u00e9rite un clin d\u2019\u0153il, un exemple pour des jeunes qui ne sont pas issus du monde agricole et qui souhaitent devenir agriculteurs.<\/p>\n","protected":false},"excerpt":{"rendered":"Nabor, du GAEC Verdier \u00e0 N\u00e9nigan, fera le d\u00e9placement \u00e0 Boulogne lors des journ\u00e9es du Boulonnais, les 20&hellip;\n","protected":false},"author":2,"featured_media":379301,"comment_status":"","ping_status":"","sticky":false,"template":"","format":"standard","meta":{"footnotes":""},"categories":[2814],"tags":[1111,11,1777,674,1011,27,884,12,882,25],"class_list":{"0":"post-379300","1":"post","2":"type-post","3":"status-publish","4":"format-standard","5":"has-post-thumbnail","7":"category-marseille","8":"tag-actu","9":"tag-actualites","10":"tag-eu","11":"tag-europe","12":"tag-fr","13":"tag-france","14":"tag-marseille","15":"tag-news","16":"tag-provence-alpes-cote-dazur","17":"tag-republique-francaise"},"share_on_mastodon":{"url":"https:\/\/pubeurope.com\/@fr\/115177901567964868","error":""},"_links":{"self":[{"href":"https:\/\/www.europesays.com\/fr\/wp-json\/wp\/v2\/posts\/379300","targetHints":{"allow":["GET"]}}],"collection":[{"href":"https:\/\/www.europesays.com\/fr\/wp-json\/wp\/v2\/posts"}],"about":[{"href":"https:\/\/www.europesays.com\/fr\/wp-json\/wp\/v2\/types\/post"}],"author":[{"embeddable":true,"href":"https:\/\/www.europesays.com\/fr\/wp-json\/wp\/v2\/users\/2"}],"replies":[{"embeddable":true,"href":"https:\/\/www.europesays.com\/fr\/wp-json\/wp\/v2\/comments?post=379300"}],"version-history":[{"count":0,"href":"https:\/\/www.europesays.com\/fr\/wp-json\/wp\/v2\/posts\/379300\/revisions"}],"wp:featuredmedia":[{"embeddable":true,"href":"https:\/\/www.europesays.com\/fr\/wp-json\/wp\/v2\/media\/379301"}],"wp:attachment":[{"href":"https:\/\/www.europesays.com\/fr\/wp-json\/wp\/v2\/media?parent=379300"}],"wp:term":[{"taxonomy":"category","embeddable":true,"href":"https:\/\/www.europesays.com\/fr\/wp-json\/wp\/v2\/categories?post=379300"},{"taxonomy":"post_tag","embeddable":true,"href":"https:\/\/www.europesays.com\/fr\/wp-json\/wp\/v2\/tags?post=379300"}],"curies":[{"name":"wp","href":"https:\/\/api.w.org\/{rel}","templated":true}]}}