{"id":379302,"date":"2025-09-10T03:34:20","date_gmt":"2025-09-10T03:34:20","guid":{"rendered":"https:\/\/www.europesays.com\/fr\/379302\/"},"modified":"2025-09-10T03:34:20","modified_gmt":"2025-09-10T03:34:20","slug":"on-veut-rester-en-france","status":"publish","type":"post","link":"https:\/\/www.europesays.com\/fr\/379302\/","title":{"rendered":"On veut rester en France"},"content":{"rendered":"<p>            Par<br \/>\n        <strong><br \/>\n            <a href=\"https:\/\/actu.fr\/auteur\/anthony-soudani\" title=\"Consulter tous les articles de Anthony Soudani\" target=\"_blank\" rel=\"noopener\">Anthony Soudani<\/a><br \/>\n        <\/strong><\/p>\n<p>        Publi\u00e9 le<\/p>\n<p>            9 sept. 2025 \u00e0 16h19        <\/p>\n<p>Qui pourrait croire que ce monospace gar\u00e9 dans le 8e arrondissement de <a href=\"https:\/\/actu.fr\/lyon\/\" target=\"_blank\" rel=\"noopener\">Lyon<\/a> est en fait un logement de fortune ? <strong>Mounya, son mari et ses trois enfants habitent dans leur voiture.<\/strong> Cette famille d\u2019Alg\u00e9riens, arriv\u00e9e \u00e0 Ch\u00e2tellerault (Vienne) en France le 10 janvier 2025 avec un visa touristique, vit dans ces conditions depuis le 21 juillet dans la capitale des Gaules. Ici, ils ont rapidement d\u00e9chant\u00e9, comprenant que travailler ou trouver un logement sans papiers sera quasiment mission impossible.\u00a0<br \/>T\u00e9moignages.<\/p>\n<p>Les deux plus jeunes dorment dans le coffre<\/p>\n<p class=\" wall-content\">\u00ab\u00a0Pour se loger ou trouver un endroit o\u00f9 \u00eatre h\u00e9berg\u00e9s, <strong>c\u2019est vraiment catastrophique<\/strong>. Le loyer est tr\u00e8s cher. On est rest\u00e9 dans notre v\u00e9hicule avec les enfants.\u00a0\u00bb Mounya pointe le v\u00e9hicule du doigt. \u00c0 l\u2019int\u00e9rieur, l\u2019a\u00een\u00e9 de 13 ans, le cadet de 11 ans et la benjamine de 7 ans s\u2019occupent tant bien que mal ce vendredi 5 septembre.\u00a0<\/p>\n<p class=\" wall-content\">La voiture, elle, est surcharg\u00e9e. De la nourriture par-ci par-l\u00e0, et, dans le coffre, une sorte de chambre de fortune am\u00e9nag\u00e9e pour les deux plus jeunes. \u00ab\u00a0Nous avons mis une couverture sur des valises qui leur font office de matelas\u00a0\u00bb, commente la m\u00e8re de famille.\u00a0<\/p>\n<p>\u00ab\u00a0Ce n\u2019est pas agr\u00e9able\u2026 On se r\u00e9veille t\u00f4t\u00a0\u00bb<\/p>\n<p class=\" wall-content\">Le plus \u00e2g\u00e9 des trois dort en long sur la banquette arri\u00e8re, tandis que les deux parents \u00ab\u00a0dorment\u00a0\u00bb sur les si\u00e8ges conducteurs et passagers. \u00ab\u00a0Ce n\u2019est pas agr\u00e9able\u2026 On se r\u00e9veille t\u00f4t.\u00a0\u00bb Cet \u00e9t\u00e9, Mounya a m\u00eame fait le choix de dormir sur un banc dehors \u00ab\u00a0pour laisser de la place aux enfants parce qu\u2019il faisait tr\u00e8s chaud\u00a0\u00bb.<\/p>\n<p>    <img   decoding=\"async\" loading=\"lazy\" src=\"https:\/\/www.europesays.com\/fr\/wp-content\/uploads\/2025\/09\/voiture-rue-lyon-famille-960x640.jpg\" alt=\"Les deux plus jeunes enfants dorment sur des valises, dans le coffre de la voiture.\" width=\"960\" height=\"640\"\/><br \/>\n    Les deux plus jeunes enfants dorment sur des valises, dans le coffre de la voiture. (\u00a9Anthony Soudani \/ actu Lyon)<\/p>\n<p class=\" wall-content\">\u00c0 Lyon, les enfants ne sont pas scolaris\u00e9s alors qu\u2019ils l\u2019\u00e9taient l\u2019ann\u00e9e scolaire pr\u00e9c\u00e9dente \u00e0 Ch\u00e2tellerault, o\u00f9 leurs r\u00e9sultats \u00e9taient \u00ab\u00a0tr\u00e8s bons\u00a0\u00bb. Des probl\u00e8mes d\u2019ordre administratif ne leur permettent pas d\u2019\u00eatre actuellement domicili\u00e9s au Centre communal d\u2019action sociale et ainsi d\u2019avoir acc\u00e8s \u00e0 l\u2019\u00e9cole publique.\u00a0<\/p>\n<p class=\" wall-content\">\u00ab\u00a0Plein de familles dans la m\u00eame situation m\u2019appellent en ce d\u00e9but d\u2019ann\u00e9e scolaire, explique Juliette Murtin, du collectif Jamais Sans toit. <strong>Notre objectif est de les mettre \u00e0 l\u2019abri dans l\u2019\u00e9cole<\/strong> o\u00f9 les enfants seront scolaris\u00e9s.\u00a0\u00bb<\/p>\n<p>Votre r\u00e9gion, votre actu !<\/p>\n<p>Recevez chaque jour les infos qui comptent pour vous.<\/p>\n<p>\t<a href=\"https:\/\/actu.fr\/newsletter\" class=\"ac-btn ac-btn--corner ac-btn--medium ac-btn--blue800\" target=\"_blank\" rel=\"noopener\">S&rsquo;incrire<\/a><br \/>\n50 enfants \u00e0 l&rsquo;abri dans des \u00e9coles de Lyon depuis la rentr\u00e9e<\/p>\n<p>En juillet 2025, le collectif Jamais sans toit recensait 428 enfants sans solution d&rsquo;h\u00e9bergement sur la m\u00e9tropole lyonnaise avec, parmi eux, 39 b\u00e9b\u00e9s.<\/p>\n<p>\u00ab\u00a0Sur l&rsquo;ann\u00e9e scolaire pass\u00e9e, 48 occupations d\u2019\u00e9tablissements scolaires ont permis de mettre \u00e0 l\u2019abri 235 enfants sans toit avec des actions s\u2019\u00e9talant sur plusieurs mois, et plus de 100 000 euros d\u00e9pens\u00e9s en nuit\u00e9es d\u2019h\u00f4tel\u00a0\u00bb, explique le collectif.<\/p>\n<p>Depuis la rentr\u00e9e scolaire, seize \u00e9coles sont occup\u00e9es pour mettre \u00e0 l&rsquo;abri 50 enfants \u00e0 Lyon. \u00ab\u00a0Depuis la cr\u00e9ation du collectif en 2014 nous avons mis \u00e0 l&rsquo;abri 1 001 enfants avant qu&rsquo;ils n&rsquo;int\u00e8grent le circuit de droit commun\u00a0\u00bb, rel\u00e8ve le collectif.<\/p>\n<p>Mounya et sa famille d\u00e9termin\u00e9es \u00e0 rester en France<\/p>\n<p class=\" wall-content\">Mounya retrace pour nous le parcours de sa famille. \u00ab\u00a0Nous avons tout vendu en <a href=\"https:\/\/actu.fr\/tag\/algerie\" target=\"_blank\" rel=\"noopener\">Alg\u00e9rie<\/a> et avons laiss\u00e9 nos parents derri\u00e8re nous. On est venu par visa en avion. Aujourd\u2019hui, notre visa est termin\u00e9.\u00a0\u00bb<\/p>\n<p class=\" wall-content\">Ils se trouvent donc en <strong>situation irr\u00e9guli\u00e8re sur le sol fran\u00e7ais<\/strong>. \u00ab\u00a0Nous n\u2019avons pas encore fait de demande de papiers \u00e0 la pr\u00e9fecture.\u00a0\u00bb<\/p>\n<p>    <img   decoding=\"async\" loading=\"lazy\" src=\"https:\/\/www.europesays.com\/fr\/wp-content\/uploads\/2025\/09\/famille-voiture-lyon-960x640.jpg\" alt=\"Faire scolariser les trois enfants \u00e0 Lyon est la priorit\u00e9 du collectif Jamais sans toit et de leurs parents.\" width=\"960\" height=\"640\"\/><br \/>\n    Faire scolariser les trois enfants \u00e0 Lyon est la priorit\u00e9 du collectif Jamais sans toit et de leurs parents. (\u00a9Anthony Soudani \/actu Lyon)<\/p>\n<p class=\" wall-content\">Pourquoi ont-ils pris cette d\u00e9cision difficile de tout quitter au risque de se retrouver \u00e0 la rue en France ? La maman r\u00e9pond sans d\u00e9tours : \u00ab\u00a0On veut rester en France. Si je suis ici, c\u2019est parce que<strong> je veux le bien pour mes enfants, pour la scolarisation, la sant\u00e9, le niveau de vie\u2026<\/strong> m\u00eame si je sais que ce n\u2019est pas agr\u00e9able en ce moment.\u00a0\u00bb<\/p>\n<p class=\" wall-content\">Aujourd\u2019hui, elle fait des m\u00e9nages non d\u00e9clar\u00e9s pour 8 \u00e0 9 euros de l\u2019heure quelques jours dans la semaine. Mounya est d\u00e9termin\u00e9e \u00e0 s\u2019installer en France. \u00ab J\u2019esp\u00e8re bien pouvoir rester. Je ne suis pas l\u00e0 pour reculer ou baisser les bras, je suis l\u00e0 pour les enfants. \u00bb<\/p>\n<p class=\" wall-content\">Personnalisez votre actualit\u00e9 en ajoutant vos villes et m\u00e9dias en favori avec <a href=\"https:\/\/moncompte.actu.fr\" title=\"D\u00e9couvez Mon Actu\" rel=\"nofollow noopener\" data-trk=\"{&quot;cta&quot;:{&quot;action&quot;:&quot;https:\\\/\\\/moncompte.actu.fr&quot;,&quot;category&quot;:&quot;mon compte&quot;,&quot;from&quot;:&quot;article footer&quot;,&quot;name&quot;:&quot;Mon actu&quot;,&quot;type&quot;:&quot;cta&quot;}}\" target=\"_blank\">Mon Actu<\/a>.<\/p>\n","protected":false},"excerpt":{"rendered":"Par Anthony Soudani Publi\u00e9 le 9 sept. 2025 \u00e0 16h19 Qui pourrait croire que ce monospace gar\u00e9 dans&hellip;\n","protected":false},"author":2,"featured_media":379303,"comment_status":"","ping_status":"","sticky":false,"template":"","format":"standard","meta":{"footnotes":""},"categories":[1889],"tags":[1111,11,15,2430,1777,674,1011,27,1061,2428,1251,12,25,104],"class_list":{"0":"post-379302","1":"post","2":"type-post","3":"status-publish","4":"format-standard","5":"has-post-thumbnail","7":"category-lyon","8":"tag-actu","9":"tag-actualites","10":"tag-algerie","11":"tag-auvergne-rhone-alpes","12":"tag-eu","13":"tag-europe","14":"tag-fr","15":"tag-france","16":"tag-immigration","17":"tag-lyon","18":"tag-migrants","19":"tag-news","20":"tag-republique-francaise","21":"tag-societe"},"share_on_mastodon":{"url":"https:\/\/pubeurope.com\/@fr\/115177905762902456","error":""},"_links":{"self":[{"href":"https:\/\/www.europesays.com\/fr\/wp-json\/wp\/v2\/posts\/379302","targetHints":{"allow":["GET"]}}],"collection":[{"href":"https:\/\/www.europesays.com\/fr\/wp-json\/wp\/v2\/posts"}],"about":[{"href":"https:\/\/www.europesays.com\/fr\/wp-json\/wp\/v2\/types\/post"}],"author":[{"embeddable":true,"href":"https:\/\/www.europesays.com\/fr\/wp-json\/wp\/v2\/users\/2"}],"replies":[{"embeddable":true,"href":"https:\/\/www.europesays.com\/fr\/wp-json\/wp\/v2\/comments?post=379302"}],"version-history":[{"count":0,"href":"https:\/\/www.europesays.com\/fr\/wp-json\/wp\/v2\/posts\/379302\/revisions"}],"wp:featuredmedia":[{"embeddable":true,"href":"https:\/\/www.europesays.com\/fr\/wp-json\/wp\/v2\/media\/379303"}],"wp:attachment":[{"href":"https:\/\/www.europesays.com\/fr\/wp-json\/wp\/v2\/media?parent=379302"}],"wp:term":[{"taxonomy":"category","embeddable":true,"href":"https:\/\/www.europesays.com\/fr\/wp-json\/wp\/v2\/categories?post=379302"},{"taxonomy":"post_tag","embeddable":true,"href":"https:\/\/www.europesays.com\/fr\/wp-json\/wp\/v2\/tags?post=379302"}],"curies":[{"name":"wp","href":"https:\/\/api.w.org\/{rel}","templated":true}]}}