{"id":379304,"date":"2025-09-10T03:35:40","date_gmt":"2025-09-10T03:35:40","guid":{"rendered":"https:\/\/www.europesays.com\/fr\/379304\/"},"modified":"2025-09-10T03:35:40","modified_gmt":"2025-09-10T03:35:40","slug":"le-creusot-plus-de-grues-au-creusot-qua-lyon-vraiment-mais-oui-cest-vrai","status":"publish","type":"post","link":"https:\/\/www.europesays.com\/fr\/379304\/","title":{"rendered":"LE CREUSOT : \u00abPlus de grues au Creusot qu\u2019\u00e0 Lyon&#8230;\u00bb vraiment ? Mais oui c\u2019est vrai"},"content":{"rendered":"<p><img decoding=\"async\" class=\"newsFullImg  type:primaryImage\" src=\"https:\/\/www.europesays.com\/fr\/wp-content\/uploads\/2025\/09\/97377_1_full.jpg\"\/><\/p>\n<p>Il y a bien longtemps que l\u2019on n\u2019a pas vu autant de grues au Creusot. Car si certaines ont \u00e9t\u00e9 repli\u00e9es, une nouvelle vient de se d\u00e9ployer \u00e0 Magenta.<\/p>\n<p><img decoding=\"async\" class=\"newsFullImg\" newsfullimgreduced=\"\" src=\"https:\/\/www.europesays.com\/fr\/wp-content\/uploads\/2025\/09\/97377_2_full.jpg\"\/><\/p>\n<p>A Lyon, c&rsquo;est presque le d\u00e9sert des grues&#8230;<\/p>\n<p>C\u2019\u00e9tait le 13 f\u00e9vrier dernier. A l\u2019occasion de la pose de la premi\u00e8re pierre de la r\u00e9sidence \u00abLe Clos Saint-Henri\u00bb, Aur\u00e9lien Brunelle, directeur r\u00e9gional de Novalys, avait affirm\u00e9 qu\u2019il y avait \u00abplus de grues au Creusot qu\u2019\u00e0 Lyon !\u00bb Ce qui avait agr\u00e9ablement surpris le Maire David Marti, tout comme Lionel Duparay le Pr\u00e9sident de l\u2019OPAC de Sa\u00f4ne-et-Loire.<br \/>creusot-infos a voulu v\u00e9rifier. En se rendant \u00e0 Lyon pour scruter le ciel lyonnais depuis la terrasse de Fourri\u00e8re qui domine la ville.<br \/>Pour constater quoi ? Eh bien qu\u2019effectivement il n\u2019y a pas beaucoup de grues dans le ciel de Lyon\u2026 Tout juste deux du c\u00f4t\u00e9 du quartier de la Part Dieu. Et si on voit des grues au Sud, elles ne sont pas sur Lyon, mais du c\u00f4t\u00e9 de Saint-Fons.\u00a0<br \/>Le Directeur de Novalys avait donc bien raison. Oui il y a plus de grues au Creusot qu\u2019\u00e0 Lyon. Plus de grues actuellement sur une superficie de 18,11 km2 &#8211; celle du Creusot &#8211; que sur une surface de 47,87 km2 &#8211; celle de Lyon -.\t\t\t\t\t\t\t<\/p>\n<p>\t\t\t\t\t\t\tA cela il y a au moins deux raisons : La densit\u00e9 de la ville de Lyon laisse finalement peu de place \u00e0 de nouvelles constructions. Mais il y a aussi la volont\u00e9 politique de la municipalit\u00e9 de moins construire, depuis qu\u2019elle est pass\u00e9e sous pavillon vert avec son Maire Gr\u00e9gory Doucet.<br \/>Au Creusot, depuis plus d\u2019un an, les chantiers succ\u00e8dent aux chantiers. On a ainsi pu voir des grues sur le chantier du nouveau Cin\u00e9ma, sur celui de la nouvelle Maison de la Petite enfance, ou encore sur celui de la nouvelle r\u00e9sidence sur le site de l\u2019ancienne \u00e9cole Pierre Curie\u2026 Trois grues qui ont \u00e9t\u00e9 d\u00e9mont\u00e9es apr\u00e8s avoir assum\u00e9 leur mission.<br \/>En ce mois de septembre, on peut voir des grues en action sur le site de la r\u00e9sidence \u00abLe Clos Saint-Henri\u00bb, sur celui de la construction d\u2019une r\u00e9sidence \u00e0 la place de la Maternelle Mouillelongue\u2026 Sur celui de la construction d\u2019une nouvelle r\u00e9sidence rue des Capucines \u00e0 la Charmille\u2026 Sur celui de la nouvelle r\u00e9sidence \u00e9tudiante avenue de l\u2019Europe\u2026\u00a0<br \/>A cela s\u2019ajoute une grue pour le chantier de l\u2019UIMM dans les anciens ateliers de Jaur\u00e8s et depuis quelques jours, une nouvelle grue, \u00e0 la porte Magenta, pour une nouvelle extension du centre technique de Framatome.<br \/>Vous avez bien compt\u00e9, cela fait actuellement six grues en action et en service sur Le Creusot. Oui, oui, c\u2019est bien plus qu\u2019\u00e0 Lyon. Qui s\u2019en plaindra ?<br \/>Alain BOLLERY<br \/>(Photos Alain BOLLERY)Centre Technique de Framatome<img decoding=\"async\" src=\"https:\/\/www.europesays.com\/fr\/wp-content\/uploads\/2025\/09\/le-creusot-plus-de-grues-au-creusot-qu-a-lyon-vraiment-mais-oui-c-est-vrai-271233.jpg\"\/><img decoding=\"async\" src=\"https:\/\/www.europesays.com\/fr\/wp-content\/uploads\/2025\/09\/le-creusot-plus-de-grues-au-creusot-qu-a-lyon-vraiment-mais-oui-c-est-vrai-483085.jpg\"\/><img decoding=\"async\" src=\"https:\/\/www.europesays.com\/fr\/wp-content\/uploads\/2025\/09\/le-creusot-plus-de-grues-au-creusot-qu-a-lyon-vraiment-mais-oui-c-est-vrai-429611.jpg\"\/>\t\t\t\t\t\t\t<\/p>\n<p>\t\t\t\t\t\t\tR\u00e9sidence Saint-Henri<img decoding=\"async\" src=\"https:\/\/www.europesays.com\/fr\/wp-content\/uploads\/2025\/09\/le-creusot-plus-de-grues-au-creusot-qu-a-lyon-vraiment-mais-oui-c-est-vrai-430051.jpg\"\/>&#13;<br \/>\n<img decoding=\"async\" src=\"https:\/\/www.europesays.com\/fr\/wp-content\/uploads\/2025\/09\/le-creusot-plus-de-grues-au-creusot-qu-a-lyon-vraiment-mais-oui-c-est-vrai-223825.jpg\"\/>R\u00e9sidence de la Mouillelongue<img decoding=\"async\" src=\"https:\/\/www.europesays.com\/fr\/wp-content\/uploads\/2025\/09\/le-creusot-plus-de-grues-au-creusot-qu-a-lyon-vraiment-mais-oui-c-est-vrai-203890.jpg\"\/><img decoding=\"async\" src=\"https:\/\/www.europesays.com\/fr\/wp-content\/uploads\/2025\/09\/le-creusot-plus-de-grues-au-creusot-qu-a-lyon-vraiment-mais-oui-c-est-vrai-198048.jpg\"\/>R\u00e9sidence de la Charmille<img decoding=\"async\" src=\"https:\/\/www.europesays.com\/fr\/wp-content\/uploads\/2025\/09\/le-creusot-plus-de-grues-au-creusot-qu-a-lyon-vraiment-mais-oui-c-est-vrai-332259.jpg\"\/><img decoding=\"async\" src=\"https:\/\/www.europesays.com\/fr\/wp-content\/uploads\/2025\/09\/le-creusot-plus-de-grues-au-creusot-qu-a-lyon-vraiment-mais-oui-c-est-vrai-188900.jpg\"\/>R\u00e9sidence \u00e9tudiante&#13;<br \/>\n<img decoding=\"async\" src=\"https:\/\/www.europesays.com\/fr\/wp-content\/uploads\/2025\/09\/le-creusot-plus-de-grues-au-creusot-qu-a-lyon-vraiment-mais-oui-c-est-vrai-345390.jpg\"\/><img decoding=\"async\" src=\"https:\/\/www.europesays.com\/fr\/wp-content\/uploads\/2025\/09\/le-creusot-plus-de-grues-au-creusot-qu-a-lyon-vraiment-mais-oui-c-est-vrai-466373.jpg\"\/><img decoding=\"async\" src=\"https:\/\/www.europesays.com\/fr\/wp-content\/uploads\/2025\/09\/le-creusot-plus-de-grues-au-creusot-qu-a-lyon-vraiment-mais-oui-c-est-vrai-180494.jpg\"\/>Ateliers de Jaur\u00e8s<img decoding=\"async\" src=\"https:\/\/www.europesays.com\/fr\/wp-content\/uploads\/2025\/09\/le-creusot-plus-de-grues-au-creusot-qu-a-lyon-vraiment-mais-oui-c-est-vrai-20707.jpg\"\/>La ville de Lyon(photos prises en juillet)<img decoding=\"async\" src=\"https:\/\/www.europesays.com\/fr\/wp-content\/uploads\/2025\/09\/le-creusot-plus-de-grues-au-creusot-qu-a-lyon-vraiment-mais-oui-c-est-vrai-114498.jpg\"\/><br \/>\n<img decoding=\"async\" src=\"https:\/\/www.europesays.com\/fr\/wp-content\/uploads\/2025\/09\/le-creusot-plus-de-grues-au-creusot-qu-a-lyon-vraiment-mais-oui-c-est-vrai-42164.jpg\"\/><img decoding=\"async\" src=\"https:\/\/www.europesays.com\/fr\/wp-content\/uploads\/2025\/09\/le-creusot-plus-de-grues-au-creusot-qu-a-lyon-vraiment-mais-oui-c-est-vrai-48479.jpg\"\/><img decoding=\"async\" src=\"https:\/\/www.europesays.com\/fr\/wp-content\/uploads\/2025\/09\/le-creusot-plus-de-grues-au-creusot-qu-a-lyon-vraiment-mais-oui-c-est-vrai-471137.jpg\"\/><img decoding=\"async\" src=\"https:\/\/www.europesays.com\/fr\/wp-content\/uploads\/2025\/09\/le-creusot-plus-de-grues-au-creusot-qu-a-lyon-vraiment-mais-oui-c-est-vrai-391072.jpg\"\/><img decoding=\"async\" src=\"https:\/\/www.europesays.com\/fr\/wp-content\/uploads\/2025\/09\/le-creusot-plus-de-grues-au-creusot-qu-a-lyon-vraiment-mais-oui-c-est-vrai-462130.jpg\"\/><br \/>\n<img decoding=\"async\" src=\"https:\/\/www.europesays.com\/fr\/wp-content\/uploads\/2025\/09\/le-creusot-plus-de-grues-au-creusot-qu-a-lyon-vraiment-mais-oui-c-est-vrai-467786.jpg\"\/><img decoding=\"async\" src=\"https:\/\/www.europesays.com\/fr\/wp-content\/uploads\/2025\/09\/le-creusot-plus-de-grues-au-creusot-qu-a-lyon-vraiment-mais-oui-c-est-vrai-450902.jpg\"\/><img decoding=\"async\" src=\"https:\/\/www.europesays.com\/fr\/wp-content\/uploads\/2025\/09\/le-creusot-plus-de-grues-au-creusot-qu-a-lyon-vraiment-mais-oui-c-est-vrai-486013.jpg\"\/><img decoding=\"async\" src=\"https:\/\/www.europesays.com\/fr\/wp-content\/uploads\/2025\/09\/le-creusot-plus-de-grues-au-creusot-qu-a-lyon-vraiment-mais-oui-c-est-vrai-469573.jpg\"\/><img decoding=\"async\" src=\"https:\/\/www.europesays.com\/fr\/wp-content\/uploads\/2025\/09\/le-creusot-plus-de-grues-au-creusot-qu-a-lyon-vraiment-mais-oui-c-est-vrai-252334.jpg\"\/><br \/>\n<img decoding=\"async\" src=\"https:\/\/www.europesays.com\/fr\/wp-content\/uploads\/2025\/09\/le-creusot-plus-de-grues-au-creusot-qu-a-lyon-vraiment-mais-oui-c-est-vrai-139165.jpg\"\/><img decoding=\"async\" src=\"https:\/\/www.europesays.com\/fr\/wp-content\/uploads\/2025\/09\/le-creusot-plus-de-grues-au-creusot-qu-a-lyon-vraiment-mais-oui-c-est-vrai-176317.jpg\"\/><\/p>\n","protected":false},"excerpt":{"rendered":"Il y a bien longtemps que l\u2019on n\u2019a pas vu autant de grues au Creusot. Car si certaines&hellip;\n","protected":false},"author":2,"featured_media":379305,"comment_status":"","ping_status":"","sticky":false,"template":"","format":"standard","meta":{"footnotes":""},"categories":[1889],"tags":[1111,11,2430,1777,674,1011,27,2428,12,25],"class_list":{"0":"post-379304","1":"post","2":"type-post","3":"status-publish","4":"format-standard","5":"has-post-thumbnail","7":"category-lyon","8":"tag-actu","9":"tag-actualites","10":"tag-auvergne-rhone-alpes","11":"tag-eu","12":"tag-europe","13":"tag-fr","14":"tag-france","15":"tag-lyon","16":"tag-news","17":"tag-republique-francaise"},"share_on_mastodon":{"url":"https:\/\/pubeurope.com\/@fr\/115177910044768522","error":""},"_links":{"self":[{"href":"https:\/\/www.europesays.com\/fr\/wp-json\/wp\/v2\/posts\/379304","targetHints":{"allow":["GET"]}}],"collection":[{"href":"https:\/\/www.europesays.com\/fr\/wp-json\/wp\/v2\/posts"}],"about":[{"href":"https:\/\/www.europesays.com\/fr\/wp-json\/wp\/v2\/types\/post"}],"author":[{"embeddable":true,"href":"https:\/\/www.europesays.com\/fr\/wp-json\/wp\/v2\/users\/2"}],"replies":[{"embeddable":true,"href":"https:\/\/www.europesays.com\/fr\/wp-json\/wp\/v2\/comments?post=379304"}],"version-history":[{"count":0,"href":"https:\/\/www.europesays.com\/fr\/wp-json\/wp\/v2\/posts\/379304\/revisions"}],"wp:featuredmedia":[{"embeddable":true,"href":"https:\/\/www.europesays.com\/fr\/wp-json\/wp\/v2\/media\/379305"}],"wp:attachment":[{"href":"https:\/\/www.europesays.com\/fr\/wp-json\/wp\/v2\/media?parent=379304"}],"wp:term":[{"taxonomy":"category","embeddable":true,"href":"https:\/\/www.europesays.com\/fr\/wp-json\/wp\/v2\/categories?post=379304"},{"taxonomy":"post_tag","embeddable":true,"href":"https:\/\/www.europesays.com\/fr\/wp-json\/wp\/v2\/tags?post=379304"}],"curies":[{"name":"wp","href":"https:\/\/api.w.org\/{rel}","templated":true}]}}