{"id":379306,"date":"2025-09-10T03:37:13","date_gmt":"2025-09-10T03:37:13","guid":{"rendered":"https:\/\/www.europesays.com\/fr\/379306\/"},"modified":"2025-09-10T03:37:13","modified_gmt":"2025-09-10T03:37:13","slug":"bloquons-tout-facs-transports-sites-industriels-ou-hopitaux-bloques-pres-de-100-actions-recensees-en-ile-de-france-et-plus-de-600-en-regions","status":"publish","type":"post","link":"https:\/\/www.europesays.com\/fr\/379306\/","title":{"rendered":"Bloquons tout\u00a0: Facs, transports, sites industriels ou h\u00f4pitaux bloqu\u00e9s\u2026 Pr\u00e8s de 100 actions recens\u00e9es en \u00cele-de-France et plus de 600 en r\u00e9gions"},"content":{"rendered":"<p>\n                                                                \u00ab\u00a0Bloquer tout\u00a0\u00bb. Du p\u00e9riph\u00e9rique parisien aux rocades en r\u00e9gions en passant par les grandes gares, universit\u00e9s ou entreprises, les nombreuses initiatives du mouvement Bloquons tout, ce mercredi 10\u00a0septembre 2025, ne cessent d\u2019essaimer partout en France.\n                            <\/p>\n<p>Le\u00a0succ\u00e8s \u00e9tait cette nuit encore incertain. Il n\u2019emp\u00eache que l\u2019initiative <a href=\"https:\/\/www.midilibre.fr\/actu\/societe\/social\/tout-bloquer-le-10-septembre\/\" target=\"_self\" rel=\"nofollow noopener\">Bloquons tout, cens\u00e9 mettre la France \u00e0 l\u2019arr\u00eat ce mercredi 10\u00a0septembre 2025<\/a>, inqui\u00e8te\u00a0les autorit\u00e9s. Preuve en est, le ministre de l\u2019Int\u00e9rieur d\u00e9missionnaire Bruno Retailleau a d\u00e9ploy\u00e9 d\u00e8s mardi soir les forces de l\u2019ordre \u00ab\u00a0sur des zones sensibles\u00a0\u00bb, promettant une \u00ab\u00a0tol\u00e9rance z\u00e9ro\u00a0\u00bb.\u00a0Lui qui avait annonc\u00e9 d\u00e8s lundi soir que quelque \u00ab\u00a080.000 gendarmes et policiers\u00a0\u00bb seraient mobilis\u00e9s.<\/p>\n<p>Mobilis\u00e9s pour maintenir l\u2019ordre alors que pr\u00e8s de 100 actions en Ile-de-France <a href=\"https:\/\/www.midilibre.fr\/2025\/09\/09\/bloquons-tout-a-quelles-actions-sattendre-ce-mercredi-10-septembre-en-occitanie-12917534.php\" target=\"_self\" rel=\"nofollow noopener\">et plus de 600 en r\u00e9gions, des m\u00e9tropoles aux petites villes, <\/a>sont pr\u00e9vues, selon un bilan provisoire s\u2019appuyant sur une carte collaborative (<a href=\"https:\/\/cartedesagbfc.gogocarto.fr\/map#\/carte\/@49.89,3.15,10z?cat=all\" target=\"_self\" rel=\"nofollow noopener\">www.cartedesagbfc.gogocarto.fr)<\/a>.<\/p>\n<p>        <img decoding=\"async\" class=\"std-img__img responsive-img\" src=\"https:\/\/www.europesays.com\/fr\/wp-content\/uploads\/2025\/09\/1757475433_486_image.png\" alt=\"Un bilan provisoire des actions Bloquons tout s\u2019appuie sur une carte collaborative (www.cartedesagbfc.gogocarto.fr).\"\/><\/p>\n<p>                Un bilan provisoire des actions Bloquons tout s\u2019appuie sur une carte collaborative (www.cartedesagbfc.gogocarto.fr).<br \/>\n                                    MIDI LIBRE &#8211; Midi Libre<\/p>\n<p>Le pr\u00e9fet de police de Paris, Laurent Nu\u00f1ez, a dit mardi s\u2019attendre \u00e0 des \u00ab\u00a0actions coups de poing\u00a0\u00bb, blocages voire sabotages, mais ne pas penser \u00ab\u00a0que ce mouvement mobilise la soci\u00e9t\u00e9 civile\u00a0\u00bb. On fait le point\u00a0:<\/p>\n<p><strong>1. \u00c9tudiants et lyc\u00e9ens<\/strong><\/p>\n<p>Pr\u00e8s de 30 universit\u00e9s\u00a0fran\u00e7aises organisaient mardi \u00e0 la mi-journ\u00e9e leurs assembl\u00e9es g\u00e9n\u00e9rales pour d\u00e9cider de leurs actions mercredi.\u00a0Sur le campus Jussieu \u00e0 Paris, une assembl\u00e9e de plusieurs centaines de personnes a vot\u00e9 un rassemblement devant ce site mercredi matin.\u00a0Mais l\u2019option d\u2019un blocage, soumise au vote, n\u2019y a rassembl\u00e9 que quatre voix pour.\u00a0Les \u00e9tudiants parisiens convergeront vers la place de la Sorbonne pour aller ensuite place du Ch\u00e2telet \u00e0 la mi-journ\u00e9e, o\u00f9 un rassemblement syndical est pr\u00e9vu.<\/p>\n<p>\u00ab\u00a0On a bien tous vu que le gouvernement de Bayrou est tomb\u00e9 hier. Comment est-ce qu\u2019on fait pour que tombent avec lui les politiques qu\u2019il m\u00e8ne contre les \u00e9tudiants et les \u00e9tudiantes\u00a0?\u00a0\u00bb, s\u2019est demand\u00e9 Eloise Lefebvre Milon, cosecr\u00e9taire g\u00e9n\u00e9rale de l\u2019Union \u00e9tudiante. La direction de Sciences Po a indiqu\u00e9 que ses sites \u00e0 Paris et dans les r\u00e9gions resteraient ferm\u00e9s mercredi, avec des enseignements assur\u00e9s \u00e0 distance.<\/p>\n<p>C\u00f4t\u00e9 lyc\u00e9es, \u00ab\u00a0on doit prendre part \u00e0 ce mouvement social, parce qu\u2019on est les premiers et les premi\u00e8res concern\u00e9s par le budget\u00a0\u00bb, a expliqu\u00e9 Sofia Tizaoui, pr\u00e9sidente de l\u2019Union syndicale lyc\u00e9enne, premier syndicat lyc\u00e9en, qui a appel\u00e9 au blocage des lyc\u00e9es.<\/p>\n<p>2.\u00a0Les transports<\/p>\n<p>Dans l\u2019Ouest, les citoyens mobilis\u00e9s se donnent rendez-vous d\u00e8s 6\u00a0heures\u00a0mercredi dans la perspective de bloquer les rocades de Rennes et Nantes.\u00a0Des actions similaires ou des barrages filtrants sont \u00e9galement annonc\u00e9s dans les boucles de messagerie \u00e0 Brest, Vannes ou Caen.<\/p>\n<blockquote>\n<p>Les Intercit\u00e9s, RER et Transiliens seront plus affect\u00e9s que les TGV, m\u00e9tros, tramways ou bus parisiens<\/p>\n<\/blockquote>\n<p>A Paris, d\u00e8s minuit dans la nuit de mardi \u00e0 mercredi, des militants pr\u00e9voient de bloquer plusieurs portes du p\u00e9riph\u00e9rique (La Chapelle, Bagnolet, Montreuil, Italie, Orl\u00e9ans notamment) et de poursuivre leurs blocages dans la matin\u00e9e.\u00a0Dans la matin\u00e9e \u00e9galement, plusieurs assembl\u00e9es g\u00e9n\u00e9rales se tiendront dans les gares parisiennes (gares du Nord et de Lyon).<\/p>\n<p><strong><a href=\"https:\/\/www.midilibre.fr\/actu\/societe\/social\/tout-bloquer-le-10-septembre\/\" target=\"_self\" rel=\"nofollow noopener\">Retrouvez tous les articles sur le mouvement Bloquons tout par ici<\/a><\/strong><\/p>\n<p>Dans les transports en commun, les Intercit\u00e9s, RER et Transiliens seront plus affect\u00e9s que les TGV, m\u00e9tros, tramways ou bus parisiens.\u00a0La direction g\u00e9n\u00e9rale de l\u2019Aviation civile (DGAC) pr\u00e9voit des perturbations et des retards \u00ab\u00a0sur l\u2019ensemble des a\u00e9roports fran\u00e7ais\u00a0\u00bb mercredi.<\/p>\n<p>3. Sites industriels et plateformes logistiques<\/p>\n<p>Commerces, raffineries, h\u00f4pitaux, \u00e9boueurs, usines\u2026 De nombreux salari\u00e9s ont pr\u00e9vu de bloquer des entreprises.\u00a0Le g\u00e9ant Amazon pourrait \u00eatre perturb\u00e9 par un piquet de gr\u00e8ve sur le site de Br\u00e9tigny-sur-Orge (Essonne), \u00e0 partir de 12\u00a0heures.\u00a0A Dunkerque, une gr\u00e8ve est pr\u00e9vue chez ArcelorMittal, qui a annonc\u00e9 ces derniers mois un important plan de licenciements.\u00a0Les salari\u00e9s des raffineries de Gonfreville-L\u2019Orcher, pr\u00e8s du\u00a0Havre (Seine-Maritime), Donges (Loire-Atlantique), et Feyzin (Rh\u00f4ne), toutes trois exploit\u00e9es par TotalEnergies, sont appel\u00e9s \u00ab\u00a0\u00e0 cesser le travail le 10\u00a0\u00bb, a indiqu\u00e9 \u00e0 l\u2019AFP Eric Sellini (CGT).<\/p>\n<p>En Seine-Maritime, la CGT appelle \u00e9galement les salari\u00e9s du secteur \u00e0 rejoindre le piquet de gr\u00e8ve pr\u00e8s de la centrale nucl\u00e9aire de Paluel.\u00a0Au sud de Rouen, l\u2019usine Amp\u00e8re de Renault, plus gros employeur de la r\u00e9gion, sera en gr\u00e8ve.\u00a0A l\u2019appel de la CGT, les \u00e9boueurs ont d\u00e9pos\u00e9 au moins une quinzaine de pr\u00e9avis de gr\u00e8ve dans diverses r\u00e9gions de France, \u00ab\u00a0principalement dans les zones rurales\u00a0\u00bb.<\/p>\n<p class=\"std-elt__inline\">\n        <strong>\u00c0 lire aussi :<\/strong><br \/>\n        <a href=\"https:\/\/www.midilibre.fr\/2025\/09\/09\/le-mouvement-bloquons-tout-est-une-preoccupation-majeure-pour-steeve-calligaro-et-le-medef-gard-12919809.php\" rel=\"nofollow noopener\" target=\"_blank\">Le mouvement Bloquons tout est une \u00ab\u00a0pr\u00e9occupation majeure\u00a0\u00bb pour Steeve Calligaro et le Medef Gard<\/a>\n    <\/p>\n<p>\u00a0<\/p>\n<p>4. Rassemblements et d\u00e9fil\u00e9s<\/p>\n<p>Plusieurs responsables de la CGT seront rassembl\u00e9s mercredi d\u00e8s 9h30 devant le minist\u00e8re du Travail, \u00e0 l\u2019initiative de ses f\u00e9d\u00e9rations du commerce et de la chimie.\u00a0De premiers cort\u00e8ges sont pr\u00e9vus \u00e0 Rennes et Nantes d\u00e8s 11\u00a0heures.\u00a0Les unions d\u00e9partementales parisiennes de la CGT, FSU et de Solidaires se sont donn\u00e9 rendez-vous d\u00e8s 13H00 dans le centre de la capitale, place du Ch\u00e2telet.\u00a0A 14h30, une manifestation est annonc\u00e9e \u00e0 Toulouse.<\/p>\n<p>\u00a0<\/p>\n","protected":false},"excerpt":{"rendered":"\u00ab\u00a0Bloquer tout\u00a0\u00bb. Du p\u00e9riph\u00e9rique parisien aux rocades en r\u00e9gions en passant par les grandes gares, universit\u00e9s ou entreprises,&hellip;\n","protected":false},"author":2,"featured_media":379307,"comment_status":"","ping_status":"","sticky":false,"template":"","format":"standard","meta":{"footnotes":""},"categories":[1592],"tags":[1111,11,1777,674,1011,27,662,12,626,25],"class_list":{"0":"post-379306","1":"post","2":"type-post","3":"status-publish","4":"format-standard","5":"has-post-thumbnail","7":"category-ile-de-france","8":"tag-actu","9":"tag-actualites","10":"tag-eu","11":"tag-europe","12":"tag-fr","13":"tag-france","14":"tag-ile-de-france","15":"tag-news","16":"tag-paris","17":"tag-republique-francaise"},"share_on_mastodon":{"url":"https:\/\/pubeurope.com\/@fr\/115177917249919208","error":""},"_links":{"self":[{"href":"https:\/\/www.europesays.com\/fr\/wp-json\/wp\/v2\/posts\/379306","targetHints":{"allow":["GET"]}}],"collection":[{"href":"https:\/\/www.europesays.com\/fr\/wp-json\/wp\/v2\/posts"}],"about":[{"href":"https:\/\/www.europesays.com\/fr\/wp-json\/wp\/v2\/types\/post"}],"author":[{"embeddable":true,"href":"https:\/\/www.europesays.com\/fr\/wp-json\/wp\/v2\/users\/2"}],"replies":[{"embeddable":true,"href":"https:\/\/www.europesays.com\/fr\/wp-json\/wp\/v2\/comments?post=379306"}],"version-history":[{"count":0,"href":"https:\/\/www.europesays.com\/fr\/wp-json\/wp\/v2\/posts\/379306\/revisions"}],"wp:featuredmedia":[{"embeddable":true,"href":"https:\/\/www.europesays.com\/fr\/wp-json\/wp\/v2\/media\/379307"}],"wp:attachment":[{"href":"https:\/\/www.europesays.com\/fr\/wp-json\/wp\/v2\/media?parent=379306"}],"wp:term":[{"taxonomy":"category","embeddable":true,"href":"https:\/\/www.europesays.com\/fr\/wp-json\/wp\/v2\/categories?post=379306"},{"taxonomy":"post_tag","embeddable":true,"href":"https:\/\/www.europesays.com\/fr\/wp-json\/wp\/v2\/tags?post=379306"}],"curies":[{"name":"wp","href":"https:\/\/api.w.org\/{rel}","templated":true}]}}