{"id":379308,"date":"2025-09-10T03:38:11","date_gmt":"2025-09-10T03:38:11","guid":{"rendered":"https:\/\/www.europesays.com\/fr\/379308\/"},"modified":"2025-09-10T03:38:11","modified_gmt":"2025-09-10T03:38:11","slug":"suivez-la-journee-de-mobilisation-bloquons-tout-au-lendemain-de-la-nominaton-de-sebastien-lecornu-a-matignon","status":"publish","type":"post","link":"https:\/\/www.europesays.com\/fr\/379308\/","title":{"rendered":"suivez la journ\u00e9e de mobilisation Bloquons tout, au lendemain de la nominaton de S\u00e9bastien Lecornu \u00e0 Matignon"},"content":{"rendered":"<p>   Bloquons tout, une journ\u00e9e de mobilisation prot\u00e9iforme             <\/p>\n<p class=\"post__live-container--answer-text post__space-node\">La France se pr\u00e9pare mercredi \u00e0 une journ\u00e9e agit\u00e9e dans le sillage de l\u2019appel \u00e0\u00a0Bloquons tout\u00a0n\u00e9 sur les r\u00e9seaux sociaux et qui devrait permettre de jauger la col\u00e8re sociale, dans un pays en pleine crise politique.<\/p>\n<p class=\"post__live-container--answer-text post__space-node\">Blocages d\u2019infrastructures de transports, de sites symboliques ou de lyc\u00e9es, manifestations, gr\u00e8ve de la carte bancaire\u2026 Au lendemain de la nomination de S\u00e9bastien Lecornu qui remplace Fran\u00e7ois Bayrou tout juste \u00e9vinc\u00e9 de Matignon, et huit jours avant une mobilisation syndicale, une myriade d\u2019actions sont pr\u00e9vues d\u00e8s l\u2019aube dans les m\u00e9tropoles, les petites villes et les campagnes. Mais l\u2019\u00e9tendue de la mobilisation reste incertaine.<\/p>\n<p class=\"post__live-container--answer-text post__space-node\">Quelque \u00ab\u00a080\u00a0000 gendarmes et policiers\u00a0\u00bb sont mobilis\u00e9s et \u00ab\u00a0aucun blocage\u00a0\u00bb ne sera tol\u00e9r\u00e9, a pr\u00e9venu le ministre de l\u2019int\u00e9rieur d\u00e9missionnaire, Bruno Retailleau.<\/p>\n<p class=\"post__live-container--answer-text post__space-node\">Le pr\u00e9fet de police de Paris, Laurent Nu\u00f1ez, a dit pour sa part s\u2019attendre \u00e0 des actions \u00ab\u00a0coups de poing\u00a0\u00bb, le mouvement ayant \u00e9t\u00e9 \u00ab\u00a0repris par l\u2019ultragauche\u00a0\u00bb, mais ne pas penser qu\u2019il mobiliserait \u00ab\u00a0la soci\u00e9t\u00e9 civile\u00a0\u00bb.<\/p>\n<p class=\"post__live-container--answer-text post__space-node\">Ce mouvement horizontal, n\u00e9 sur les r\u00e9seaux sociaux et sans chef de file identifi\u00e9, rappelle celui des \u00ab\u00a0gilets jaunes\u00a0\u00bb, il y a sept ans, mais rassemble des personnes plus jeunes et plus politis\u00e9es, selon une enqu\u00eate de la fondation Jean Jaur\u00e8s.<\/p>\n","protected":false},"excerpt":{"rendered":"Bloquons tout, une journ\u00e9e de mobilisation prot\u00e9iforme La France se pr\u00e9pare mercredi \u00e0 une journ\u00e9e agit\u00e9e dans le&hellip;\n","protected":false},"author":2,"featured_media":379309,"comment_status":"","ping_status":"","sticky":false,"template":"","format":"standard","meta":{"footnotes":""},"categories":[1888],"tags":[1111,1928,11,1927,1777,674,1011,27,12,1926,626,1925,25],"class_list":{"0":"post-379308","1":"post","2":"type-post","3":"status-publish","4":"format-standard","5":"has-post-thumbnail","7":"category-paris","8":"tag-actu","9":"tag-actu-paris","10":"tag-actualites","11":"tag-actualites-paris","12":"tag-eu","13":"tag-europe","14":"tag-fr","15":"tag-france","16":"tag-news","17":"tag-news-paris","18":"tag-paris","19":"tag-paris-news","20":"tag-republique-francaise"},"share_on_mastodon":{"url":"https:\/\/pubeurope.com\/@fr\/115177921152414448","error":""},"_links":{"self":[{"href":"https:\/\/www.europesays.com\/fr\/wp-json\/wp\/v2\/posts\/379308","targetHints":{"allow":["GET"]}}],"collection":[{"href":"https:\/\/www.europesays.com\/fr\/wp-json\/wp\/v2\/posts"}],"about":[{"href":"https:\/\/www.europesays.com\/fr\/wp-json\/wp\/v2\/types\/post"}],"author":[{"embeddable":true,"href":"https:\/\/www.europesays.com\/fr\/wp-json\/wp\/v2\/users\/2"}],"replies":[{"embeddable":true,"href":"https:\/\/www.europesays.com\/fr\/wp-json\/wp\/v2\/comments?post=379308"}],"version-history":[{"count":0,"href":"https:\/\/www.europesays.com\/fr\/wp-json\/wp\/v2\/posts\/379308\/revisions"}],"wp:featuredmedia":[{"embeddable":true,"href":"https:\/\/www.europesays.com\/fr\/wp-json\/wp\/v2\/media\/379309"}],"wp:attachment":[{"href":"https:\/\/www.europesays.com\/fr\/wp-json\/wp\/v2\/media?parent=379308"}],"wp:term":[{"taxonomy":"category","embeddable":true,"href":"https:\/\/www.europesays.com\/fr\/wp-json\/wp\/v2\/categories?post=379308"},{"taxonomy":"post_tag","embeddable":true,"href":"https:\/\/www.europesays.com\/fr\/wp-json\/wp\/v2\/tags?post=379308"}],"curies":[{"name":"wp","href":"https:\/\/api.w.org\/{rel}","templated":true}]}}