{"id":379315,"date":"2025-09-10T03:42:10","date_gmt":"2025-09-10T03:42:10","guid":{"rendered":"https:\/\/www.europesays.com\/fr\/379315\/"},"modified":"2025-09-10T03:42:10","modified_gmt":"2025-09-10T03:42:10","slug":"la-pologne-ferme-quatre-aeroports-apres-des-signalements-de-drones-russes","status":"publish","type":"post","link":"https:\/\/www.europesays.com\/fr\/379315\/","title":{"rendered":"La Pologne ferme quatre a\u00e9roports apr\u00e8s des signalements de drones russes"},"content":{"rendered":"<p>Les a\u00e9roports de Varsovie-Chopin, Rzesz\u00f3w-Jasionka, Varsovie-Modlin et Lublin ont suspendu leurs activit\u00e9s pour raisons de s\u00e9curit\u00e9 nationale.<\/p>\n<p class=\"fig-paragraph\">Le ciel\u00a0<a href=\"https:\/\/www.lefigaro.fr\/tag\/pologne\" target=\"_blank\" rel=\"sponsored noopener\" data-gtm-custom-categorie=\"navigation\" data-gtm-custom-action=\"crossclick\" data-gtm-custom-label=\"Contextuel\" data-gtm-event=\"customEventSPE\">polonais<\/a>\u00a0sous haute tension. Mardi 9 septembre au soir, quatre a\u00e9roports du pays dont le principal hub international, l\u2019a\u00e9roport de Varsovie-Chopin, ont ferm\u00e9 leurs portes \u00e0 la suite d\u2019une\u00a0<a href=\"https:\/\/www.lefigaro.fr\/international\/en-direct-attaque-russe-contre-l-ukraine-la-pologne-denonce-des-violations-repetees-de-son-espace-aerien-20250910\" target=\"_blank\" data-fig-type=\"Live\" rel=\"noopener\" data-gtm-custom-categorie=\"navigation\" data-gtm-custom-action=\"crossclick\" data-gtm-custom-label=\"Contextuel\" data-gtm-event=\"customEventSPE\" data-fig-domain=\"LEFIGARO\">\u00abactivit\u00e9 militaire impr\u00e9vue li\u00e9e \u00e0 la s\u00e9curit\u00e9 de l\u2019\u00c9tat\u00bb<\/a>, selon des avis publi\u00e9s sur le site de l\u2019Administration f\u00e9d\u00e9rale de l\u2019aviation am\u00e9ricaine (FAA) qu\u2019a pu consulter Reuters. Les a\u00e9roports de Rzesz\u00f3w-Jasionka, Varsovie-Modlin et Lublin ont \u00e9galement suspendu leurs op\u00e9rations.<\/p>\n<p class=\"fig-body-link\">\n            \u00c0 lire aussi<br \/>\n        <a class=\"fig-body-link__link\" href=\"http:\/\/www.lefigaro.fr\/international\/la-pologne-ferme-quatre-aeroports-apres-des-signalements-de-drones-russes-20250910\" target=\"_blank\" data-fig-type=\"NewsFlash\" rel=\"noopener\" data-gtm-custom-categorie=\"navigation\" data-gtm-custom-action=\"crossclick\" data-gtm-custom-label=\"Contextuel\" data-gtm-event=\"customEventSPE\" data-fig-domain=\"LEFIGARO\">Attaque russe contre l\u2019Ukraine\u00a0: la Pologne d\u00e9nonce des violations r\u00e9p\u00e9t\u00e9es de son espace a\u00e9rien<br \/>\n    <\/a>\n<\/p>\n<p class=\"fig-paragraph\">\u00abAfin d\u2019assurer la s\u00e9curit\u00e9 de l\u2019espace a\u00e9rien polonais, le commandant op\u00e9rationnel des Forces arm\u00e9es polonaises a d\u00e9clench\u00e9 toutes les proc\u00e9dures n\u00e9cessaires\u00bb, a indiqu\u00e9 le commandement op\u00e9rationnel des forces arm\u00e9es polonaises dans un message publi\u00e9 sur X.<\/p>\n<p>                                    <a class=\"fig-a11y-skip a11y-hidden\" href=\"#fig-a11y-skip-main-inarticle\"><br \/>\n        Passer la publicit\u00e9<br \/>\n    <\/a><\/p>\n<p>\u00abMesures de nature pr\u00e9ventive\u00bb<\/p>\n<p class=\"fig-paragraph\">\u00abDes avions polonais et alli\u00e9s op\u00e8rent dans notre espace a\u00e9rien, et les syst\u00e8mes terrestres de d\u00e9fense a\u00e9rienne et de reconnaissance radar ont atteint leur niveau de pr\u00e9paration maximal. Ces mesures sont de nature pr\u00e9ventive et visent \u00e0 s\u00e9curiser l\u2019espace a\u00e9rien et \u00e0 prot\u00e9ger les citoyens, en particulier dans les zones adjacentes \u00e0 la zone menac\u00e9e.\u00bb<\/p>\n<p class=\"fig-paragraph\">Plus t\u00f4t, selon les informations de Reuters, l\u2019arm\u00e9e de l\u2019air ukrainienne avait signal\u00e9 sur l\u2019application de messagerie Telegram la pr\u00e9sence de drones russes se dirigeant vers l\u2019ouest et mena\u00e7ant la ville polonaise de Zamosc. Le message a depuis \u00e9t\u00e9 supprim\u00e9. De leur c\u00f4t\u00e9, les m\u00e9dias ukrainiens ont apport\u00e9 qu\u2019au moins un drone filait vers Rzesz\u00f3w, dans l\u2019ouest de la Pologne. Des informations que Reuters n\u2019a pu v\u00e9rifier.<\/p>\n<p>\u00abNous pensons que Vladimir Poutine est pr\u00eat \u00e0 envahir d\u2019autres pays\u00bb<\/p>\n<p class=\"fig-paragraph\">Mardi, le pr\u00e9sident polonais\u00a0<a href=\"http:\/\/www.lefigaro.fr\/international\/pologne-les-enjeux-de-la-rencontre-du-president-karol-nawrocki-avec-donald-trump-a-washington-20250903\" target=\"_blank\" data-fig-type=\"Article\" rel=\"noopener\" data-gtm-custom-categorie=\"navigation\" data-gtm-custom-action=\"crossclick\" data-gtm-custom-label=\"Contextuel\" data-gtm-event=\"customEventSPE\" data-fig-domain=\"LEFIGARO\">Karol Nawrocki<\/a>, en visite en Finlande, alertait sur la\u00a0<a href=\"http:\/\/www.lefigaro.fr\/international\/guerre-en-ukraine-vladimir-poutine-est-pret-a-envahir-d-autres-pays-estime-le-president-polonais-20250909\" target=\"_blank\" data-fig-type=\"NewsFlash\" rel=\"noopener\" data-gtm-custom-categorie=\"navigation\" data-gtm-custom-action=\"crossclick\" data-gtm-custom-label=\"Contextuel\" data-gtm-event=\"customEventSPE\" data-fig-domain=\"LEFIGARO\">menace d\u2019une nouvelle expansion militaire russe<\/a>\u00a0apr\u00e8s l\u2019Ukraine. \u00abTout en attendant, bien s\u00fbr, une paix \u00e0 long terme, une paix permanente, qui est n\u00e9cessaire \u00e0 nos r\u00e9gions, nous pensons que Vladimir Poutine est pr\u00eat \u00e0 envahir \u00e9galement d\u2019autres pays\u00bb, a d\u00e9clar\u00e9 le pr\u00e9sident nationaliste polonais r\u00e9cemment \u00e9lu. \u00abC\u2019est exactement la raison pour laquelle nous d\u00e9veloppons nos forces arm\u00e9es, notre partenariat et nos relations avec nos alli\u00e9s\u00bb, a-t-il ajout\u00e9, sans donner d\u2019exemples particuliers.<\/p>\n","protected":false},"excerpt":{"rendered":"Les a\u00e9roports de Varsovie-Chopin, Rzesz\u00f3w-Jasionka, Varsovie-Modlin et Lublin ont suspendu leurs activit\u00e9s pour raisons de s\u00e9curit\u00e9 nationale. Le&hellip;\n","protected":false},"author":2,"featured_media":379316,"comment_status":"","ping_status":"","sticky":false,"template":"","format":"standard","meta":{"footnotes":""},"categories":[1591],"tags":[11,1887,131,12,2437,1885,1886,132],"class_list":{"0":"post-379315","1":"post","2":"type-post","3":"status-publish","4":"format-standard","5":"has-post-thumbnail","7":"category-russie","8":"tag-actualites","9":"tag-federation-de-russie","10":"tag-guerre-en-ukraine","11":"tag-news","12":"tag-pologne","13":"tag-russia","14":"tag-russian-federation","15":"tag-russie"},"share_on_mastodon":{"url":"https:\/\/pubeurope.com\/@fr\/115177936957007208","error":""},"_links":{"self":[{"href":"https:\/\/www.europesays.com\/fr\/wp-json\/wp\/v2\/posts\/379315","targetHints":{"allow":["GET"]}}],"collection":[{"href":"https:\/\/www.europesays.com\/fr\/wp-json\/wp\/v2\/posts"}],"about":[{"href":"https:\/\/www.europesays.com\/fr\/wp-json\/wp\/v2\/types\/post"}],"author":[{"embeddable":true,"href":"https:\/\/www.europesays.com\/fr\/wp-json\/wp\/v2\/users\/2"}],"replies":[{"embeddable":true,"href":"https:\/\/www.europesays.com\/fr\/wp-json\/wp\/v2\/comments?post=379315"}],"version-history":[{"count":0,"href":"https:\/\/www.europesays.com\/fr\/wp-json\/wp\/v2\/posts\/379315\/revisions"}],"wp:featuredmedia":[{"embeddable":true,"href":"https:\/\/www.europesays.com\/fr\/wp-json\/wp\/v2\/media\/379316"}],"wp:attachment":[{"href":"https:\/\/www.europesays.com\/fr\/wp-json\/wp\/v2\/media?parent=379315"}],"wp:term":[{"taxonomy":"category","embeddable":true,"href":"https:\/\/www.europesays.com\/fr\/wp-json\/wp\/v2\/categories?post=379315"},{"taxonomy":"post_tag","embeddable":true,"href":"https:\/\/www.europesays.com\/fr\/wp-json\/wp\/v2\/tags?post=379315"}],"curies":[{"name":"wp","href":"https:\/\/api.w.org\/{rel}","templated":true}]}}