{"id":379323,"date":"2025-09-10T03:46:27","date_gmt":"2025-09-10T03:46:27","guid":{"rendered":"https:\/\/www.europesays.com\/fr\/379323\/"},"modified":"2025-09-10T03:46:27","modified_gmt":"2025-09-10T03:46:27","slug":"tesla-veut-ouvrir-un-centre-de-recherche-et-developpement-en-allemagne","status":"publish","type":"post","link":"https:\/\/www.europesays.com\/fr\/379323\/","title":{"rendered":"Tesla veut ouvrir un centre de recherche et d\u00e9veloppement en Allemagne"},"content":{"rendered":"<p>\nLe constructeur Tesla, propri\u00e9t\u00e9 d\u2019Elon Musk, a pr\u00e9vu de construire un centre de recherche en Europe, \u00e0 quelques kilom\u00e8tres de l&rsquo;usine de Gronheide, en Allemagne. Une nouvelle qui surprend, alors que les ventes de Tesla connaissent un net recul dans de nombreux pays europ\u00e9ens depuis le d\u00e9but de l\u2019ann\u00e9e.<\/p>\n<p>\nAlors que les ventes europ\u00e9ennes de <a href=\"https:\/\/www.auto-infos.fr\/tesla\/\" target=\"_blank\" rel=\"noopener\">Tesla<\/a> continuent de diminuer sur un certain nombre de march\u00e9s europ\u00e9ens, le constructeur am\u00e9ricain de v\u00e9hicules \u00e9lectriques veut <strong>garder une position centrale sur le Vieux Continent<\/strong>. En effet, il a annonc\u00e9 son intention d\u2019ouvrir un centre de recherche et d\u00e9veloppement dans le quartier de Berlin-K\u00f6penick, en Allemagne. D\u2019une superficie de <strong>20<\/strong>\u00a0<strong>000<\/strong>\u00a0<strong>m\u00b2,<\/strong> celui-ci reposera sur les vestiges d\u2019un ancien site industriel. L\u2019entreprise am\u00e9ricaine a \u00e9tudi\u00e9 une trentaine de sites avant de statuer sur ce choix final. Il a \u00e9t\u00e9 choisi en raison de sa taille, de sa capacit\u00e9 \u00e9nerg\u00e9tique, et de son emplacement strat\u00e9gique entre Berlin et Gronheide.<\/p>\n<p>\n<br \/>\u00c0 terme, le site devrait regrouper <strong>250<\/strong>\u00a0<strong>salari\u00e9s,<\/strong> mais lors de sa mise en activit\u00e9, seuls 130\u00a0ing\u00e9nieurs issus de la Gigafactory de Graenheide rejoindront le nouvel \u00e9tablissement. Ils se concentreront sur la recherche des mat\u00e9riaux, ainsi que sur le d\u00e9veloppement des v\u00e9hicules et des moteurs. La mise en route des activit\u00e9s ne devrait pas intervenir<strong> avant 2026.<\/strong><\/p>\n","protected":false},"excerpt":{"rendered":"Le constructeur Tesla, propri\u00e9t\u00e9 d\u2019Elon Musk, a pr\u00e9vu de construire un centre de recherche en Europe, \u00e0 quelques&hellip;\n","protected":false},"author":2,"featured_media":379324,"comment_status":"","ping_status":"","sticky":false,"template":"","format":"standard","meta":{"footnotes":""},"categories":[1587],"tags":[11,672,1804,51280,1979,1805,1803,1777,674,51281,1801,51282,12,51283,1802,2103,51285,51284],"class_list":{"0":"post-379323","1":"post","2":"type-post","3":"status-publish","4":"format-standard","5":"has-post-thumbnail","7":"category-allemagne","8":"tag-actualites","9":"tag-allemagne","10":"tag-bundesrepublik-deutschland","11":"tag-concurrence-byd-tesla-marche-auto","12":"tag-constructeurs","13":"tag-de","14":"tag-deutschland","15":"tag-eu","16":"tag-europe","17":"tag-expansion-usine-tesla-berlin","18":"tag-germany","19":"tag-marque-americaine-tesla","20":"tag-news","21":"tag-part-de-marche-de-tesla","22":"tag-republique-federale-dallemagne","23":"tag-usine","24":"tag-usine-de-berlin","25":"tag-voitures-electriques-tesla"},"share_on_mastodon":{"url":"https:\/\/pubeurope.com\/@fr\/115177952653888380","error":""},"_links":{"self":[{"href":"https:\/\/www.europesays.com\/fr\/wp-json\/wp\/v2\/posts\/379323","targetHints":{"allow":["GET"]}}],"collection":[{"href":"https:\/\/www.europesays.com\/fr\/wp-json\/wp\/v2\/posts"}],"about":[{"href":"https:\/\/www.europesays.com\/fr\/wp-json\/wp\/v2\/types\/post"}],"author":[{"embeddable":true,"href":"https:\/\/www.europesays.com\/fr\/wp-json\/wp\/v2\/users\/2"}],"replies":[{"embeddable":true,"href":"https:\/\/www.europesays.com\/fr\/wp-json\/wp\/v2\/comments?post=379323"}],"version-history":[{"count":0,"href":"https:\/\/www.europesays.com\/fr\/wp-json\/wp\/v2\/posts\/379323\/revisions"}],"wp:featuredmedia":[{"embeddable":true,"href":"https:\/\/www.europesays.com\/fr\/wp-json\/wp\/v2\/media\/379324"}],"wp:attachment":[{"href":"https:\/\/www.europesays.com\/fr\/wp-json\/wp\/v2\/media?parent=379323"}],"wp:term":[{"taxonomy":"category","embeddable":true,"href":"https:\/\/www.europesays.com\/fr\/wp-json\/wp\/v2\/categories?post=379323"},{"taxonomy":"post_tag","embeddable":true,"href":"https:\/\/www.europesays.com\/fr\/wp-json\/wp\/v2\/tags?post=379323"}],"curies":[{"name":"wp","href":"https:\/\/api.w.org\/{rel}","templated":true}]}}