{"id":379325,"date":"2025-09-10T03:47:10","date_gmt":"2025-09-10T03:47:10","guid":{"rendered":"https:\/\/www.europesays.com\/fr\/379325\/"},"modified":"2025-09-10T03:47:10","modified_gmt":"2025-09-10T03:47:10","slug":"competitivite-en-europe-la-locomotive-draghi-loin-detre-lancee-a-pleine-vitesse-lusine-nouvelle","status":"publish","type":"post","link":"https:\/\/www.europesays.com\/fr\/379325\/","title":{"rendered":"Comp\u00e9titivit\u00e9 en Europe : La locomotive \u00abDraghi\u00bb, loin d&#039;\u00eatre lanc\u00e9e \u00e0 pleine vitesse &#8211; L&#039;Usine Nouvelle"},"content":{"rendered":"<ol>\n<li><a href=\"https:\/\/news.google.com\/rss\/articles\/CBMiyAFBVV95cUxQY0U1SF9Tckt6bXpRNXg0LUFFZXRSS2J6NmFmeHFBT3pseEJJQW11NXk2YlJ5YUdIWGtzOXNTT3VDcWFzTXBrVG5JU09NOF8tWlNkNnBld01WTGlvVzRsVW4zaklkOXp6UzhibzNka2trZjFRb1FvMEQ5SEZPNm83LXhlZ2FqYnhtWDBvWmt2ZmI3TkdNZEkxa25wQ2hSSFNMRk54TzNfTEtWVmhUU0xtWUJuRDRwLWNPYTRqeUQ4VDFpZmdUSUFRWg?oc=5\" target=\"_blank\" rel=\"nofollow noopener\">Comp\u00e9titivit\u00e9 en Europe : La locomotive \u00abDraghi\u00bb, loin d&rsquo;\u00eatre lanc\u00e9e \u00e0 pleine vitesse<\/a>&nbsp;&nbsp;L&rsquo;Usine Nouvelle<\/li>\n<li><a href=\"https:\/\/news.google.com\/rss\/articles\/CBMi0gFBVV95cUxONXh3elh4SEdhcjBVUWRuaWdYYzBCZl9CMU85UkRmOElIM2JqWmhvY0w0TFRibnJFTEhjM0FkVzNNTW94YXJlSFhKSktwNkpjTzkzVmdvaVFjRjl2QS0wR0pqUHMtTEExWTgyU2x4c01xSzV1cFpsWEZiNTJEMFE3REIyMk1vVmJ2RTdlWHlsTFlpTzUtbUdPS1VEMTJTWERVLUZmekF2VEpMNlpCdzdJbzNrelVjUzlxdlkzMHpyRjJTMGJvTzJuWVhVVDlubENrNHc?oc=5\" target=\"_blank\" rel=\"nofollow noopener\">Inspir\u00e9 par \u00ab Super Mario \u00bb, St\u00e9phane S\u00e9journ\u00e9 pr\u00e9pare un \u00ab big bang \u00bb l\u00e9gislatif europ\u00e9en<\/a>&nbsp;&nbsp;Le Point<\/li>\n<li><a href=\"https:\/\/news.google.com\/rss\/articles\/CBMixgFBVV95cUxQWVJ3dGUxelhfRkxaNzJJWXBWaDVhSEJiMFAtLW42RWZwZGp0YUE1QnBqUVNVd2t2LWhXVi1qZjc0amc4dV9QUXh4aVZONXJwdGYzcjhxaWliV2ZGR2IxNkVvVzVSNjl2SUNwcklVUEZFOFl4a1RWYW1ENnMzZzBJOGl4SVZtOElmcGhDX0pNZVVnZzdCdDVqcW5JM2tUd2FSdGNzYTIxTUxvWXZnd3VFZ05oMkZvYU5vNFRXR2xRRUdtYWxIb3c?oc=5\" target=\"_blank\" rel=\"nofollow noopener\">Rapport Draghi : un an apr\u00e8s, l\u2019Europe peine \u00e0 lever les obstacles<\/a>&nbsp;&nbsp;La Tribune<\/li>\n<li><a href=\"https:\/\/news.google.com\/rss\/articles\/CBMiuAFBVV95cUxOTDFJNWNPaEItUWpZQkJlX21ham9tRk9uOVl3Y1FBLWpKbnJvdkNmQWRhRHRBX0Z3TDlfRmt5RHlRbHQxMXNmcGlyaE42SDJqbDc5S3U4djQyOG0wOTRMQ3EzWjBvV2gtLXZKbENCRzJ1anpwVmRMQVZSRFhXaDVhY29QQ29yTmNtS3JwTmFrajVJdWVCY09oc0RHM1ZkRndOZzZJb3FTak5SM0Q5SG1WT1Y2SFVoMjg4?oc=5\" target=\"_blank\" rel=\"nofollow noopener\">Ukraine, Gaza, droits de douane : la grande panne de Bruxelles<\/a>&nbsp;&nbsp;Le Nouvel Obs<\/li>\n<li><a href=\"https:\/\/news.google.com\/rss\/articles\/CBMixgFBVV95cUxPcDZqczkxRXNINUxtd1Q5TTBwLVFvZG8zZHRRUlZORDZTT3JUVm4tVHcwLVVyQ080S3phbURUMG5BSmtMOEE2X0hkUFJ4QzRuZDV1SEYyNS1LVUUxdmdya3prUXFpdFpBWFRyNy1vZjB3endvam5lWEVSamJjSEdERHpPMzBvaFFxUlpKVm4zVjNkTEh1c09EVWJnLXE3dklmMWFNWEFPWXBtWEVtWEtDblBTZjFTQXVyZDdtYS1VQmRhN2dVOXc?oc=5\" target=\"_blank\" rel=\"nofollow noopener\">Largement ignor\u00e9, le rapport Draghi sur la comp\u00e9titivit\u00e9 europ\u00e9enne reste d\u2019actualit\u00e9<\/a>&nbsp;&nbsp;Philippe Silberzahn<\/li>\n<\/ol>\n","protected":false},"excerpt":{"rendered":"Comp\u00e9titivit\u00e9 en Europe : La locomotive \u00abDraghi\u00bb, loin d&rsquo;\u00eatre lanc\u00e9e \u00e0 pleine vitesse&nbsp;&nbsp;L&rsquo;Usine Nouvelle Inspir\u00e9 par \u00ab Super&hellip;\n","protected":false},"author":2,"featured_media":379326,"comment_status":"","ping_status":"","sticky":false,"template":"","format":"standard","meta":{"footnotes":""},"categories":[1586],"tags":[11,19610,11291,1777,674,3531,1011,27,12,25],"class_list":{"0":"post-379325","1":"post","2":"type-post","3":"status-publish","4":"format-standard","5":"has-post-thumbnail","7":"category-europe","8":"tag-actualites","9":"tag-competitivite","10":"tag-eco-social","11":"tag-eu","12":"tag-europe","13":"tag-financement","14":"tag-fr","15":"tag-france","16":"tag-news","17":"tag-republique-francaise"},"share_on_mastodon":{"url":"https:\/\/pubeurope.com\/@fr\/115177956525745114","error":""},"_links":{"self":[{"href":"https:\/\/www.europesays.com\/fr\/wp-json\/wp\/v2\/posts\/379325","targetHints":{"allow":["GET"]}}],"collection":[{"href":"https:\/\/www.europesays.com\/fr\/wp-json\/wp\/v2\/posts"}],"about":[{"href":"https:\/\/www.europesays.com\/fr\/wp-json\/wp\/v2\/types\/post"}],"author":[{"embeddable":true,"href":"https:\/\/www.europesays.com\/fr\/wp-json\/wp\/v2\/users\/2"}],"replies":[{"embeddable":true,"href":"https:\/\/www.europesays.com\/fr\/wp-json\/wp\/v2\/comments?post=379325"}],"version-history":[{"count":0,"href":"https:\/\/www.europesays.com\/fr\/wp-json\/wp\/v2\/posts\/379325\/revisions"}],"wp:featuredmedia":[{"embeddable":true,"href":"https:\/\/www.europesays.com\/fr\/wp-json\/wp\/v2\/media\/379326"}],"wp:attachment":[{"href":"https:\/\/www.europesays.com\/fr\/wp-json\/wp\/v2\/media?parent=379325"}],"wp:term":[{"taxonomy":"category","embeddable":true,"href":"https:\/\/www.europesays.com\/fr\/wp-json\/wp\/v2\/categories?post=379325"},{"taxonomy":"post_tag","embeddable":true,"href":"https:\/\/www.europesays.com\/fr\/wp-json\/wp\/v2\/tags?post=379325"}],"curies":[{"name":"wp","href":"https:\/\/api.w.org\/{rel}","templated":true}]}}