{"id":379336,"date":"2025-09-10T03:55:11","date_gmt":"2025-09-10T03:55:11","guid":{"rendered":"https:\/\/www.europesays.com\/fr\/379336\/"},"modified":"2025-09-10T03:55:11","modified_gmt":"2025-09-10T03:55:11","slug":"nadal-na-jamais-retouche-une-raquette","status":"publish","type":"post","link":"https:\/\/www.europesays.com\/fr\/379336\/","title":{"rendered":"Nadal n&rsquo;a jamais retouch\u00e9 une raquette\u00a0!"},"content":{"rendered":"<p class=\"date\">\n                                                            Paul Rouget, Media365 : publi\u00e9 le mardi 09 septembre 2025 \u00e0 16h30\n                                                    <\/p>\n<p>A la retraite depuis novembre dernier, Rafael Nadal ne s&rsquo;ennuie pas. Mais le Roi de Roland-Garros n&rsquo;a jamais repris la raquette, et avoue avoir eu des difficult\u00e9s \u00e0 marcher.<\/p>\n<p>Cela fera bient\u00f4t un an. Le 19 novembre prochain, ce sera le premier anniversaire de l&rsquo;ultime match de Rafael Nadal, qui s&rsquo;\u00e9tait inclin\u00e9 face \u00e0 Botic van de Zandschulp lors du quart de finale de Coupe Davis perdu par l&rsquo;Espagne contre les Pays-Bas \u00e0 Malaga. <a href=\"https:\/\/sports.orange.fr\/tennis\/roland-garros\/article\/roland-garros-la-plaque-de-nadal-inspire-deja-exclu-CNT000002iU1JC.html\" rel=\"nofollow noopener\" target=\"_blank\">Honor\u00e9, et pas qu&rsquo;un peu, dans son jardin de Roland-Garros<\/a> lors de la derni\u00e8re \u00e9dition en juin dernier, le Majorquin aux 22 titres du Grand Chelem (dont 14 \u00e0 Paris) profite aujourd&rsquo;hui d&rsquo;une retraite bien m\u00e9rit\u00e9e.<\/p>\n<p>Interview\u00e9 par The Athletic, le d\u00e9sormais ex-joueur de 39 ans a fait une confidence\u00a0: il n&rsquo;a jamais retouch\u00e9 une raquette depuis l&rsquo;arr\u00eat de sa carri\u00e8re sportive\u00a0! \u00ab\u00a0D\u00e9j\u00e0, j&rsquo;avais tr\u00e8s mal au pied quand j&rsquo;ai arr\u00eat\u00e9, confie celui dont la fin de carri\u00e8re a \u00e9t\u00e9 g\u00e2ch\u00e9e par des blessures, notamment au pied. J&rsquo;ai eu des difficult\u00e9s \u00e0 marcher pendant un mois.\u00a0\u00bb<\/p>\n<p>Et il se sent aujourd&rsquo;hui mieux, \u00ab\u00a0Rafa\u00a0\u00bb n&rsquo;avait pas l&rsquo;envie, \u00ab\u00a0ni la motivation\u00a0\u00bb, pour retourner sur les courts. Mais il a pr\u00e9vu de le faire d&rsquo;ici la fin de l&rsquo;ann\u00e9e et ce car il ne veut pas&#8230; oublier comment jouer au tennis.<\/p>\n<p>Il ne se voit pas entra\u00eener \u00ab\u00a0aujourd&rsquo;hui\u00a0\u00bb<\/p>\n<p>Jouer et une chose, mais entra\u00eener en est une autre. S&rsquo;imagine-t-il donc, comme Andy Murray a pu le faire avec Novak Djokovic, <a href=\"https:\/\/sports.orange.fr\/tennis\/article\/nadal-n-ecarte-pas-l-idee-de-devenir-entraineur-exclu-CNT000002jkNLh.html\" rel=\"nofollow noopener\" target=\"_blank\">revenir sur le circuit en tant que coach, comme il l&rsquo;a d\u00e9j\u00e0 \u00e9voqu\u00e9 ?<\/a> \u00ab J&rsquo;ai trop de choses dans ma vie qui sont plus importantes pour moi aujourd&rsquo;hui, poursuit-il. J&rsquo;aime le tennis, j&rsquo;aime aussi d&rsquo;autres choses, et je veux profiter de ce moment de ma vie. \u00bb<\/p>\n<p>Mais comment s&rsquo;occupe-t-il donc aujourd&rsquo;hui\u00a0? Il a de quoi faire avec ses enfants, puisqu&rsquo;apr\u00e8s Rafael Junior, en 2022, il a accueilli, avec sa femme Xisca, un nouveau petit gar\u00e7on pr\u00e9nomm\u00e9 Miquel, qui est n\u00e9 le mois dernier.<\/p>\n<p>De quoi remplir l&#8217;emploi du temps du \u00ab\u00a0Taureau de Manacor\u00a0\u00bb, qui joue aussi au golf et a \u00e9galement de quoi faire avec son acad\u00e9mie de Majorque, sa fondation ou encore ses h\u00f4tels.<\/p>\n","protected":false},"excerpt":{"rendered":"Paul Rouget, Media365 : publi\u00e9 le mardi 09 septembre 2025 \u00e0 16h30 A la retraite depuis novembre dernier,&hellip;\n","protected":false},"author":2,"featured_media":379337,"comment_status":"","ping_status":"","sticky":false,"template":"","format":"standard","meta":{"footnotes":""},"categories":[1415],"tags":[1011,27,60,1467],"class_list":{"0":"post-379336","1":"post","2":"type-post","3":"status-publish","4":"format-standard","5":"has-post-thumbnail","7":"category-tennis","8":"tag-fr","9":"tag-france","10":"tag-sports","11":"tag-tennis"},"share_on_mastodon":{"url":"https:\/\/pubeurope.com\/@fr\/115177987933287869","error":""},"_links":{"self":[{"href":"https:\/\/www.europesays.com\/fr\/wp-json\/wp\/v2\/posts\/379336","targetHints":{"allow":["GET"]}}],"collection":[{"href":"https:\/\/www.europesays.com\/fr\/wp-json\/wp\/v2\/posts"}],"about":[{"href":"https:\/\/www.europesays.com\/fr\/wp-json\/wp\/v2\/types\/post"}],"author":[{"embeddable":true,"href":"https:\/\/www.europesays.com\/fr\/wp-json\/wp\/v2\/users\/2"}],"replies":[{"embeddable":true,"href":"https:\/\/www.europesays.com\/fr\/wp-json\/wp\/v2\/comments?post=379336"}],"version-history":[{"count":0,"href":"https:\/\/www.europesays.com\/fr\/wp-json\/wp\/v2\/posts\/379336\/revisions"}],"wp:featuredmedia":[{"embeddable":true,"href":"https:\/\/www.europesays.com\/fr\/wp-json\/wp\/v2\/media\/379337"}],"wp:attachment":[{"href":"https:\/\/www.europesays.com\/fr\/wp-json\/wp\/v2\/media?parent=379336"}],"wp:term":[{"taxonomy":"category","embeddable":true,"href":"https:\/\/www.europesays.com\/fr\/wp-json\/wp\/v2\/categories?post=379336"},{"taxonomy":"post_tag","embeddable":true,"href":"https:\/\/www.europesays.com\/fr\/wp-json\/wp\/v2\/tags?post=379336"}],"curies":[{"name":"wp","href":"https:\/\/api.w.org\/{rel}","templated":true}]}}