{"id":379340,"date":"2025-09-10T03:58:18","date_gmt":"2025-09-10T03:58:18","guid":{"rendered":"https:\/\/www.europesays.com\/fr\/379340\/"},"modified":"2025-09-10T03:58:18","modified_gmt":"2025-09-10T03:58:18","slug":"hamilton-sera-sur-le-podium-cette-annee-vasseur-garde-la-foi","status":"publish","type":"post","link":"https:\/\/www.europesays.com\/fr\/379340\/","title":{"rendered":"\u00ab\u00a0Hamilton sera sur le podium cette ann\u00e9e\u00a0\u00bb : Vasseur garde la foi !"},"content":{"rendered":"<p class=\"mb-4 text-lg md:leading-8 break-words\">Lewis Hamilton n&rsquo;a pas encore go\u00fbt\u00e9 au champagne en rouge. Sauf en course Sprint en tout d\u00e9but de saison. Mais son patron chez Ferrari, Fred Vasseur, ne doute pas. Avant la fin de la saison, le septuple champion du monde sera sur le podium au moins une fois.<\/p>\n<p>Un premier Monza sous les projecteurs pour Hamilton<\/p>\n<p class=\"mb-4 text-lg md:leading-8 break-words\">Dimanche, pour son tout premier Grand Prix d&rsquo;Italie au volant d&rsquo;une Ferrari, <strong>Hamilton a d\u00fb composer avec une p\u00e9nalit\u00e9 sur la grille. Parti dixi\u00e8me, il a finalement <a href=\"https:\/\/www.sportauto.fr\/actu\/sport-actu\/formule-1\/f1-grand-prix-italie-monza-2025-course-classement-resultats-verstappen-mclaren-438427.html\" rel=\"nofollow noopener\" target=\"_blank\" data-ylk=\"slk:coup\u00e9 la ligne en sixi\u00e8me;elm:context_link;itc:0;sec:content-canvas\" class=\"link \">coup\u00e9 la ligne en sixi\u00e8me<\/a> position<\/strong>, juste derri\u00e8re George Russell. Pas de troph\u00e9e donc, mais un accueil br\u00fblant des tifosi, qui ont largement c\u00e9l\u00e9br\u00e9 ses d\u00e9buts en rouge sur l&rsquo;Autodromo.<br \/><strong>Vasseur y voit d\u00e9j\u00e0 un signe encourageant<\/strong>. \u00ab Oui, on peut s&rsquo;attendre \u00e0 ce qu&rsquo;il soit sur le podium \u00bb, a-t-il l\u00e2ch\u00e9 sans d\u00e9tour, rappelant qu&rsquo;il avait lui-m\u00eame esp\u00e9r\u00e9 voir une Ferrari sur la bo\u00eete \u00e0 Monza. <strong>Pour le directeur fran\u00e7ais, le soutien des fans a jou\u00e9 un r\u00f4le cl\u00e9 dans <a href=\"https:\/\/www.sportauto.fr\/actu\/sport-actu\/formule-1\/f1-italie-monza-grand-prix-2025-nouveau-coup-dur-lewis-hamilton-ferrari-penalite-438078.html\" rel=\"nofollow noopener\" target=\"_blank\" data-ylk=\"slk:le week-end de Lewis;elm:context_link;itc:0;sec:content-canvas\" class=\"link \">le week-end de Lewis<\/a> Hamilton.<\/strong> \u00ab L&rsquo;\u00e9nergie qu&rsquo;il a re\u00e7ue mercredi et jeudi \u00e0 Milan \u00e9tait quelque chose de tr\u00e8s sp\u00e9cial pour lui. Cela lui a donn\u00e9 un coup de pouce suppl\u00e9mentaire \u00bb.<br \/>Un soutien dont la Scuderia aura besoin pour aller chercher des r\u00e9sultats alors que la saison s&#8217;emballe. <strong><a href=\"https:\/\/www.sportauto.fr\/actu\/sport-actu\/formule-1\/f1-scuderia-ferrari-monoplace-2025-italie-monza-grand-prix-livree-speciale-niki-lauda-438186.html\" rel=\"nofollow noopener\" target=\"_blank\" data-ylk=\"slk:Ferrari pointe...Lire la suite sur Sport Auto;elm:context_link;itc:0;sec:content-canvas\" class=\"link \">Ferrari pointe&#8230;<\/a><a href=\"https:\/\/www.sportauto.fr\/actu\/sport-actu\/formule-1\/hamilton-podium-f1-2025-declarations-vasseur-438569.html\" rel=\"nofollow noopener\" target=\"_blank\" data-ylk=\"slk:Lire la suite sur Sport Auto;elm:context_link;itc:0;sec:content-canvas\" class=\"link \">Lire la suite sur Sport Auto<\/a><\/strong><\/p>\n","protected":false},"excerpt":{"rendered":"Lewis Hamilton n&rsquo;a pas encore go\u00fbt\u00e9 au champagne en rouge. Sauf en course Sprint en tout d\u00e9but de&hellip;\n","protected":false},"author":2,"featured_media":379341,"comment_status":"","ping_status":"","sticky":false,"template":"","format":"standard","meta":{"footnotes":""},"categories":[1412],"tags":[46540,1451,2251,1452,1453,1454,1455,1011,27,37549,11459,1975,60],"class_list":{"0":"post-379340","1":"post","2":"type-post","3":"status-publish","4":"format-standard","5":"has-post-thumbnail","7":"category-f1","8":"tag-debut-de-saison","9":"tag-f1","10":"tag-ferrari","11":"tag-formula-1","12":"tag-formula1","13":"tag-formule-1","14":"tag-formule1","15":"tag-fr","16":"tag-france","17":"tag-fred-vasseur","18":"tag-le-podium","19":"tag-lewis-hamilton","20":"tag-sports"},"share_on_mastodon":{"url":"https:\/\/pubeurope.com\/@fr\/115177999862385803","error":""},"_links":{"self":[{"href":"https:\/\/www.europesays.com\/fr\/wp-json\/wp\/v2\/posts\/379340","targetHints":{"allow":["GET"]}}],"collection":[{"href":"https:\/\/www.europesays.com\/fr\/wp-json\/wp\/v2\/posts"}],"about":[{"href":"https:\/\/www.europesays.com\/fr\/wp-json\/wp\/v2\/types\/post"}],"author":[{"embeddable":true,"href":"https:\/\/www.europesays.com\/fr\/wp-json\/wp\/v2\/users\/2"}],"replies":[{"embeddable":true,"href":"https:\/\/www.europesays.com\/fr\/wp-json\/wp\/v2\/comments?post=379340"}],"version-history":[{"count":0,"href":"https:\/\/www.europesays.com\/fr\/wp-json\/wp\/v2\/posts\/379340\/revisions"}],"wp:featuredmedia":[{"embeddable":true,"href":"https:\/\/www.europesays.com\/fr\/wp-json\/wp\/v2\/media\/379341"}],"wp:attachment":[{"href":"https:\/\/www.europesays.com\/fr\/wp-json\/wp\/v2\/media?parent=379340"}],"wp:term":[{"taxonomy":"category","embeddable":true,"href":"https:\/\/www.europesays.com\/fr\/wp-json\/wp\/v2\/categories?post=379340"},{"taxonomy":"post_tag","embeddable":true,"href":"https:\/\/www.europesays.com\/fr\/wp-json\/wp\/v2\/tags?post=379340"}],"curies":[{"name":"wp","href":"https:\/\/api.w.org\/{rel}","templated":true}]}}