{"id":379346,"date":"2025-09-10T04:01:27","date_gmt":"2025-09-10T04:01:27","guid":{"rendered":"https:\/\/www.europesays.com\/fr\/379346\/"},"modified":"2025-09-10T04:01:27","modified_gmt":"2025-09-10T04:01:27","slug":"on-sadresse-des-petits-messages-laury-thilleman-et-cyril-lignac-la-belle-histoire-et-un-amour-inconditionnel","status":"publish","type":"post","link":"https:\/\/www.europesays.com\/fr\/379346\/","title":{"rendered":"On s&rsquo;adresse des petits messages\u00a0\u00bb : Laury Thilleman et Cyril Lignac, la belle histoire et \u00ab\u00a0un amour inconditionnel"},"content":{"rendered":"<p>Ils ont eu \u00ab\u00a0tout le temps de se d\u00e9couvrir mutuellement\u00a0\u00bb. De fait, sans surprise, <strong>une belle histoire est n\u00e9e<\/strong> entre Laury Thilleman et <a href=\"https:\/\/vsd.fr\/tag\/cyril-lignac\/\" target=\"_blank\" rel=\"noopener\">Cyril Lignac<\/a>. En effet, depuis <a href=\"https:\/\/www.public.fr\/laury-thilleman-apres-cyril-lignac-lidentite-de-son-nouvel-invite-pour-rendez-vous-en-terre-inconnue-devoilee\" target=\"_blank\" rel=\"noopener\">le tournage de <strong>Rendez-vous en terre inconnue<\/strong><\/a>, le premier num\u00e9ro pour <a href=\"https:\/\/www.public.fr\/tag\/laury-thilleman\" target=\"_blank\" rel=\"noopener\">l\u2019ancienne Miss France<\/a> depuis qu\u2019elle a succ\u00e9d\u00e9 \u00e0 <a href=\"https:\/\/www.public.fr\/tag\/frederic-lopez\" target=\"_blank\" rel=\"noopener\">Fr\u00e9d\u00e9ric Lopez<\/a>, l\u2019ex-reine de beaut\u00e9 et le chef seraient devenus d\u2019excellents amis.<\/p>\n<p>C\u2019est en tout cas ce qu\u2019a confi\u00e9 la nouvelle animatrice du <a href=\"https:\/\/www.public.fr\/cyril-lignac-laury-thilleman-lui-a-offert-sa-premiere-fois-grace-a-rendez-vous-en-terre-inconnue\" target=\"_blank\" rel=\"noopener\">programme phare de France 2<\/a> au cours d\u2019un entretien accord\u00e9 \u00e0 Paris Match. En plus d\u2019avoir trouv\u00e9 une nouvelle amiti\u00e9, Miss France 2011 a \u00e9galement d\u00e9couvert un nouveau travail qui lui procure \u00e9norm\u00e9ment de plaisir.\u00a0<\/p>\n<p>Laury Thilleman heureuse de son nouveau r\u00f4le<\/p>\n<p>\u00ab\u00a0En prenant cet avion, j&rsquo;ai eu l&rsquo;impression d&rsquo;\u00eatre \u00e0 ma place devant une cam\u00e9ra pour la premi\u00e8re fois de ma vie. Quand Fr\u00e9d\u00e9ric Lopez m&rsquo;a propos\u00e9 de reprendre cette \u00e9mission qui m&rsquo;a toujours fait r\u00eaver. Je me suis sentie choisie, d\u00e9sir\u00e9e. Contrairement \u00e0 ce que j&rsquo;ai pu vivre jusque-l\u00e0 \u00e0 la t\u00e9l\u00e9vision\u00a0\u00bb, se r\u00e9jouit Laury Thilleman.<\/p>\n<p>Avant de poursuivre : \u00ab\u00a0Il n&rsquo;y a pas de r\u00f4le \u00e0 jouer, pas d&rsquo;artifice.\u00a0<strong>On ne peut pas tricher.<\/strong>\u00a0C&rsquo;est vraiment mon credo. Je ne vois pas quelle \u00e9mission pourrait \u00eatre plus authentique\u00a0\u00bb. L\u2019ancienne Miss France se r\u00e9jouit \u00e9galement de ne s\u2019\u00eatre jamais \u00ab\u00a0autant l\u00e2ch\u00e9e dans [sa] vie\u00a0\u00bb.\u00a0<\/p>\n<p>\u00ab\u00a0Pour moi, les cam\u00e9ras n&rsquo;existaient plus. J&rsquo;\u00e9tais en totale symbiose avec les personnes qui nous recevaient. Avec mon invit\u00e9 et l&rsquo;\u00e9quipe qui nous entourait. \u00c7a a donn\u00e9 lieu \u00e0 des rires, \u00e0 beaucoup de pleurs et de joie. Puis \u00e0 l&rsquo;\u00e9motion intense de quitter ces femmes et ces hommes qu&rsquo;on ne reverra peut-\u00eatre plus jamais. <strong>C&rsquo;\u00e9tait le voyage d&rsquo;une vie<\/strong>\u00ab\u00a0, se souvient Laury Thilleman, heureuse cette exp\u00e9rience.<\/p>\n<p>Sa belle histoire avec Cyril Lignac, n\u00e9e sur le tournage de \u00ab\u00a0Rendez-vous en terre inconnue\u00a0\u00bb<\/p>\n<p>Laury Thilleman se dit \u00e9galement heureuse car, gr\u00e2ce \u00e0 <strong>Rendez-vous en terre inconnue<\/strong>, elle a pu <strong>trouver un nouvel ami<\/strong> en la personne de Cyril Lignac alors que les deux, avant de partir en tournage, ne se \u00ab\u00a0connaissaient pas\u00a0\u00bb.\u00a0<\/p>\n<p>N\u00e9anmoins, lors de leur voyage, ils ont \u00ab\u00a0<strong>eu tout le temps de se d\u00e9couvrir mutuellement<\/strong>, sans attente particuli\u00e8re\u00a0\u00bb. \u00ab\u00a0Dans chaque voyage, les plus belles rencontres sont celles qu&rsquo;on n&rsquo;avait pas pr\u00e9m\u00e9dit\u00e9es\u00a0\u00bb, explique-t-elle.<\/p>\n<p>Aujourd\u2019hui, ils garderaient le contact comme le r\u00e9v\u00e8le Laury Thilleman : \u00ab\u00a0<strong>On s&rsquo;adresse des petits messages, de l&rsquo;\u00e9nergie pour nos projets<\/strong>\u00ab\u00a0. \u00ab\u00a0Et les p\u00e9riodes de vie qu&rsquo;on sait intenses&#8230; <strong>C&rsquo;est une esp\u00e8ce d&rsquo;amour inconditionnel.<\/strong> On sait que ce lien existe, on n&rsquo;a pas besoin de s&rsquo;envoyer des c\u0153urs toute la journ\u00e9e.\u00a0Cette amiti\u00e9 est scell\u00e9e par un voyage qu&rsquo;on ne revivra plus\u00a0\u00bb, ajoute-t-elle, fi\u00e8re et heureuse d\u2019avoir nou\u00e9 \u00ab\u00a0quelque chose d&rsquo;assez fort et d\u2019indescriptible\u00a0\u00bb.\u00a0<\/p>\n<p>      Mentionn\u00e9s dans cet article<\/p>\n<p>      Sur le m\u00eame sujet<\/p>\n","protected":false},"excerpt":{"rendered":"Ils ont eu \u00ab\u00a0tout le temps de se d\u00e9couvrir mutuellement\u00a0\u00bb. De fait, sans surprise, une belle histoire est&hellip;\n","protected":false},"author":2,"featured_media":379347,"comment_status":"","ping_status":"","sticky":false,"template":"","format":"standard","meta":{"footnotes":""},"categories":[1359],"tags":[46556,58,59,1011,27,594,9481,35154,973,9482],"class_list":{"0":"post-379346","1":"post","2":"type-post","3":"status-publish","4":"format-standard","5":"has-post-thumbnail","7":"category-people","8":"tag-cyril-lignac","9":"tag-divertissement","10":"tag-entertainment","11":"tag-fr","12":"tag-france","13":"tag-france-2","14":"tag-frederic-lopez","15":"tag-laury-thilleman","16":"tag-people","17":"tag-rendez-vous-en-terre-inconnue"},"share_on_mastodon":{"url":"https:\/\/pubeurope.com\/@fr\/115178011543524475","error":""},"_links":{"self":[{"href":"https:\/\/www.europesays.com\/fr\/wp-json\/wp\/v2\/posts\/379346","targetHints":{"allow":["GET"]}}],"collection":[{"href":"https:\/\/www.europesays.com\/fr\/wp-json\/wp\/v2\/posts"}],"about":[{"href":"https:\/\/www.europesays.com\/fr\/wp-json\/wp\/v2\/types\/post"}],"author":[{"embeddable":true,"href":"https:\/\/www.europesays.com\/fr\/wp-json\/wp\/v2\/users\/2"}],"replies":[{"embeddable":true,"href":"https:\/\/www.europesays.com\/fr\/wp-json\/wp\/v2\/comments?post=379346"}],"version-history":[{"count":0,"href":"https:\/\/www.europesays.com\/fr\/wp-json\/wp\/v2\/posts\/379346\/revisions"}],"wp:featuredmedia":[{"embeddable":true,"href":"https:\/\/www.europesays.com\/fr\/wp-json\/wp\/v2\/media\/379347"}],"wp:attachment":[{"href":"https:\/\/www.europesays.com\/fr\/wp-json\/wp\/v2\/media?parent=379346"}],"wp:term":[{"taxonomy":"category","embeddable":true,"href":"https:\/\/www.europesays.com\/fr\/wp-json\/wp\/v2\/categories?post=379346"},{"taxonomy":"post_tag","embeddable":true,"href":"https:\/\/www.europesays.com\/fr\/wp-json\/wp\/v2\/tags?post=379346"}],"curies":[{"name":"wp","href":"https:\/\/api.w.org\/{rel}","templated":true}]}}