{"id":379355,"date":"2025-09-10T04:07:10","date_gmt":"2025-09-10T04:07:10","guid":{"rendered":"https:\/\/www.europesays.com\/fr\/379355\/"},"modified":"2025-09-10T04:07:10","modified_gmt":"2025-09-10T04:07:10","slug":"lobesite-depasse-desormais-la-sous-nutrition-chez-les-enfants-et-les-adolescents-alerte-lunicef","status":"publish","type":"post","link":"https:\/\/www.europesays.com\/fr\/379355\/","title":{"rendered":"L\u2019ob\u00e9sit\u00e9 d\u00e9passe d\u00e9sormais la sous-nutrition chez les enfants et les adolescents, alerte l\u2019Unicef"},"content":{"rendered":"<p>                          <img loading=\"lazy\" decoding=\"async\" src=\"https:\/\/www.europesays.com\/fr\/wp-content\/uploads\/2025\/09\/e577131_upload-1-14rqzw5wrtcp-2010-01-29t000000z-1964704101-gm1e61t0yu301-rtrmadp-3-taiwan.JPG\" alt=\"Un enfant dans un fast food \u00e0 Taipei (Ta\u00efwan), en janvier 2010. Illustration.\"   width=\"664\" height=\"443\"\/>    Un enfant dans un fast food \u00e0 Taipei (Ta\u00efwan), en janvier 2010. Illustration.  NICKY LOH\/REUTERS                    <\/p>\n<p class=\"article__paragraph  \">L\u2019ob\u00e9sit\u00e9 s\u2019est envol\u00e9e ces derni\u00e8res ann\u00e9es chez les enfants et adolescents, matraqu\u00e9s par la publicit\u00e9 pour la malbouffe, alerte, mardi 9\u00a0septembre, l\u2019Unicef. Selon l\u2019agence onusienne, le ph\u00e9nom\u00e8ne devient m\u00eame cette ann\u00e9e la premi\u00e8re forme de malnutrition chez les 5-19\u00a0ans dans le monde, devant la sous-alimentation.<\/p>\n<p>                                      Lire aussi |  Article r\u00e9serv\u00e9 \u00e0 nos abonn\u00e9s  <a href=\"https:\/\/www.lemonde.fr\/planete\/article\/2024\/03\/01\/l-obesite-touche-plus-d-un-milliard-de-personnes-dans-le-monde_6219349_3244.html\" class=\"js-article-read-also catcher--favoris__link\" data-premium=\"1\" id=\"article-title-3362224\" rel=\"nofollow noopener\" target=\"_blank\">Plus d\u2019un milliard de personnes sont aujourd\u2019hui ob\u00e8ses dans le monde<\/a>    <\/p>\n<p>   Lire plus tard  <\/p>\n<p class=\"article__paragraph  \">\u00ab\u00a0Aujourd\u2019hui, lorsque nous parlons de malnutrition, nous ne faisons plus uniquement r\u00e9f\u00e9rence aux enfants pr\u00e9sentant une insuffisance pond\u00e9rale\u00a0\u00bb, commente la patronne de l\u2019organisation, Catherine Russell. \u00ab\u00a0L\u2019ob\u00e9sit\u00e9 est un probl\u00e8me de plus en plus pr\u00e9occupant qui peut avoir des r\u00e9percussions sur la sant\u00e9 et le d\u00e9veloppement des enfants.\u00a0\u00bb<\/p>\n<p class=\"article__paragraph  \">Alors que la lutte pour r\u00e9duire la faim dans le monde porte en partie ses fruits, la pr\u00e9valence de l\u2019insuffisance pond\u00e9rale chez les enfants et adolescents suit une pente descendante, passant de 13 \u00e0 10\u00a0% entre 2000 et 2022 chez les 5-19\u00a0ans, selon des donn\u00e9es r\u00e9colt\u00e9es dans 190 pays. Mais sur la m\u00eame p\u00e9riode, le surpoids est mont\u00e9 en fl\u00e8che\u00a0: le nombre des 5-19\u00a0ans touch\u00e9s a doubl\u00e9 entre 2000 et 2022 (194 \u00e0 391\u00a0millions). La hausse est encore plus marqu\u00e9e pour l\u2019ob\u00e9sit\u00e9, forme plus grave du surpoids associ\u00e9e \u00e0 des d\u00e9sordres m\u00e9taboliques comme le diab\u00e8te, et \u00e0 certains cancers, et parfois accompagn\u00e9e d\u2019une faible estime de soi, d\u2019anxi\u00e9t\u00e9 et de d\u00e9pression. Ainsi, en\u00a02022, 8\u00a0% des 5-19\u00a0ans dans le monde (163\u00a0millions) souffraient d\u2019ob\u00e9sit\u00e9, contre 3\u00a0% en\u00a02000.<\/p>\n<p>                                 Lire aussi |  Article r\u00e9serv\u00e9 \u00e0 nos abonn\u00e9s  <a href=\"https:\/\/www.lemonde.fr\/idees\/article\/2023\/10\/28\/sante-il-faut-mettre-fin-au-matraquage-publicitaire-des-industriels-de-la-malbouffe-sur-nos-enfants_6196999_3232.html\" class=\"js-article-read-also catcher--favoris__link\" data-premium=\"1\" id=\"article-title-3345147\" rel=\"nofollow noopener\" target=\"_blank\">\u00ab\u00a0Il faut mettre fin au matraquage publicitaire des industriels de la malbouffe sur nos enfants\u00a0\u00bb<\/a>    <\/p>\n<p>   Lire plus tard  <\/p>\n<p>                    Un \u00ab\u00a0tournant historique\u00a0\u00bb              <\/p>\n<p class=\"article__paragraph  \">Sur la base des deux tendances inverses, l\u2019Unicef estime que \u00ab\u00a02025 marque un tournant historique\u00a0\u00bb\u00a0: \u00ab\u00a0Pour la premi\u00e8re fois, la pr\u00e9valence mondiale de l\u2019ob\u00e9sit\u00e9 chez les enfants et adolescents en \u00e2ge scolaire d\u00e9passe celle de l\u2019insuffisance pond\u00e9rale (9,4\u00a0% contre 9,2\u00a0%).\u00a0\u00bb Ainsi, 188\u00a0millions d\u2019enfants et adolescents de 5 \u00e0 19\u00a0ans vivent avec cette maladie chronique, selon ces projections.<\/p>\n<p class=\"article__paragraph  \">Premier coupable\u00a0: un environnement toxique cr\u00e9\u00e9 par l\u2019industrie des aliments ultratransform\u00e9s et ses \u00ab\u00a0pratiques commerciales contraires \u00e0 l\u2019\u00e9thique\u00a0\u00bb destin\u00e9e \u00e0 faire des profits, met en cause l\u2019Unicef. Les enfants \u00ab\u00a0sont bombard\u00e9s par le marketing alimentaire malsain\u00a0\u00bb, y compris \u00e0 l\u2019\u00e9cole o\u00f9 sont expos\u00e9s boissons ultrasucr\u00e9es ou encas ultratransform\u00e9s pauvres en nutriments, explique \u00e0 l\u2019Agence France-Presse (AFP), Katherine Shats, une des auteurs du rapport. Ces produits sont souvent moins chers que les aliments frais, fruits, l\u00e9gumes ou prot\u00e9ines, qu\u2019ils remplacent petit \u00e0 petit dans le r\u00e9gime alimentaire des familles.<\/p>\n<p class=\"article__paragraph  \">Cependant, l\u2019Unicef insiste\u00a0: la faute n\u2019en revient ni aux enfants ni \u00e0 leurs familles, mais \u00e0 un \u00ab\u00a0\u00e9chec de la soci\u00e9t\u00e9\u00a0\u00bb. L\u2019agence rejette aussi le \u00ab\u00a0mythe\u00a0\u00bb autour du sport\u00a0: il est \u00ab\u00a0impossible d\u2019\u00e9chapper aux cons\u00e9quences sur la sant\u00e9\u00a0\u00bb de la malbouffe \u00ab\u00a0seulement par l\u2019activit\u00e9 physique\u00a0\u00bb.<\/p>\n<p>                                 Lire aussi |  Article r\u00e9serv\u00e9 \u00e0 nos abonn\u00e9s  <a href=\"https:\/\/www.lemonde.fr\/planete\/article\/2025\/03\/04\/l-obesite-et-le-surpoids-continuent-leur-progression-dans-le-monde-60-des-adultes-et-un-tiers-des-enfants-seront-concernes-en-2050-si-rien-ne-change_6576042_3244.html\" class=\"js-article-read-also catcher--favoris__link\" data-premium=\"1\" id=\"article-title-3412546\" rel=\"nofollow noopener\" target=\"_blank\">L\u2019ob\u00e9sit\u00e9 et le surpoids continuent leur progression dans le monde, 60\u00a0% des adultes et un tiers des enfants seront concern\u00e9s en\u00a02050 si rien ne change<\/a>    <\/p>\n<p>   Lire plus tard  <\/p>\n<p>                    Un besoin urgent de mesures contraignantes              <\/p>\n<p class=\"article__paragraph  \">Historiquement, la pr\u00e9valence du surpoids chez les enfants et adolescents \u00e9tait plus importante dans les pays d\u00e9velopp\u00e9s. Elle reste \u00e9lev\u00e9e par exemple au Chili (27\u00a0% des 5-19\u00a0ans) ou aux Etats-Unis (21\u00a0%). Mais depuis 2000, l\u2019\u00e9cart entre pays riches et pauvres se r\u00e9duit, avec des taux d\u2019ob\u00e9sit\u00e9 qui s\u2019envolent dans certaines \u00eeles du Pacifique, o\u00f9 les importations remplacent les produits traditionnels, comme Niou\u00e9 (38\u00a0%), les \u00eeles Cook (37\u00a0%) ou Nauru (33\u00a0%).<\/p>\n<p class=\"article__paragraph  \">Pour certains pays, c\u2019est m\u00eame la double peine, avec la coexistence de la sous-nutrition et de l\u2019ob\u00e9sit\u00e9. Comme dans certaines zones en crise humanitaire, o\u00f9 des grandes entreprises du secteur \u00ab\u00a0donnent de grandes quantit\u00e9s de malbouffe\u00a0\u00bb pour promouvoir leur image, et o\u00f9 des enfants qui ont faim se retrouvent \u00e0 n\u2019avoir acc\u00e8s qu\u2019\u00e0 des aliments n\u00e9fastes pour leur sant\u00e9, d\u00e9plore Katherine Shats. \u00ab\u00a0Il est urgent d\u2019instaurer des politiques qui aident les parents et les personnes s\u2019occupant d\u2019enfants \u00e0 acc\u00e9der \u00e0 des aliments nutritifs et sains\u00a0\u00bb, plaide Catherine Russell.<\/p>\n<p class=\"article__paragraph  \">L\u2019Unicef appelle notamment les gouvernements \u00e0 des mesures contraignantes, comme des restrictions publicitaires, des taxes sur les boissons sucr\u00e9es et aliments n\u00e9fastes, un meilleur \u00e9tiquetage di\u00e9t\u00e9tique ou des politiques pour r\u00e9orienter le syst\u00e8me agroalimentaire vers la production de produits frais.<\/p>\n<p>                                 Lire aussi |  Article r\u00e9serv\u00e9 \u00e0 nos abonn\u00e9s  <a href=\"https:\/\/www.lemonde.fr\/sante\/article\/2025\/07\/18\/les-fleaux-de-la-malbouffe-et-de-l-obesite-infantile-ravagent-le-mexique_6622077_1651302.html\" class=\"js-article-read-also catcher--favoris__link\" data-premium=\"1\" id=\"article-title-3420330\" rel=\"nofollow noopener\" target=\"_blank\">Les fl\u00e9aux de la malbouffe et de l\u2019ob\u00e9sit\u00e9 infantile ravagent le Mexique<\/a>    <\/p>\n<p>   Lire plus tard  <\/p>\n<p class=\"author__detail\">  Le Monde avec AFP  <\/p>\n","protected":false},"excerpt":{"rendered":"Un enfant dans un fast food \u00e0 Taipei (Ta\u00efwan), en janvier 2010. Illustration. NICKY LOH\/REUTERS L\u2019ob\u00e9sit\u00e9 s\u2019est envol\u00e9e&hellip;\n","protected":false},"author":2,"featured_media":379356,"comment_status":"","ping_status":"","sticky":false,"template":"","format":"standard","meta":{"footnotes":""},"categories":[10],"tags":[1011,27,72,71],"class_list":{"0":"post-379355","1":"post","2":"type-post","3":"status-publish","4":"format-standard","5":"has-post-thumbnail","7":"category-sante","8":"tag-fr","9":"tag-france","10":"tag-health","11":"tag-sante"},"share_on_mastodon":{"url":"https:\/\/pubeurope.com\/@fr\/115178035716331533","error":""},"_links":{"self":[{"href":"https:\/\/www.europesays.com\/fr\/wp-json\/wp\/v2\/posts\/379355","targetHints":{"allow":["GET"]}}],"collection":[{"href":"https:\/\/www.europesays.com\/fr\/wp-json\/wp\/v2\/posts"}],"about":[{"href":"https:\/\/www.europesays.com\/fr\/wp-json\/wp\/v2\/types\/post"}],"author":[{"embeddable":true,"href":"https:\/\/www.europesays.com\/fr\/wp-json\/wp\/v2\/users\/2"}],"replies":[{"embeddable":true,"href":"https:\/\/www.europesays.com\/fr\/wp-json\/wp\/v2\/comments?post=379355"}],"version-history":[{"count":0,"href":"https:\/\/www.europesays.com\/fr\/wp-json\/wp\/v2\/posts\/379355\/revisions"}],"wp:featuredmedia":[{"embeddable":true,"href":"https:\/\/www.europesays.com\/fr\/wp-json\/wp\/v2\/media\/379356"}],"wp:attachment":[{"href":"https:\/\/www.europesays.com\/fr\/wp-json\/wp\/v2\/media?parent=379355"}],"wp:term":[{"taxonomy":"category","embeddable":true,"href":"https:\/\/www.europesays.com\/fr\/wp-json\/wp\/v2\/categories?post=379355"},{"taxonomy":"post_tag","embeddable":true,"href":"https:\/\/www.europesays.com\/fr\/wp-json\/wp\/v2\/tags?post=379355"}],"curies":[{"name":"wp","href":"https:\/\/api.w.org\/{rel}","templated":true}]}}