{"id":379361,"date":"2025-09-10T04:10:11","date_gmt":"2025-09-10T04:10:11","guid":{"rendered":"https:\/\/www.europesays.com\/fr\/379361\/"},"modified":"2025-09-10T04:10:11","modified_gmt":"2025-09-10T04:10:11","slug":"apple-watch-series-11-et-ultra-3-voici-les-nouveautes-des-nouvelles-montres-connectees","status":"publish","type":"post","link":"https:\/\/www.europesays.com\/fr\/379361\/","title":{"rendered":"Apple Watch Series 11 et Ultra 3 : voici les nouveaut\u00e9s des nouvelles montres connect\u00e9es"},"content":{"rendered":"<p class=\"ed__a-p ed__bdy__l\">La soir\u00e9e a \u00e9t\u00e9 belle pour les fans d\u2019Apple puisque les internautes ont d\u00e9couvert l\u2019<a href=\"https:\/\/www.lesnumeriques.com\/telephone-portable\/apple-iphone-17-l-entree-de-gamme-monte-d-un-cran-n242195.html\" title=\"Apple iPhone 17 : l\u2019entr\u00e9e de gamme monte d\u2019un cran\" rel=\"nofollow noopener\" target=\"_blank\">iPhone 17<\/a>, les <a href=\"https:\/\/www.lesnumeriques.com\/ecouteurs-sans-fil\/apple-devoile-les-airpods-pro-3-plus-performants-plus-intelligents-et-desormais-orientes-sante-n242213.html\" title=\"AirPods Pro 3 : capteur cardiaque, r\u00e9duction de bruit ultime et traduction en temps r\u00e9el pour faire oublier Sony et Bose\" rel=\"nofollow noopener\" target=\"_blank\">AirPods Pro 3<\/a> ou encore l\u2019<a href=\"https:\/\/www.lesnumeriques.com\/montre-connectee\/apple-watch-se-3-les-4-bonnes-raisons-d-attendre-la-prochaine-montre-connectee-abordable-apple-n241280.html\" title=\"Apple Watch SE 3 : les 4 bonnes raisons d\u2019attendre la prochaine montre connect\u00e9e abordable Apple\" rel=\"nofollow noopener\" target=\"_blank\">Apple Watch SE 3<\/a>. Et justement, il y a deux autres montres connect\u00e9es qui attendent les utilisateurs avec les Apple Watch Series 11 et Apple Watch Ultra 3. Ces deux mod\u00e8les proposent la 5G, une d\u00e9tection de l\u2019hypertension, un Sleep Score pour analyser le sommeil et les cadrans Flow et Exactograph.<\/p>\n<p>Fiche technique et prix de l&rsquo;Apple Watch Series 11<\/p>\n<p class=\"ed__a-p ed__bdy__l\">L\u2019Apple Watch Series 11 reprend le design affin\u00e9 de son pr\u00e9d\u00e9cesseur. Sous le capot, c\u2019est la puce S11 qui \u00e9quipe cette montre connect\u00e9e dont la r\u00e9sistance aux rayures a \u00e9t\u00e9 doubl\u00e9e. La d\u00e9tection d\u2019hypertension sera propos\u00e9e dans plus de 150 pays sous la validation des autorit\u00e9s r\u00e9glementaires.<\/p>\n<p class=\"ed__a-p ed__bdy__l\">Le Sleep Score a \u00e9t\u00e9 pens\u00e9 pour am\u00e9liorer le sommeil de l\u2019utilisateur en se basant sur plus de 5 millions de nuits compil\u00e9es en donn\u00e9es. La surveillance de l\u2019oxyg\u00e8ne dans le sang fait son retour, mais la consultation des r\u00e9sultats se limite \u00e0 l\u2019iPhone.<\/p>\n<p class=\"ed__a-p ed__bdy__l\">Pour l\u2019autonomie, l\u2019Apple Watch Series 11 propose enfin 24 heures. Deux tailles sont disponibles avec 42 mm et 46 mm et, pour les couleurs, on retrouve Jet Black, Silver, Rose Gold et Space Grey.<\/p>\n<p class=\"ed__a-p ed__bdy__l\">La premi\u00e8re taille sera propos\u00e9e \u00e0 399 $ et 429 $ pour la deuxi\u00e8me. Comptez 100 dollars de plus pour le mod\u00e8le GPS + Cellular. Les pr\u00e9commandes sont d\u00e9j\u00e0 ouvertes pour des livraisons \u00e0 partir du 19 septembre.<\/p>\n<p>Fiche technique et prix de l&rsquo;Apple Watch Ultra 3<\/p>\n<p class=\"ed__a-p ed__bdy__l\">Maintenant, passons \u00e0 l\u2019Apple Watch Ultra 3, le mod\u00e8le le plus haut de gamme des montres connect\u00e9es. Son \u00e9cran est beaucoup plus grand et lumineux, et l\u2019autonomie s\u2019\u00e9tend jusqu\u2019\u00e0 42 heures avec une connexion satellite. \u00c0 noter que l\u2019autonomie peut m\u00eame atteindre jusqu\u2019\u00e0 72 heures en mode basse consommation.<\/p>\n<p class=\"ed__a-p ed__bdy__l\">La 5G est au rendez-vous, tout comme la d\u00e9tection d\u2019hypertension et le Sleep Score. En plus des cadrans Flow et Exactograph, ce mod\u00e8le profite en exclusivit\u00e9 de Waypoint. L\u2019Apple Watch Ultra 3 propose la fonction SOS d\u2019urgence par satellite gratuitement pendant 2 ans. Pour les messages et la fonction de localisation via satellite, il faudra souscrire \u00e0 un forfait.<\/p>\n<p class=\"ed__a-p ed__bdy__l\">Au niveau des finitions, on trouve les coloris Titan Naturel et Titan Noir comme l\u2019ann\u00e9e pr\u00e9c\u00e9dente. De nouvelles couleurs de bracelets sont au rendez-vous. Apple a utilis\u00e9 l\u2019impression 3D pour le bo\u00eetier.<\/p>\n<p class=\"ed__a-p ed__bdy__l\">Le prix de l\u2019Apple Watch Ultra 3 est de 799 $ avec des commandes ouvertes d\u00e8s aujourd\u2019hui et une disponibilit\u00e9 \u00e0 partir du 19 septembre.<\/p>\n<p>            Publicit\u00e9, votre contenu continue ci-dessous<\/p>\n<p>        Publicit\u00e9<\/p>\n","protected":false},"excerpt":{"rendered":"La soir\u00e9e a \u00e9t\u00e9 belle pour les fans d\u2019Apple puisque les internautes ont d\u00e9couvert l\u2019iPhone 17, les AirPods&hellip;\n","protected":false},"author":2,"featured_media":379362,"comment_status":"","ping_status":"","sticky":false,"template":"","format":"standard","meta":{"footnotes":""},"categories":[7],"tags":[1011,27,43,40,41,39,42,44],"class_list":{"0":"post-379361","1":"post","2":"type-post","3":"status-publish","4":"format-standard","5":"has-post-thumbnail","7":"category-sciences-et-technologies","8":"tag-fr","9":"tag-france","10":"tag-science","11":"tag-science-and-technology","12":"tag-sciences","13":"tag-sciences-et-technologies","14":"tag-technologies","15":"tag-technology"},"share_on_mastodon":{"url":"https:\/\/pubeurope.com\/@fr\/115178047256267345","error":""},"_links":{"self":[{"href":"https:\/\/www.europesays.com\/fr\/wp-json\/wp\/v2\/posts\/379361","targetHints":{"allow":["GET"]}}],"collection":[{"href":"https:\/\/www.europesays.com\/fr\/wp-json\/wp\/v2\/posts"}],"about":[{"href":"https:\/\/www.europesays.com\/fr\/wp-json\/wp\/v2\/types\/post"}],"author":[{"embeddable":true,"href":"https:\/\/www.europesays.com\/fr\/wp-json\/wp\/v2\/users\/2"}],"replies":[{"embeddable":true,"href":"https:\/\/www.europesays.com\/fr\/wp-json\/wp\/v2\/comments?post=379361"}],"version-history":[{"count":0,"href":"https:\/\/www.europesays.com\/fr\/wp-json\/wp\/v2\/posts\/379361\/revisions"}],"wp:featuredmedia":[{"embeddable":true,"href":"https:\/\/www.europesays.com\/fr\/wp-json\/wp\/v2\/media\/379362"}],"wp:attachment":[{"href":"https:\/\/www.europesays.com\/fr\/wp-json\/wp\/v2\/media?parent=379361"}],"wp:term":[{"taxonomy":"category","embeddable":true,"href":"https:\/\/www.europesays.com\/fr\/wp-json\/wp\/v2\/categories?post=379361"},{"taxonomy":"post_tag","embeddable":true,"href":"https:\/\/www.europesays.com\/fr\/wp-json\/wp\/v2\/tags?post=379361"}],"curies":[{"name":"wp","href":"https:\/\/api.w.org\/{rel}","templated":true}]}}