{"id":379363,"date":"2025-09-10T04:11:25","date_gmt":"2025-09-10T04:11:25","guid":{"rendered":"https:\/\/www.europesays.com\/fr\/379363\/"},"modified":"2025-09-10T04:11:25","modified_gmt":"2025-09-10T04:11:25","slug":"byd-frappe-fort-a-munich-avec-trois-annonces-cles-pour-leurope","status":"publish","type":"post","link":"https:\/\/www.europesays.com\/fr\/379363\/","title":{"rendered":"BYD frappe fort \u00e0 Munich avec trois annonces cl\u00e9s pour l&rsquo;Europe"},"content":{"rendered":"<p>La vice-pr\u00e9sidente de BYD vient de faire plusieurs annonces au salon IAA de Munich. Du premier mod\u00e8le confirm\u00e9 pour une production europ\u00e9enne, \u00e0 l\u2019arriv\u00e9e prochaine de son r\u00e9seau de recharge ultra-rapide, d\u00e9couvrez les annonces de BYD \u00e0 retenir.<\/p>\n<p>Le <a href=\"https:\/\/www.numerama.com\/tag\/iaa-munich\/\" rel=\"nofollow noopener\" target=\"_blank\">salon automobile de Munich<\/a>, qui se tient du 8 au 14 septembre 2025, est l\u2019occasion id\u00e9ale pour pr\u00e9senter des nouveaut\u00e9s, mais aussi pour annoncer des d\u00e9cisions strat\u00e9giques destin\u00e9es au march\u00e9 europ\u00e9en.<\/p>\n<p>Stella Li, la vice-pr\u00e9sidente de BYD, l\u2019a bien compris en d\u00e9voilant trois annonces, qui ont retenu notre attention chez Numerama :<\/p>\n<ul class=\"wp-block-list\">\n<li>la Dolphin Surf sera le premier mod\u00e8le produit en Europe d\u00e8s 2026,<\/li>\n<li>la compacte a d\u2019ailleurs d\u00e9croch\u00e9 5 \u00e9toiles Euro NCAP,<\/li>\n<li>enfin, BYD pr\u00e9voit le d\u00e9veloppement de son propre r\u00e9seau de bornes ultra-rapides.<\/li>\n<\/ul>\n<p>Trois signaux forts, qui pourraient acc\u00e9l\u00e9rer la perc\u00e9e de BYD en France comme dans le reste de l\u2019Europe. En tout cas, BYD n\u2019abandonne pas ses projets, comme l\u2019a affirm\u00e9 Stella Li en pr\u00e9ambule de son discours\u00a0: \u00ab L\u2019Europe est un march\u00e9 extr\u00eamement important pour nous.\u00a0\u00bb<\/p>\n<p>                <img decoding=\"async\" width=\"1024\" height=\"576\" loading=\"lazy\" alt=\"channels4_banner\" title=\"channels4_banner\" class=\"is-block placeholder-default wp-image\" src=\"https:\/\/www.europesays.com\/fr\/wp-content\/uploads\/2025\/09\/channels4-banner-1024x576.jpg\" \/>            <\/p>\n<p>\n                    Nouveau : suivez Numerama sur Google !                <\/p>\n<p>\n                    Pour ne rien manquer de l\u2019actualit\u00e9 tech, sciences, mobilit\u00e9s du futur et pop culture, suivez-nous sur Google avec cette nouvelle fonctionnalit\u00e9.                <\/p>\n<p><a href=\"https:\/\/www.numerama.com\/wp-content\/uploads\/2025\/09\/stella-li-iaa-munich2.jpg\" rel=\"nofollow noopener\" target=\"_blank\"><img decoding=\"async\" width=\"1024\" height=\"576\" loading=\"lazy\" alt=\"Discours de Stella Li \u00e0 l'IAA Munich 2025 \/\/ Source : BYD\" title=\"Discours de Stella Li \u00e0 l'IAA Munich 2025 \/\/ Source : BYD\" class=\"wp-image-2069309 placeholder-default wp-image\" src=\"https:\/\/www.europesays.com\/fr\/wp-content\/uploads\/2025\/09\/stella-li-iaa-munich2-1024x576.jpg\" \/><\/a>Discours de Stella Li \u00e0 l\u2019IAA Munich 2025. \/\/ Source : BYD<\/p>\n<p>Une Dolphin Surf qui pourrait b\u00e9n\u00e9ficier des aides fran\u00e7aises<\/p>\n<p>En France, la BYD Dolphin Surf n\u2019a pas encore trouv\u00e9 son public, depuis son lancement \u00e0 la fin mai. Le fait qu\u2019elle ne soit pas \u00e9ligible aux aides \u00e0 l\u2019achat \u00e0 cause de sa production en Chine n\u2019est probablement pas \u00e9tranger \u00e0 cela. Malgr\u00e9 un prix particuli\u00e8rement attractif pour les performances et les \u00e9quipements propos\u00e9s sur cette citadine, les clients ont tendance \u00e0 regarder d\u2019autres propositions, notamment des v\u00e9hicules europ\u00e9ens qui peuvent b\u00e9n\u00e9ficier du coup de pouce CEE de 3 100 ou 4 200 \u20ac, selon les ressources des m\u00e9nages.<\/p>\n<p>Mais \u00e0 partir de 2026, la donne pourrait changer pour la Dolphin Surf. BYD vient de confirmer que le mod\u00e8le sera le premier \u00e0 sortir des cha\u00eenes de l\u2019usine actuellement construite en Hongrie. La marque pourra donc soumettre son mod\u00e8le au score environnemental et pourrait obtenir l\u2019\u00e9ligibilit\u00e9 aux aides fran\u00e7aises. De quoi relancer l\u2019int\u00e9r\u00eat pour cette citadine \u00e9lectrique, qui ne manque pas d\u2019arguments sur le march\u00e9 hexagonal.<\/p>\n<p><a href=\"https:\/\/www.numerama.com\/wp-content\/uploads\/2025\/07\/byd-dolphin-surf-lancement2.jpg\" rel=\"nofollow noopener\" target=\"_blank\"><img decoding=\"async\" width=\"1024\" height=\"576\" loading=\"lazy\" alt=\"BYD Dolphin Surf \/\/ Source : Raphaelle Baut pour Numerama \" title=\"BYD Dolphin Surf \/\/ Source : Raphaelle Baut pour Numerama \" class=\"wp-image-2031445 placeholder-default wp-image\" src=\"https:\/\/www.europesays.com\/fr\/wp-content\/uploads\/2025\/09\/byd-dolphin-surf-lancement2-1024x576.jpg\" \/><\/a>La BYD Dolphin Surf sera fabriqu\u00e9e en Europe d\u00e8s 2026. \/\/ Source : Raphaelle Baut pour Numerama<\/p>\n<p>5 \u00e9toiles Euro NCAP<\/p>\n<p>BYD en profite aussi pour mettre en avant la s\u00e9curit\u00e9 de son mod\u00e8le. Un argument de plus en faveur de la citadine \u00e9lectrique d\u00e9marrant actuellement \u00e0 moins de 20 000 \u20ac. La Dolphin Surf a obtenu les <a href=\"https:\/\/www.euroncap.com\/en\/results\/byd\/dolphin+surf\/56154\" target=\"_blank\" rel=\"noreferrer noopener nofollow\">5 \u00e9toiles au crash-test Euro NCAP<\/a>, soit la meilleure note possible. \u00c0 titre de comparaison, la <a href=\"https:\/\/www.numerama.com\/voitures\/5-e-tech\/\" data-type=\"electric-cars\" data-id=\"1576162\" rel=\"nofollow noopener\" target=\"_blank\">Renault 5 e-tech<\/a>, la <a href=\"https:\/\/www.numerama.com\/voitures\/inster\/\" data-type=\"electric-cars\" data-id=\"1895004\" rel=\"nofollow noopener\" target=\"_blank\">Hyundai Inster<\/a> ou la <a href=\"https:\/\/www.numerama.com\/voitures\/e-208\/\" data-type=\"electric-cars\" data-id=\"1140402\" rel=\"nofollow noopener\" target=\"_blank\">Peugeot e-208<\/a> plafonnent \u00e0 4 \u00e9toiles sur 5.<\/p>\n<p>Le passage \u00e0 l\u2019Euro NCAP n\u2019est pas obligatoire, mais c\u2019est une certification essentielle pour rassurer les acheteurs europ\u00e9ens, souvent attentifs aux performances de s\u00e9curit\u00e9. \u00c0 cet exercice, les marques chinoises obtiennent r\u00e9guli\u00e8rement les meilleures notes, alors que les constructeurs historiques peinent \u00e0 d\u00e9crocher les 5 \u00e9toiles depuis quelques ann\u00e9es.<\/p>\n<p>Les bornes ultra-rapides bient\u00f4t en Europe<\/p>\n<p>Derni\u00e8re annonce de taille : BYD a confirm\u00e9 son intention d\u2019installer son propre r\u00e9seau de bornes de recharge ultra-rapides en Europe. La marque a beaucoup fait parler d\u2019elle avec des puissances de recharge pouvant atteindre 1 000 kW sur certains de ses mod\u00e8les. Une <a href=\"https:\/\/www.numerama.com\/vroom\/1927841-400-km-en-5-minutes-byd-inaugure-une-borne-de-recharge-ultra-rapide.html\" rel=\"nofollow noopener\" target=\"_blank\">recharge aussi rapide qu\u2019un plein d\u2019essence<\/a>, c\u2019\u00e9tait d\u2019ailleurs l\u2019argument utilis\u00e9 par la marque. Mais pour atteindre de telles puissances de recharge, il faut des bornes compatibles.<\/p>\n<p><a href=\"https:\/\/www.numerama.com\/wp-content\/uploads\/2025\/03\/byd-mega-recharge-1000-kw-2.jpg\" rel=\"nofollow noopener\" target=\"_blank\"><img decoding=\"async\" width=\"1024\" height=\"576\" loading=\"lazy\" alt=\"Le Megawatt Flash Charger de BYD \/\/ Source : BYD\" title=\"Le Megawatt Flash Charger de BYD \/\/ Source : BYD\" class=\"wp-image-1927941 placeholder-default wp-image\" src=\"https:\/\/www.europesays.com\/fr\/wp-content\/uploads\/2025\/09\/byd-mega-recharge-1000-kw-2-1024x576.jpg\" \/><\/a>Le Megawatt Flash Charger de BYD. \/\/ Source : <a href=\"https:\/\/weibo.com\/u\/1746221281?tabtype=album\" target=\"_blank\" rel=\"nofollow noopener\">BYD<\/a><\/p>\n<p>En Europe, les principaux r\u00e9seaux comme Ionity ou Electra communiquent sur des bornes pouvant atteindre jusqu\u2019\u00e0 600 kW. BYD a donc d\u00e9cid\u00e9 d\u2019installer en Europe, au deuxi\u00e8me trimestre 2026, 200 \u00e0 300 stations de Flash Charging, capables d\u2019atteindre 1 000 kW en pic.<\/p>\n<p>Peu de d\u00e9tails ont \u00e9t\u00e9 donn\u00e9s pour l\u2019instant sur les pays qui accueilleront de telles infrastructures de recharge, mais l\u2019objectif de BYD est clair : accompagner les ventes de sa marque premium Denza (compatible Flash Charging) en d\u00e9veloppant son propre r\u00e9seau \u00e0 la mani\u00e8re de Tesla et de son Supercharger.<\/p>\n<p class=\"newsletter-headline\">Newsletter <strong style=\"color: #00d195\">Watt Else<\/strong>\n                    <\/p>\n<p class=\"newsletter-title js-newsletter-title\">Vous souhaitez recevoir la newsletter<br \/>\n                        <strong>Watt Else<\/strong> dans votre bo\u00eete mail ?<\/p>\n<p>\n                    Les donn\u00e9es transmises par le biais de ce formulaire sont destin\u00e9es<br \/>\n                    \u00e0 PressTiC Numerama, en sa qualit\u00e9 de responsable de traitement. Ces donn\u00e9es<br \/>\n                    sont trait\u00e9es avec votre consentement aux fins de vous envoyer par e-mail des actualit\u00e9s et<br \/>\n                    informations relatives aux contenus \u00e9ditoriaux publi\u00e9s sur ce site. Vous pouvez vous opposer \u00e0 tout<br \/>\n                    moment \u00e0 ces e-mails en cliquant sur les liens de d\u00e9sinscriptions pr\u00e9sents dans chacun d\u2019eux. Pour<br \/>\n                    plus d\u2019informations, vous pouvez consulter l\u2019int\u00e9gralit\u00e9 de notre <a href=\"https:\/\/www.numerama.com\/politique-donnees-personnelles\" target=\"_blank\" rel=\"nofollow noopener\">politique de traitement de vos<br \/>\n                        donn\u00e9es<br \/>\n                        personnelles<\/a>.\n                <\/p>\n<p>\n                    Vous disposez d\u2019un droit d\u2019acc\u00e8s, de rectification, d\u2019effacement, de limitation, de portabilit\u00e9 et<br \/>\n                    d\u2019opposition pour motif l\u00e9gitime aux donn\u00e9es personnelles vous concernant. Pour exercer l\u2019un de ces<br \/>\n                    droits, merci d\u2019effectuer votre demande via notre <a href=\"http:\/\/www.numerama.com\/contact#rgpd\" target=\"_blank\" rel=\"noopener nofollow\">formulaire de demandes d\u2019exercices de<br \/>\n                        droits<br \/>\n                        d\u00e9di\u00e9<\/a>.\n                <\/p>\n<p>            <img decoding=\"async\" src=\"https:\/\/www.europesays.com\/fr\/wp-content\/uploads\/2025\/04\/iPhone-16-pro.png\" alt=\"Toute l'actu tech en un clien d'oeil\"\/><\/p>\n<p class=\"card-install-pwa__title\">Toute l&rsquo;actu tech en un clin d&rsquo;\u0153il<\/p>\n<p class=\"card-install-pwa__description\">Ajoutez Numerama \u00e0 votre \u00e9cran d&rsquo;accueil et restez connect\u00e9s au futur !<\/p>\n<p>            <img decoding=\"async\" src=\"https:\/\/www.numerama.com\/wp-content\/themes\/numerama-next\/assets\/images\/premium\/logo-card-pwa-coupe.svg\" alt=\"Logo PWA\"\/><\/p>\n<p>       Installer Numerama<\/p>\n","protected":false},"excerpt":{"rendered":"La vice-pr\u00e9sidente de BYD vient de faire plusieurs annonces au salon IAA de Munich. Du premier mod\u00e8le confirm\u00e9&hellip;\n","protected":false},"author":2,"featured_media":379364,"comment_status":"","ping_status":"","sticky":false,"template":"","format":"standard","meta":{"footnotes":""},"categories":[6],"tags":[35,15191,33,34,1011,27,49839,4454],"class_list":{"0":"post-379363","1":"post","2":"type-post","3":"status-publish","4":"format-standard","5":"has-post-thumbnail","7":"category-economie","8":"tag-business","9":"tag-byd","10":"tag-economie","11":"tag-economy","12":"tag-fr","13":"tag-france","14":"tag-iaa-munich","15":"tag-numerama-plus"},"share_on_mastodon":{"url":"https:\/\/pubeurope.com\/@fr\/115178051244100722","error":""},"_links":{"self":[{"href":"https:\/\/www.europesays.com\/fr\/wp-json\/wp\/v2\/posts\/379363","targetHints":{"allow":["GET"]}}],"collection":[{"href":"https:\/\/www.europesays.com\/fr\/wp-json\/wp\/v2\/posts"}],"about":[{"href":"https:\/\/www.europesays.com\/fr\/wp-json\/wp\/v2\/types\/post"}],"author":[{"embeddable":true,"href":"https:\/\/www.europesays.com\/fr\/wp-json\/wp\/v2\/users\/2"}],"replies":[{"embeddable":true,"href":"https:\/\/www.europesays.com\/fr\/wp-json\/wp\/v2\/comments?post=379363"}],"version-history":[{"count":0,"href":"https:\/\/www.europesays.com\/fr\/wp-json\/wp\/v2\/posts\/379363\/revisions"}],"wp:featuredmedia":[{"embeddable":true,"href":"https:\/\/www.europesays.com\/fr\/wp-json\/wp\/v2\/media\/379364"}],"wp:attachment":[{"href":"https:\/\/www.europesays.com\/fr\/wp-json\/wp\/v2\/media?parent=379363"}],"wp:term":[{"taxonomy":"category","embeddable":true,"href":"https:\/\/www.europesays.com\/fr\/wp-json\/wp\/v2\/categories?post=379363"},{"taxonomy":"post_tag","embeddable":true,"href":"https:\/\/www.europesays.com\/fr\/wp-json\/wp\/v2\/tags?post=379363"}],"curies":[{"name":"wp","href":"https:\/\/api.w.org\/{rel}","templated":true}]}}