{"id":379365,"date":"2025-09-10T04:12:11","date_gmt":"2025-09-10T04:12:11","guid":{"rendered":"https:\/\/www.europesays.com\/fr\/379365\/"},"modified":"2025-09-10T04:12:11","modified_gmt":"2025-09-10T04:12:11","slug":"parlement-en-feu-19-morts-tout-savoir-sur-la-colere-qui-embrase-katmandou","status":"publish","type":"post","link":"https:\/\/www.europesays.com\/fr\/379365\/","title":{"rendered":"Parlement en feu, 19 morts\u2026 Tout savoir sur la col\u00e8re qui embrase Katmandou"},"content":{"rendered":"<p>Le pouvoir perd le contr\u00f4le au <a href=\"https:\/\/www.20minutes.fr\/monde\/nepal\/\" target=\"_blank\" class=\"c-link c-link--is-underlined\" rel=\"noopener\">N\u00e9pal<\/a>. La col\u00e8re ne cesse en effet de monter depuis les manifestations lundi contre le blocage des r\u00e9seaux sociaux ordonn\u00e9 quatre jours plus t\u00f4t et la <a href=\"https:\/\/www.20minutes.fr\/dossier\/corruption\" target=\"_blank\" class=\"c-link c-link--is-underlined\" rel=\"noopener\">corruption<\/a>. Et le bilan de la grave crise en cours est particuli\u00e8rement tragique\u00a0: la police a ouvert le feu, entra\u00eenant la mort de 19 morts.<\/p>\n<p>Mardi, la d\u00e9mission du Premier ministre KP Sharma Oli n\u2019a pas calm\u00e9 la <a href=\"https:\/\/www.20minutes.fr\/monde\/revolte\/\" target=\"_blank\" class=\"c-link c-link--is-underlined\" rel=\"noopener\">r\u00e9volte<\/a>. Des centaines de manifestants en col\u00e8re ont incendi\u00e9 le Parlement, au c\u0153ur de Katmandou.<\/p>\n<p>Le domicile du Premier ministre incendi\u00e9<\/p>\n<p>Malgr\u00e9 le couvre-feu instaur\u00e9 au d\u00e9but de la matin\u00e9e, des groupes de jeunes manifestants sont descendus dans les rues de la capitale et s\u2019en sont pris toute la journ\u00e9e aux b\u00e2timents publics et aux r\u00e9sidences de dirigeants politiques. Un groupe de protestataires a r\u00e9ussi \u00e0 s\u2019emparer des armes \u00e0 feu de policiers charg\u00e9s de prot\u00e9ger le complexe gouvernemental. Le domicile du Premier ministre, \u00e2g\u00e9 de 73 ans, a lui aussi \u00e9t\u00e9 incendi\u00e9.<\/p>\n<\/p>\n<p>Des protestataires, principalement de jeunes hommes, ont \u00e9t\u00e9 vus brandissant le drapeau national tout en tentant d\u2019\u00e9chapper aux canons \u00e0 eau d\u00e9ploy\u00e9s par les forces de s\u00e9curit\u00e9. Des manifestants ont cibl\u00e9 les biens de politiciens et des b\u00e2timents gouvernementaux.<\/p>\n<p>L\u2019Inde, voisine, veut \u00ab\u00a0la stabilit\u00e9\u00a0\u00bb<\/p>\n<p>Le haut-commissaire des Nations unies aux droits de l&rsquo;homme, Volker T\u00fcrk, s\u2019est dit \u00ab\u00a0constern\u00e9 par l\u2019escalade de la violence\u00a0\u00bb et a appel\u00e9 au dialogue. Mais la mani\u00e8re dont la situation va \u00e9voluer dans les prochains jours demeure incertaine.<\/p>\n<p>Mardi soir, dans un communiqu\u00e9, le pr\u00e9sident Ramchandra Paudel a exhort\u00e9 \u00ab\u00a0tout le monde, y compris les manifestants, \u00e0 coop\u00e9rer pour une r\u00e9solution pacifique de la situation difficile du pays\u00a0\u00bb et \u00ab\u00a0lanc\u00e9 un appel \u00e0 toutes les parties pour qu\u2019elles fassent preuve de retenue [\u2026] et qu\u2019elles entament des n\u00e9gociations\u00a0\u00bb. Cet appel a \u00e9t\u00e9 repris par l\u2019<a href=\"https:\/\/www.20minutes.fr\/dossier\/inde\" target=\"_blank\" class=\"c-link c-link--is-underlined\" rel=\"noopener\">Inde<\/a> voisine, le Premier ministre <a href=\"https:\/\/www.20minutes.fr\/monde\/narendra-modi\/\" target=\"_blank\" class=\"c-link c-link--is-underlined\" rel=\"noopener\">Narendra Modi<\/a> d\u00e9clarant que \u00ab\u00a0la stabilit\u00e9, la paix et la prosp\u00e9rit\u00e9 du N\u00e9pal sont d\u2019une importance capitale pour nous\u00a0\u00bb.<\/p>\n<p><a href=\"https:\/\/www.20minutes.fr\/monde\/nepal\/\" target=\"_blank\" class=\"c-link c-btn c-btn--primary\" rel=\"noopener\">Notre dossier sur le N\u00e9pal<\/a><\/p>\n<p>Balendra Shah, un ing\u00e9nieur de 35 ans devenu rappeur et \u00e9lu maire de Katmandou en\u00a02022 et vu comme une figure populaire dans la transition \u00e0 venir, a, lui, appel\u00e9 sur Facebook les gens \u00e0 \u00ab\u00a0faire preuve de retenue\u00a0\u00bb apr\u00e8s la d\u00e9mission du Premier ministre. Il a invit\u00e9 la jeune g\u00e9n\u00e9ration \u00e0 \u00ab\u00a0prendre les r\u00eanes du pays\u00a0\u00bb. \u00ab\u00a0Soyez pr\u00eats\u00a0!\u00a0\u00bb<\/p>\n<p>Chef du Parti communiste n\u00e9palais, KP Sharma Oli est pr\u00e9sent depuis plus de 60 ans dans la vie politique, marqu\u00e9e notamment par la longue guerre civile qui a ensanglant\u00e9 le pays jusqu\u2019\u00e0 l\u2019abolition de la monarchie en\u00a02008. Elu pour la premi\u00e8re fois Premier ministre en\u00a02015, il a \u00e9t\u00e9 r\u00e9\u00e9lu en\u00a02018, renomm\u00e9 bri\u00e8vement \u00e0 la t\u00eate du gouvernement en\u00a02021, puis r\u00e9investi en\u00a02024 \u00e0 la t\u00eate d\u2019une coalition parlementaire incluant notamment le centre droit. Sa d\u00e9mission est intervenue apr\u00e8s celles de trois autres ministres, dont celui de l\u2019Int\u00e9rieur.<\/p>\n","protected":false},"excerpt":{"rendered":"Le pouvoir perd le contr\u00f4le au N\u00e9pal. La col\u00e8re ne cesse en effet de monter depuis les manifestations&hellip;\n","protected":false},"author":2,"featured_media":379366,"comment_status":"","ping_status":"","sticky":false,"template":"","format":"standard","meta":{"footnotes":""},"categories":[5],"tags":[47,11,1770,1011,27,5595,14,1272,74,29114,12,33299,133,28],"class_list":{"0":"post-379365","1":"post","2":"type-post","3":"status-publish","4":"format-standard","5":"has-post-thumbnail","7":"category-international","8":"tag-actualite","9":"tag-actualites","10":"tag-corruption","11":"tag-fr","12":"tag-france","13":"tag-inde","14":"tag-international","15":"tag-manifestations","16":"tag-monde","17":"tag-nepal","18":"tag-news","19":"tag-revolte","20":"tag-video","21":"tag-world"},"share_on_mastodon":{"url":"https:\/\/pubeurope.com\/@fr\/115178054807421852","error":""},"_links":{"self":[{"href":"https:\/\/www.europesays.com\/fr\/wp-json\/wp\/v2\/posts\/379365","targetHints":{"allow":["GET"]}}],"collection":[{"href":"https:\/\/www.europesays.com\/fr\/wp-json\/wp\/v2\/posts"}],"about":[{"href":"https:\/\/www.europesays.com\/fr\/wp-json\/wp\/v2\/types\/post"}],"author":[{"embeddable":true,"href":"https:\/\/www.europesays.com\/fr\/wp-json\/wp\/v2\/users\/2"}],"replies":[{"embeddable":true,"href":"https:\/\/www.europesays.com\/fr\/wp-json\/wp\/v2\/comments?post=379365"}],"version-history":[{"count":0,"href":"https:\/\/www.europesays.com\/fr\/wp-json\/wp\/v2\/posts\/379365\/revisions"}],"wp:featuredmedia":[{"embeddable":true,"href":"https:\/\/www.europesays.com\/fr\/wp-json\/wp\/v2\/media\/379366"}],"wp:attachment":[{"href":"https:\/\/www.europesays.com\/fr\/wp-json\/wp\/v2\/media?parent=379365"}],"wp:term":[{"taxonomy":"category","embeddable":true,"href":"https:\/\/www.europesays.com\/fr\/wp-json\/wp\/v2\/categories?post=379365"},{"taxonomy":"post_tag","embeddable":true,"href":"https:\/\/www.europesays.com\/fr\/wp-json\/wp\/v2\/tags?post=379365"}],"curies":[{"name":"wp","href":"https:\/\/api.w.org\/{rel}","templated":true}]}}