{"id":379369,"date":"2025-09-10T04:15:13","date_gmt":"2025-09-10T04:15:13","guid":{"rendered":"https:\/\/www.europesays.com\/fr\/379369\/"},"modified":"2025-09-10T04:15:13","modified_gmt":"2025-09-10T04:15:13","slug":"virginie-cipriano-veut-rassembler-legendes-et-amateurs-autour-du-vin","status":"publish","type":"post","link":"https:\/\/www.europesays.com\/fr\/379369\/","title":{"rendered":"Virginie Cipriano veut rassembler l\u00e9gendes et amateurs autour du vin"},"content":{"rendered":"<p>\u00ab Je voulais associer la p\u00e9tanque \u00e0 l\u2019art de vivre \u00e0 la fran\u00e7aise \u00bb. <\/p>\n<p>Virginie Cipriano qui a pass\u00e9 21 ans chez la Boule Obut \u00e0 Saint-Bonnet-le-Ch\u00e2teau au service communication a d\u00e9cid\u00e9 de se lancer dans une nouvelle aventure. Toujours dans son activit\u00e9 de pr\u00e9dilection, o\u00f9 le joyeux cochonnet conserve une place de choix. \u00ab J\u2019avais envie de transmettre des choses heureuses. Les Fran\u00e7ais ont besoin de se retrouver. Les r\u00e9seaux sociaux n\u2019ont pas fait oublier cette tradition. D\u2019ailleurs, tout est cumulable, le num\u00e9rique peut amener les jeunes \u00e0 disputer une partie de p\u00e9tanque. \u00bb<\/p>\n<p><strong>Un nouveau challenge<\/strong><\/p>\n<p>Gr\u00e2ce \u00e0 son carnet d\u2019adresses, son sens du relationnel et une \u00e9nergie communicative, elle souhaite insuffler quelque chose d\u2019autre. \u00ab Je veux \u00e9galement amener ma patte, ma sensibilit\u00e9 de femme.<\/p>\n<p>Bref, une autre approche \u00bb. \u00c0 46 ans, elle estime que le moment est venu de s\u2019offrir un nouveau challenge. Animations de p\u00e9tanque, Team building, elle compte offrir du sur-mesure pour les entreprises qui envisagent des stages de coh\u00e9sion avec leur personnel.<\/p>\n<p>  Rencontre insolite avec Suchaud et Fazzino pour la d\u00e9gustation de C\u00f4te-Rotie<\/p>\n<p>Des exhibitions aussi. \u00ab R\u00e9ussir quelque chose avec l\u2019\u0153nologie, comme associer avec l\u2019art de vivre et la p\u00e9tanque. Des rendez-vous d\u00e9gustations avec Philippe Suchaud et Christian Fazzino, \u00e0 Condrieu dans le fief du C\u00f4te-r\u00f4tie, le 16 octobre prochain.<\/p>\n<p>\u00ab Ces immenses champions sont tr\u00e8s accessibles. Ces rencontres en petite session permettront aux invit\u00e9s d\u2019\u00e9changer et partager un vrai moment de convivialit\u00e9 avec ces r\u00e9f\u00e9rences mondiales de la p\u00e9tanque \u00bb. Prendre \u00e9galement le temps pour disserter sur le renouveau de ce sport.<\/p>\n<p>Virginie Cipriano a travaill\u00e9 d\u2019arrache-pied depuis le mois de juin pour lancer sa soci\u00e9t\u00e9 \u00e9v\u00e8nementielle. Elle tenait absolument \u00e0 \u00eatre pr\u00eate pour le Master de P\u00e9tanque de La Talaudi\u00e8re, o\u00f9 elle a pu nouer des contacts et promouvoir ses id\u00e9es novatrices dans une discipline plus que centenaire (la p\u00e9tanque est n\u00e9e en 1907).Cette Sorb\u00e9rane, s\u2019appuie sur ce coup d\u2019\u00e9clairage exceptionnel.<\/p>\n<p>  Un sport interg\u00e9n\u00e9rationnel<\/p>\n<p>Elle met \u00e9galement en valeur l\u2019association de p\u00e9tanque \u00ab Les Amis r\u00e9unis \u00bb \u00e0 Sorbiers avec des terrains am\u00e9nag\u00e9s pour la comp\u00e9tition et o\u00f9 Jean-Yves Mandon, le ma\u00eetre des lieux, ne se lasse pas de faire d\u00e9couvrir le site.<\/p>\n<p>\u00ab J\u2019adore ce milieu ; on rend tellement de gens heureux avec ce petit sport. C\u2019est interg\u00e9n\u00e9rationnel et il faut beaucoup de coh\u00e9sion et de strat\u00e9gie. Dans ce que l\u2019on peut d\u00e9crire comme ludique, il persiste un esprit de comp\u00e9tition. On se prend au jeu \u00bb.<\/p>\n<p>Si Virginie Cipriano d\u00e9voile son b\u00e9b\u00e9 et vous parle de faire un biberon, ne vous fiez pas \u00e0 son d\u00e9sir de maternit\u00e9. Dans le sujet qui la concerne, le biberon consiste \u00e0 mettre la boule coll\u00e9e au but. Afin d\u2019entamer une \u00ab Belle M\u00e8ne \u00bb.<\/p>\n<p class=\"note\">Pour de plus amples renseignements : www.labellemene.com<\/p>\n","protected":false},"excerpt":{"rendered":"\u00ab Je voulais associer la p\u00e9tanque \u00e0 l\u2019art de vivre \u00e0 la fran\u00e7aise \u00bb. Virginie Cipriano qui a&hellip;\n","protected":false},"author":2,"featured_media":379370,"comment_status":"","ping_status":"","sticky":false,"template":"","format":"standard","meta":{"footnotes":""},"categories":[9653],"tags":[1111,11,2430,33,7539,1777,674,1011,27,5015,3367,12,25,4001,9664,17204,216,6182],"class_list":{"0":"post-379369","1":"post","2":"type-post","3":"status-publish","4":"format-standard","5":"has-post-thumbnail","7":"category-saint-etienne","8":"tag-actu","9":"tag-actualites","10":"tag-auvergne-rhone-alpes","11":"tag-economie","12":"tag-edition-loire-sud","13":"tag-eu","14":"tag-europe","15":"tag-fr","16":"tag-france","17":"tag-innovation-et-start-up","18":"tag-loire","19":"tag-news","20":"tag-republique-francaise","21":"tag-saint-etienne","22":"tag-saint-etienne-bassin","23":"tag-sorbiers","24":"tag-vie-des-entreprises","25":"tag-vins-et-viticulture"},"share_on_mastodon":{"url":"https:\/\/pubeurope.com\/@fr\/115178066640457775","error":""},"_links":{"self":[{"href":"https:\/\/www.europesays.com\/fr\/wp-json\/wp\/v2\/posts\/379369","targetHints":{"allow":["GET"]}}],"collection":[{"href":"https:\/\/www.europesays.com\/fr\/wp-json\/wp\/v2\/posts"}],"about":[{"href":"https:\/\/www.europesays.com\/fr\/wp-json\/wp\/v2\/types\/post"}],"author":[{"embeddable":true,"href":"https:\/\/www.europesays.com\/fr\/wp-json\/wp\/v2\/users\/2"}],"replies":[{"embeddable":true,"href":"https:\/\/www.europesays.com\/fr\/wp-json\/wp\/v2\/comments?post=379369"}],"version-history":[{"count":0,"href":"https:\/\/www.europesays.com\/fr\/wp-json\/wp\/v2\/posts\/379369\/revisions"}],"wp:featuredmedia":[{"embeddable":true,"href":"https:\/\/www.europesays.com\/fr\/wp-json\/wp\/v2\/media\/379370"}],"wp:attachment":[{"href":"https:\/\/www.europesays.com\/fr\/wp-json\/wp\/v2\/media?parent=379369"}],"wp:term":[{"taxonomy":"category","embeddable":true,"href":"https:\/\/www.europesays.com\/fr\/wp-json\/wp\/v2\/categories?post=379369"},{"taxonomy":"post_tag","embeddable":true,"href":"https:\/\/www.europesays.com\/fr\/wp-json\/wp\/v2\/tags?post=379369"}],"curies":[{"name":"wp","href":"https:\/\/api.w.org\/{rel}","templated":true}]}}