{"id":379371,"date":"2025-09-10T04:16:12","date_gmt":"2025-09-10T04:16:12","guid":{"rendered":"https:\/\/www.europesays.com\/fr\/379371\/"},"modified":"2025-09-10T04:16:12","modified_gmt":"2025-09-10T04:16:12","slug":"annick-jehanne-elue-chef-de-file-de-place-publique","status":"publish","type":"post","link":"https:\/\/www.europesays.com\/fr\/379371\/","title":{"rendered":"Annick Jehanne \u00e9lue chef de file de Place publique"},"content":{"rendered":"<p>La vingtaine d\u2019adh\u00e9rents de l\u2019antenne st\u00e9phanoise de Place publique, le parti politique de gauche co-fond\u00e9 fin 2018 par Rapha\u00ebl Glucksmann, ont vot\u00e9. Et ils ont \u00e9lu Annick Jehanne comme chef de file en vue des \u00e9lections municipales de mars prochain.<\/p>\n<p>\u00c2g\u00e9e de 63 ans, cette derni\u00e8re s\u2019est install\u00e9e voici quatre ans \u00e0 Saint-\u00c9tienne, d\u2019o\u00f9 est originaire son compagnon, apr\u00e8s avoir v\u00e9cu notamment \u00e0 Paris et Roubaix.<\/p>\n<p>Le parti qui lui correspond<\/p>\n<p>Ancienne responsable des achats dans de grands groupes de mode et de textile, elle s\u2019est aussi engag\u00e9e durant plusieurs ann\u00e9es dans diverses associations telles que Fashion Green Hub (qui \u0153uvre\u00a0pour une mode engag\u00e9e) ou l\u2019Association nationale des tiers-lieux. \u00c0 Saint-\u00c9tienne, elle s\u2019investit dans l\u2019accompagnement d\u2019entrepreneurs de l\u2019\u00e9conomie sociale et solidaire.<\/p>\n<p>D\u2019un point de vue politique, elle se pr\u00e9sente comme \u00ab\u00a0une militante tr\u00e8s active depuis un an\u00a0\u00bb. \u00ab\u00a0Parce que j\u2019ai d\u00e9sormais beaucoup de temps, mais aussi et surtout parce que j\u2019ai enfin trouv\u00e9 le parti qui me correspond.\u00a0\u00bb<\/p>\n<p>\u00c0 Saint-\u00c9tienne, elle esp\u00e8re faire profiter de son \u00ab\u00a0regard neuf\u00a0\u00bb.<\/p>\n<p>  \u00ab\u00a0On travaille depuis plusieurs mois avec Saint-\u00c9tienne Demain\u00a0\u00bb<\/p>\n<p>Marie Sim\u00e9on-Perrin, co-r\u00e9f\u00e9rente du parti pour la Loire, rappelle que Place publique fait partie depuis 2019 du collectif Saint-\u00c9tienne Demain (actuellement repr\u00e9sent\u00e9 par quatre \u00e9lus au conseil municipal).<\/p>\n<p>\u00ab\u00a0On travaille ensemble depuis plusieurs mois afin de faciliter le rassemblement des forces de gauche (hors La France insoumise, N.D.L.R.) et de construire un programme coh\u00e9rent pour proposer une alternative cr\u00e9dible en mars prochain.\u00a0\u00bb<\/p>\n<p>Est-ce que des membres de Place publique seront pr\u00e9sents sur la liste\u00a0? \u00ab\u00a0C\u2019est notre souhait, mais il est beaucoup trop t\u00f4t pour donner un nombre de colistiers ou des noms, assure la r\u00e9f\u00e9rente. La priorit\u00e9, c\u2019est de se mettre d\u2019accord avec nos partenaires sur un programme et sur la mani\u00e8re dont on aimerait g\u00e9rer la ville ensemble.\u00a0\u00bb<\/p>\n","protected":false},"excerpt":{"rendered":"La vingtaine d\u2019adh\u00e9rents de l\u2019antenne st\u00e9phanoise de Place publique, le parti politique de gauche co-fond\u00e9 fin 2018 par&hellip;\n","protected":false},"author":2,"featured_media":379372,"comment_status":"","ping_status":"","sticky":false,"template":"","format":"standard","meta":{"footnotes":""},"categories":[9653],"tags":[1111,11,2430,7539,4188,1777,674,1011,27,12,316,25,4001,7538],"class_list":{"0":"post-379371","1":"post","2":"type-post","3":"status-publish","4":"format-standard","5":"has-post-thumbnail","7":"category-saint-etienne","8":"tag-actu","9":"tag-actualites","10":"tag-auvergne-rhone-alpes","11":"tag-edition-loire-sud","12":"tag-elections-municipales","13":"tag-eu","14":"tag-europe","15":"tag-fr","16":"tag-france","17":"tag-news","18":"tag-politique","19":"tag-republique-francaise","20":"tag-saint-etienne","21":"tag-saint-etienne-ville"},"share_on_mastodon":{"url":"https:\/\/pubeurope.com\/@fr\/115178070509625598","error":""},"_links":{"self":[{"href":"https:\/\/www.europesays.com\/fr\/wp-json\/wp\/v2\/posts\/379371","targetHints":{"allow":["GET"]}}],"collection":[{"href":"https:\/\/www.europesays.com\/fr\/wp-json\/wp\/v2\/posts"}],"about":[{"href":"https:\/\/www.europesays.com\/fr\/wp-json\/wp\/v2\/types\/post"}],"author":[{"embeddable":true,"href":"https:\/\/www.europesays.com\/fr\/wp-json\/wp\/v2\/users\/2"}],"replies":[{"embeddable":true,"href":"https:\/\/www.europesays.com\/fr\/wp-json\/wp\/v2\/comments?post=379371"}],"version-history":[{"count":0,"href":"https:\/\/www.europesays.com\/fr\/wp-json\/wp\/v2\/posts\/379371\/revisions"}],"wp:featuredmedia":[{"embeddable":true,"href":"https:\/\/www.europesays.com\/fr\/wp-json\/wp\/v2\/media\/379372"}],"wp:attachment":[{"href":"https:\/\/www.europesays.com\/fr\/wp-json\/wp\/v2\/media?parent=379371"}],"wp:term":[{"taxonomy":"category","embeddable":true,"href":"https:\/\/www.europesays.com\/fr\/wp-json\/wp\/v2\/categories?post=379371"},{"taxonomy":"post_tag","embeddable":true,"href":"https:\/\/www.europesays.com\/fr\/wp-json\/wp\/v2\/tags?post=379371"}],"curies":[{"name":"wp","href":"https:\/\/api.w.org\/{rel}","templated":true}]}}