{"id":379375,"date":"2025-09-10T04:21:11","date_gmt":"2025-09-10T04:21:11","guid":{"rendered":"https:\/\/www.europesays.com\/fr\/379375\/"},"modified":"2025-09-10T04:21:11","modified_gmt":"2025-09-10T04:21:11","slug":"animation-halloween-la-chasse-aux-krakens-01-11-2025-toulon","status":"publish","type":"post","link":"https:\/\/www.europesays.com\/fr\/379375\/","title":{"rendered":"Animation Halloween : La chasse aux krakens &#8211; 01\/11\/2025 &#8211; Toulon"},"content":{"rendered":"<p>Au fond des mers, pas de citrouilles pour Halloween mais&#8230; des Krakens !<br \/>Retrouve les petits monstres cach\u00e9s dans le mus\u00e9e, rel\u00e8ve leurs d\u00e9fis et d\u00e9couvre leurs secrets.<\/p>\n<p>Un jeu de piste et d&rsquo;aventure \u00e0 partager en famille. <br \/>Imagin\u00e9 et anim\u00e9 par l\u2019association Les Yeux Dans Les Jeux.<\/p>\n<p>Activit\u00e9 \u00e0 faire en famille ! \u00c0 partir de 7 ans<br \/>Dur\u00e9e : 1h <br \/>Tarif : 13 euros adulte \u2013 6 euros enfant (-18 ans)<br \/>Vendredi 31 octobre et samedi 1er novembre<br \/>\u00c0 10h30, 13h30, 15h et 16h30<\/p>\n","protected":false},"excerpt":{"rendered":"Au fond des mers, pas de citrouilles pour Halloween mais&#8230; des Krakens !Retrouve les petits monstres cach\u00e9s dans&hellip;\n","protected":false},"author":2,"featured_media":379376,"comment_status":"","ping_status":"","sticky":false,"template":"","format":"standard","meta":{"footnotes":""},"categories":[9619],"tags":[1111,11,1777,674,1011,27,12,882,25,2310],"class_list":{"0":"post-379375","1":"post","2":"type-post","3":"status-publish","4":"format-standard","5":"has-post-thumbnail","7":"category-toulon","8":"tag-actu","9":"tag-actualites","10":"tag-eu","11":"tag-europe","12":"tag-fr","13":"tag-france","14":"tag-news","15":"tag-provence-alpes-cote-dazur","16":"tag-republique-francaise","17":"tag-toulon"},"share_on_mastodon":{"url":"https:\/\/pubeurope.com\/@fr\/115178090295655287","error":""},"_links":{"self":[{"href":"https:\/\/www.europesays.com\/fr\/wp-json\/wp\/v2\/posts\/379375","targetHints":{"allow":["GET"]}}],"collection":[{"href":"https:\/\/www.europesays.com\/fr\/wp-json\/wp\/v2\/posts"}],"about":[{"href":"https:\/\/www.europesays.com\/fr\/wp-json\/wp\/v2\/types\/post"}],"author":[{"embeddable":true,"href":"https:\/\/www.europesays.com\/fr\/wp-json\/wp\/v2\/users\/2"}],"replies":[{"embeddable":true,"href":"https:\/\/www.europesays.com\/fr\/wp-json\/wp\/v2\/comments?post=379375"}],"version-history":[{"count":0,"href":"https:\/\/www.europesays.com\/fr\/wp-json\/wp\/v2\/posts\/379375\/revisions"}],"wp:featuredmedia":[{"embeddable":true,"href":"https:\/\/www.europesays.com\/fr\/wp-json\/wp\/v2\/media\/379376"}],"wp:attachment":[{"href":"https:\/\/www.europesays.com\/fr\/wp-json\/wp\/v2\/media?parent=379375"}],"wp:term":[{"taxonomy":"category","embeddable":true,"href":"https:\/\/www.europesays.com\/fr\/wp-json\/wp\/v2\/categories?post=379375"},{"taxonomy":"post_tag","embeddable":true,"href":"https:\/\/www.europesays.com\/fr\/wp-json\/wp\/v2\/tags?post=379375"}],"curies":[{"name":"wp","href":"https:\/\/api.w.org\/{rel}","templated":true}]}}