{"id":379383,"date":"2025-09-10T04:25:09","date_gmt":"2025-09-10T04:25:09","guid":{"rendered":"https:\/\/www.europesays.com\/fr\/379383\/"},"modified":"2025-09-10T04:25:09","modified_gmt":"2025-09-10T04:25:09","slug":"suivez-la-circulation-et-les-manifs-a-rouen-et-au-havre","status":"publish","type":"post","link":"https:\/\/www.europesays.com\/fr\/379383\/","title":{"rendered":"suivez la circulation et les manifs \u00e0 Rouen et au Havre"},"content":{"rendered":"<p>            Par<br \/>\n        <strong><br \/>\n            <a href=\"https:\/\/actu.fr\/auteur\/julien-bouteiller\" title=\"Consulter tous les articles de Julien Bouteiller\" target=\"_blank\" rel=\"noopener\">Julien Bouteiller<\/a><br \/>\n        <\/strong><\/p>\n<p>        Publi\u00e9 le<\/p>\n<p>            10 sept. 2025 \u00e0 6h16        <\/p>\n<p>Journ\u00e9e cruciale pour un mouvement qui entend peser sur la politique nationale. Ce mercredi<strong> 10\u00a0septembre<\/strong> 2025 est la date phare <strong>des mobilisations nomm\u00e9es \u00ab\u2009Bloquons tout\u2009\u00bb et \u00ab\u2009Indignons-nous\u2009\u00bb.<\/strong> Le mouvement sera-t-il tr\u00e8s suivi\u2009? Comment circuler\u2009? Quelle ambiance dans les cort\u00e8ges\u2009? <strong>Suivez en direct avec 76actu <\/strong>cette <a href=\"https:\/\/actu.fr\/normandie\/rouen_76540\/manifestations-blocages-a-quoi-s-attendre-le-10-septembre-a-rouen-et-au-havre_63122216.html\" target=\"_blank\" rel=\"noopener\">journ\u00e9e de mobilisation et de gr\u00e8ve \u00e0 Rouen et au\u00a0Havre<\/a>.<\/p>\n<p>EN DIRECT. Suivez le 10\u00a0septembre \u00e0 Rouen et au\u00a0Havre<\/p>\n<p class=\" wall-content\"><strong>06h15 \u2013 Gr\u00e8ve dans les transports \u00e0 Rouen et au\u00a0Havre<\/strong><\/p>\n<p class=\" wall-content\">Si vous comptez sur<strong> les transports en commun<\/strong> pour vos d\u00e9placements aujourd\u2019hui, m\u00e9fiance, car <a href=\"https:\/\/actu.fr\/normandie\/rouen_76540\/greve-du-10-septembre-les-metros-teor-et-bus-de-rouen-seront-tres-perturbes_63130542.html\" target=\"_blank\" rel=\"noopener\">un pr\u00e9avis de gr\u00e8ve a \u00e9t\u00e9 d\u00e9pos\u00e9 sur le R\u00e9seau Astuce<\/a> \u00e0 Rouen. En cons\u00e9quence, les lignes conna\u00eetront de grosses perturbations\u2009:<\/p>\n<ul class=\" wall-content\">\n<li>M\u00e9tro\u2009: 39\u2009% de trafic assur\u00e9 de 6h \u00e0 20h00<\/li>\n<li>Lignes TEOR\u2009: 46\u2009% de trafic assur\u00e9 de 6h30 \u00e0 19h30<\/li>\n<li>Lignes FAST F1, F2, F3, F4, F5, F7\u2009: 61\u2009% de trafic assur\u00e9 de 6h30 \u00e0 19h30<\/li>\n<li>Ligne F8, 11\u2009: 53\u2009% de trafic assur\u00e9 de 6h30 \u00e0 19h30<\/li>\n<li>Lignes 10, 15, 27\u2009: 38\u2009% de trafic assur\u00e9 de 6h30 \u00e0 19h30<\/li>\n<li>Lignes 20, 22, 41, 43\u2009: ne circulent pas<\/li>\n<\/ul>\n<p class=\" wall-content\">Les autres lignes r\u00e9guli\u00e8res F6, F9, 13, 14, 26, 28, 33, 35, 36, 37, 38, 40, 42, 44, 529, 530, A, B, C, E, F, G, I, Noctambus, les lignes \u00e0 vocation scolaire, les services Filo\u2019r, Allobus et Calypso, Cars Hangard ne sont pas concern\u00e9s par cette gr\u00e8ve.<\/p>\n<p class=\" wall-content\">Au\u00a0<strong>Havre<\/strong>, le tramway circulera sur sa fr\u00e9quence de vacances scolaires.<\/p>\n<p class=\" wall-content\">Les lignes C1 \u00e0 C8 et les lignes 9, 10, 11, 11express, 14, 16, 17, 19 et 20 circuleront uniquement de 6\u2009h \u00e0 19\u2009h, avec des fr\u00e9quences modifi\u00e9es. La ligne C1 promet un bus toutes les 20\u00a0minutes et la C2 toutes les 13\u00a0minutes.<\/p>\n<p class=\" wall-content\">Les lignes 12, 13, 15, 18, 21, 25, 60, 70, 71, 91 et Navette Beaulieu (N.B.) fonctionneront normalement.<\/p>\n<p class=\" wall-content\">Du c\u00f4t\u00e9 de F\u00e9camp, seules les lignes 1 et 3 circuleront sur le r\u00e9seau Ficibus.<\/p>\n<p>Votre r\u00e9gion, votre actu !<\/p>\n<p>Recevez chaque jour les infos qui comptent pour vous.<\/p>\n<p>\t<a href=\"https:\/\/actu.fr\/newsletter\" class=\"ac-btn ac-btn--corner ac-btn--medium ac-btn--blue800\" target=\"_blank\" rel=\"noopener\">S&rsquo;incrire<\/a><\/p>\n<p class=\" wall-content\">C\u00f4t\u00e9 trains, vous ne pourrez utiliser que sur \u00e0 peine <strong>un train Nomad sur deux<\/strong> aujourd\u2019hui.<\/p>\n<p class=\" wall-content\"><strong>06h00 \u2013 \u00c0 quoi s\u2019attendre \u00e0 Rouen et au\u00a0Havre\u2009?<\/strong><\/p>\n<p class=\" wall-content\">Plusieurs actions sont annonc\u00e9es tout au long de cette journ\u00e9e.<\/p>\n<ul class=\" wall-content\">\n<li><strong>Le matin\u2009: <\/strong>\u00e0 Rouen, des blocages sont annonc\u00e9s aux ronds-points des vaches, de la Motte et du loup (\u00e0 Canteleu) d\u00e8s tr\u00e8s t\u00f4t dans la matin\u00e9e. Au\u00a0Havre, des rassemblements sont pr\u00e9vus sur le boulevard Winston-Churchill et sur le parking de la salle Arthur-Fleury (Harfleur).<\/li>\n<li><strong>Et ensuite\u2009: <\/strong>\u00e0 Rouen, la manifestation doit partir de la CPAM, avenue de Bretagne, vers 14h30. Un rassemblement est ensuite pr\u00e9vu en fin de journ\u00e9e devant l\u2019h\u00f4tel de ville. Au\u00a0Havre, les manifestants se rassembleront vers 10h devant la sous-pr\u00e9fecture, avant un banquet devant la mairie \u00e0 12h, puis une AG \u00e0 18h au square Saint-Roch.<\/li>\n<\/ul>\n<p>Suivez l\u2019actualit\u00e9 de Rouen <a href=\"https:\/\/www.whatsapp.com\/channel\/0029VaKfnf99hXF2ddApFB1D\" target=\"_blank\" rel=\"noopener\">sur notre cha\u00eene WhatsApp<\/a> et <a href=\"https:\/\/www.tiktok.com\/@76actu.fr?lang=fr\" target=\"_blank\" rel=\"noopener\">sur notre compte TikTok<\/a>Suivez l\u2019actualit\u00e9 du\u00a0Havre <a href=\"https:\/\/www.whatsapp.com\/channel\/0029VaFqJYE8aKvLBwVrEe0o\" target=\"_blank\" rel=\"noopener\">sur notre cha\u00eene WhatsApp<\/a> et <a href=\"https:\/\/www.tiktok.com\/@76actu.fr?lang=fr\" target=\"_blank\" rel=\"noopener\">sur notre compte TikTok<\/a><\/p>\n<p class=\" wall-content\">Personnalisez votre actualit\u00e9 en ajoutant vos villes et m\u00e9dias en favori avec <a href=\"https:\/\/moncompte.actu.fr\" title=\"D\u00e9couvez Mon Actu\" rel=\"nofollow noopener\" data-trk=\"{&quot;cta&quot;:{&quot;action&quot;:&quot;https:\\\/\\\/moncompte.actu.fr&quot;,&quot;category&quot;:&quot;mon compte&quot;,&quot;from&quot;:&quot;article footer&quot;,&quot;name&quot;:&quot;Mon actu&quot;,&quot;type&quot;:&quot;cta&quot;}}\" target=\"_blank\">Mon Actu<\/a>.<\/p>\n<p>                    <script async src=\"\/\/www.tiktok.com\/embed.js\"><\/script><\/p>\n","protected":false},"excerpt":{"rendered":"Par Julien Bouteiller Publi\u00e9 le 10 sept. 2025 \u00e0 6h16 Journ\u00e9e cruciale pour un mouvement qui entend peser&hellip;\n","protected":false},"author":2,"featured_media":379384,"comment_status":"","ping_status":"","sticky":false,"template":"","format":"standard","meta":{"footnotes":""},"categories":[9587],"tags":[1111,11,47212,1777,674,1011,27,803,50957,12,5161,25,9590,104],"class_list":{"0":"post-379383","1":"post","2":"type-post","3":"status-publish","4":"format-standard","5":"has-post-thumbnail","7":"category-rouen","8":"tag-actu","9":"tag-actualites","10":"tag-bloquons-tout","11":"tag-eu","12":"tag-europe","13":"tag-fr","14":"tag-france","15":"tag-info-trafic","16":"tag-mouvement-du-10-septembre","17":"tag-news","18":"tag-normandie","19":"tag-republique-francaise","20":"tag-rouen","21":"tag-societe"},"share_on_mastodon":{"url":"https:\/\/pubeurope.com\/@fr\/115178105943110613","error":""},"_links":{"self":[{"href":"https:\/\/www.europesays.com\/fr\/wp-json\/wp\/v2\/posts\/379383","targetHints":{"allow":["GET"]}}],"collection":[{"href":"https:\/\/www.europesays.com\/fr\/wp-json\/wp\/v2\/posts"}],"about":[{"href":"https:\/\/www.europesays.com\/fr\/wp-json\/wp\/v2\/types\/post"}],"author":[{"embeddable":true,"href":"https:\/\/www.europesays.com\/fr\/wp-json\/wp\/v2\/users\/2"}],"replies":[{"embeddable":true,"href":"https:\/\/www.europesays.com\/fr\/wp-json\/wp\/v2\/comments?post=379383"}],"version-history":[{"count":0,"href":"https:\/\/www.europesays.com\/fr\/wp-json\/wp\/v2\/posts\/379383\/revisions"}],"wp:featuredmedia":[{"embeddable":true,"href":"https:\/\/www.europesays.com\/fr\/wp-json\/wp\/v2\/media\/379384"}],"wp:attachment":[{"href":"https:\/\/www.europesays.com\/fr\/wp-json\/wp\/v2\/media?parent=379383"}],"wp:term":[{"taxonomy":"category","embeddable":true,"href":"https:\/\/www.europesays.com\/fr\/wp-json\/wp\/v2\/categories?post=379383"},{"taxonomy":"post_tag","embeddable":true,"href":"https:\/\/www.europesays.com\/fr\/wp-json\/wp\/v2\/tags?post=379383"}],"curies":[{"name":"wp","href":"https:\/\/api.w.org\/{rel}","templated":true}]}}