{"id":379387,"date":"2025-09-10T04:28:10","date_gmt":"2025-09-10T04:28:10","guid":{"rendered":"https:\/\/www.europesays.com\/fr\/379387\/"},"modified":"2025-09-10T04:28:10","modified_gmt":"2025-09-10T04:28:10","slug":"des-blocages-annonces-autour-de-grenoble-suivez-la-situation-en-temps-reel","status":"publish","type":"post","link":"https:\/\/www.europesays.com\/fr\/379387\/","title":{"rendered":"des blocages annonc\u00e9s autour de Grenoble, suivez la situation en temps r\u00e9el"},"content":{"rendered":"<p class=\"article__intro\">\u00c0 l&rsquo;initiative du mouvement \u00ab\u00a0Bloquons tout\u00a0\u00bb, de nombreuses manifestations sont pr\u00e9vues, ce mercredi 10 septembre, \u00e0 Grenoble, Chamb\u00e9ry, Annecy et d&rsquo;autres grandes villes des Alpes. Suivez la situation sur les points de blocages et les conditions de circulation en temps r\u00e9el dans cet article.<\/p>\n<p>            Ce qu&rsquo;il faut savoir<\/p>\n<ul>\n<li>Barrages filtrants, manifestations ou blocages aupr\u00e8s de grandes surfaces, les\u00a0<a href=\"https:\/\/france3-regions.franceinfo.fr\/auvergne-rhone-alpes\/isere\/grenoble\/bloquons-tout-le-10-septembre-quelles-perturbations-dans-les-departements-de-l-isere-savoie-et-haute-savoie-3211997.html\" target=\"_blank\" rel=\"noopener nofollow\">actions promettent d&rsquo;\u00eatre multiples<\/a> partout en France ce mercredi 10 septembre avec une participation incertaine. A Grenoble, des barrages filtrants sont annonc\u00e9s d\u00e8s 6 heures \u00e0 Porte de France, \u00e0 proximit\u00e9 du pont de Catane et une manifestation doit avoir lieu en fin de journ\u00e9e dans le centre-ville.<\/li>\n<li>Un \u00ab\u00a0dispositif de s\u00e9curit\u00e9 renforc\u00e9\u00a0\u00bb est mis en place ce mercredi. Le ministre de l&rsquo;Int\u00e9rieur d\u00e9missionnaire disait sur le plateau du journal de 20h craindre des d\u00e9bordements et des actions violentes. En Is\u00e8re, 700 policiers et gendarmes dont deux unit\u00e9s de forces mobiles seront mobilis\u00e9s, selon la pr\u00e9fecture.<\/li>\n<li>Des appels \u00e0 la gr\u00e8ve ont \u00e9t\u00e9 lanc\u00e9s pour mercredi par plusieurs syndicats, notamment dans les transports ou les h\u00f4pitaux. Des appels \u00e0 ne pas utiliser sa carte bancaire\u00a0ou \u00e0 ne pas aller faire ses courses circulent \u00e9galement sur les r\u00e9seaux sociaux et messageries.<\/li>\n<\/ul>\n<p>              Tout lire<\/p>\n","protected":false},"excerpt":{"rendered":"\u00c0 l&rsquo;initiative du mouvement \u00ab\u00a0Bloquons tout\u00a0\u00bb, de nombreuses manifestations sont pr\u00e9vues, ce mercredi 10 septembre, \u00e0 Grenoble, Chamb\u00e9ry,&hellip;\n","protected":false},"author":2,"featured_media":379388,"comment_status":"","ping_status":"","sticky":false,"template":"","format":"standard","meta":{"footnotes":""},"categories":[9566],"tags":[1111,11,2430,1777,674,1011,27,2731,12,25],"class_list":{"0":"post-379387","1":"post","2":"type-post","3":"status-publish","4":"format-standard","5":"has-post-thumbnail","7":"category-grenoble","8":"tag-actu","9":"tag-actualites","10":"tag-auvergne-rhone-alpes","11":"tag-eu","12":"tag-europe","13":"tag-fr","14":"tag-france","15":"tag-grenoble","16":"tag-news","17":"tag-republique-francaise"},"share_on_mastodon":{"url":"https:\/\/pubeurope.com\/@fr\/115178117849995805","error":""},"_links":{"self":[{"href":"https:\/\/www.europesays.com\/fr\/wp-json\/wp\/v2\/posts\/379387","targetHints":{"allow":["GET"]}}],"collection":[{"href":"https:\/\/www.europesays.com\/fr\/wp-json\/wp\/v2\/posts"}],"about":[{"href":"https:\/\/www.europesays.com\/fr\/wp-json\/wp\/v2\/types\/post"}],"author":[{"embeddable":true,"href":"https:\/\/www.europesays.com\/fr\/wp-json\/wp\/v2\/users\/2"}],"replies":[{"embeddable":true,"href":"https:\/\/www.europesays.com\/fr\/wp-json\/wp\/v2\/comments?post=379387"}],"version-history":[{"count":0,"href":"https:\/\/www.europesays.com\/fr\/wp-json\/wp\/v2\/posts\/379387\/revisions"}],"wp:featuredmedia":[{"embeddable":true,"href":"https:\/\/www.europesays.com\/fr\/wp-json\/wp\/v2\/media\/379388"}],"wp:attachment":[{"href":"https:\/\/www.europesays.com\/fr\/wp-json\/wp\/v2\/media?parent=379387"}],"wp:term":[{"taxonomy":"category","embeddable":true,"href":"https:\/\/www.europesays.com\/fr\/wp-json\/wp\/v2\/categories?post=379387"},{"taxonomy":"post_tag","embeddable":true,"href":"https:\/\/www.europesays.com\/fr\/wp-json\/wp\/v2\/tags?post=379387"}],"curies":[{"name":"wp","href":"https:\/\/api.w.org\/{rel}","templated":true}]}}