{"id":379389,"date":"2025-09-10T04:29:22","date_gmt":"2025-09-10T04:29:22","guid":{"rendered":"https:\/\/www.europesays.com\/fr\/379389\/"},"modified":"2025-09-10T04:29:22","modified_gmt":"2025-09-10T04:29:22","slug":"pres-de-rennes-le-festival-tempete-au-comptoir-debutera-par-une-soiree-gratuite","status":"publish","type":"post","link":"https:\/\/www.europesays.com\/fr\/379389\/","title":{"rendered":"Pr\u00e8s de Rennes, le festival Temp\u00eate au comptoir d\u00e9butera par une soir\u00e9e gratuite"},"content":{"rendered":"<p>La troisi\u00e8me \u00e9dition du festival Temp\u00eate au comptoir, \u00e0 La Bou\u00ebxi\u00e8re (Ille-et-Vilaine), d\u00e9butera vendredi 12\u00a0septembre 2025.<\/p>\n<p><strong>Lire aussi\u00a0:<\/strong> <a href=\"https:\/\/rennes.maville.com\/actu\/actudet_-pres-de-rennes.-deux-jours-de-musique-avec-tempete-au-comptoir_7-3840647_actu.Htm\" target=\"_blank\" rel=\"noopener\">Pr\u00e8s de Rennes, deux jours de musique avec Temp\u00eate au comptoir<\/a><\/p>\n<p><strong>Une soir\u00e9e gratuite<\/strong><\/p>\n<p>Accompagn\u00e9 par la mairie, Temp\u00eate au comptoir lance, cette ann\u00e9e, les festivit\u00e9s avec une soir\u00e9e gratuite, vendredi 12\u00a0septembre. Ce sont principalement des groupes locaux qui viendront mettre l\u2019ambiance et ravir les familles, qui sont invit\u00e9es, d\u00e8s la fin d\u2019apr\u00e8s-midi, \u00e0 venir s\u2019ambiancer. Parmi les groupes, on retrouvera\u00a0Les Bidonneuses, Shy Narciss, Mowak\u2019a ou encore Les 4\u00a0Planches.<br \/>On verra aussi La Jarry, groupe orl\u00e9anais qui revient d\u2019une tourn\u00e9e aux \u00c9tats-Unis. Entre rock et sonorit\u00e9 modernes, les deux\u00a0fr\u00e8res, Beno\u00eet et David Pourtau, viendront pr\u00e9senter leurs derni\u00e8res cr\u00e9ations. <strong>\u00ab\u00a0Ils vont apporter leur \u00e9nergie communicative\u00a0\u00bb,<\/strong> sourit Lucie, b\u00e9n\u00e9vole d\u00e9di\u00e9e \u00e0 la communication du festival.<\/p>\n<p><strong>Un festival accessible \u00e0 tous<\/strong><\/p>\n<p>Afin que tout le monde puisse profiter de ce moment festif, le festival a pr\u00e9vu de vendre, \u00e0 co\u00fbt r\u00e9duit, des casques anti-bruit pour prot\u00e9ger les oreilles des plus petits, permettant ainsi aux parents de profiter sans mettre les tympans de leur enfant en p\u00e9ril. Des bouchons d\u2019oreilles sont \u00e9galement pr\u00e9vus pour les adultes.<\/p>\n<p>Bien que le festival se d\u00e9roule dans un champ, l\u2019accessibilit\u00e9 a \u00e9t\u00e9 pens\u00e9e au maximum. <strong>\u00ab\u00a0Pour les personnes \u00e0 mobilit\u00e9 r\u00e9duite, des am\u00e9nagements sont pr\u00e9vus et il y aura \u00e9galement des toilettes adapt\u00e9es\u00a0\u00bb,<\/strong> d\u00e9taille Lucie.<\/p>\n<p><strong>Marcel et son orchestre<br \/><\/strong><\/p>\n<p>L\u2019un des concerts les plus attendus sera celui de Marcel et son orchestre. Ce groupe d\u00e9jant\u00e9 va faire entrer le public dans son jeu. <strong>\u00ab\u00a0On encourage les festivaliers \u00e0 venir d\u00e9guis\u00e9s, c\u2019est vraiment un moment festif et pas prise de t\u00eate que l\u2019on souhaite offrir\u00a0\u00bb,<\/strong> encourage encore Lucie. <strong>On choisit des groupes qui font bouger et danser.\u00a0\u00bb<\/strong> <br \/><strong>Lire aussi\u00a0:<\/strong> <a href=\"https:\/\/vitre.maville.com\/actu\/actudet_--une-premiere-en-france-dans-cette-station-d-epuration-pres-de-rennes-on-traite-l-eau-a-l-ozone-_7-6959179_actu.Htm\" target=\"_blank\" rel=\"noopener\">\u00ab\u00a0Une premi\u00e8re en France\u00a0\u00bb\u00a0: dans cette station d\u2019\u00e9puration pr\u00e8s de Rennes, on traite l\u2019eau \u00e0 l\u2019ozone<\/a> <\/p>\n<p><strong>Une machinerie bien rod\u00e9e<\/strong><\/p>\n<p>Si le jour-J, ce sont plus de 200\u00a0b\u00e9n\u00e9voles qui \u0153uvrent au bon d\u00e9roulement du festival, en amont ce sont seulement une demi-dizaine de personnes qui mettent tout en place pour offrir un moment de l\u00e2cher prise aux festivaliers.<\/p>\n<p><strong>\u00ab\u00a0Et pour que tout le monde, b\u00e9n\u00e9voles compris puisse profiter au maximum, les inscriptions b\u00e9n\u00e9voles sont encore ouvertes\u00a0\u00bb,<\/strong> pr\u00e9cise l\u2019organisation.<\/p>\n<p><strong>Vendredi\u00a012 et samedi 13\u00a0septembre,<\/strong> camping gratuit. Place en pr\u00e9vente \u00e0 24\u00a0\u20ac, 28\u00a0\u20ac sur place. Restauration sur place.<\/p>\n<p>\u00a0<\/p>\n","protected":false},"excerpt":{"rendered":"La troisi\u00e8me \u00e9dition du festival Temp\u00eate au comptoir, \u00e0 La Bou\u00ebxi\u00e8re (Ille-et-Vilaine), d\u00e9butera vendredi 12\u00a0septembre 2025. Lire aussi\u00a0:&hellip;\n","protected":false},"author":2,"featured_media":379390,"comment_status":"","ping_status":"","sticky":false,"template":"","format":"standard","meta":{"footnotes":""},"categories":[2821],"tags":[1111,11,829,51286,51287,1777,674,849,1011,27,27499,12,3762,3086,584,25,953,7747],"class_list":{"0":"post-379389","1":"post","2":"type-post","3":"status-publish","4":"format-standard","5":"has-post-thumbnail","7":"category-rennes","8":"tag-actu","9":"tag-actualites","10":"tag-bretagne","11":"tag-comptoir","12":"tag-debutera","13":"tag-eu","14":"tag-europe","15":"tag-festival","16":"tag-fr","17":"tag-france","18":"tag-gratuite","19":"tag-news","20":"tag-pres","21":"tag-redon","22":"tag-rennes","23":"tag-republique-francaise","24":"tag-soiree","25":"tag-tempete"},"share_on_mastodon":{"url":"https:\/\/pubeurope.com\/@fr\/115178121705932613","error":""},"_links":{"self":[{"href":"https:\/\/www.europesays.com\/fr\/wp-json\/wp\/v2\/posts\/379389","targetHints":{"allow":["GET"]}}],"collection":[{"href":"https:\/\/www.europesays.com\/fr\/wp-json\/wp\/v2\/posts"}],"about":[{"href":"https:\/\/www.europesays.com\/fr\/wp-json\/wp\/v2\/types\/post"}],"author":[{"embeddable":true,"href":"https:\/\/www.europesays.com\/fr\/wp-json\/wp\/v2\/users\/2"}],"replies":[{"embeddable":true,"href":"https:\/\/www.europesays.com\/fr\/wp-json\/wp\/v2\/comments?post=379389"}],"version-history":[{"count":0,"href":"https:\/\/www.europesays.com\/fr\/wp-json\/wp\/v2\/posts\/379389\/revisions"}],"wp:featuredmedia":[{"embeddable":true,"href":"https:\/\/www.europesays.com\/fr\/wp-json\/wp\/v2\/media\/379390"}],"wp:attachment":[{"href":"https:\/\/www.europesays.com\/fr\/wp-json\/wp\/v2\/media?parent=379389"}],"wp:term":[{"taxonomy":"category","embeddable":true,"href":"https:\/\/www.europesays.com\/fr\/wp-json\/wp\/v2\/categories?post=379389"},{"taxonomy":"post_tag","embeddable":true,"href":"https:\/\/www.europesays.com\/fr\/wp-json\/wp\/v2\/tags?post=379389"}],"curies":[{"name":"wp","href":"https:\/\/api.w.org\/{rel}","templated":true}]}}