{"id":37939,"date":"2025-04-20T04:02:08","date_gmt":"2025-04-20T04:02:08","guid":{"rendered":"https:\/\/www.europesays.com\/fr\/37939\/"},"modified":"2025-04-20T04:02:08","modified_gmt":"2025-04-20T04:02:08","slug":"huit-buts-en-45-minutes-la-meilleure-premiere-periode-de-lannee-a-eu-lieu-en-allemagne-bundesliga-j30-union-berlin-stuttgart-4-4","status":"publish","type":"post","link":"https:\/\/www.europesays.com\/fr\/37939\/","title":{"rendered":"Huit buts en 45 minutes : la meilleure premi\u00e8re p\u00e9riode de l\u2019ann\u00e9e a eu lieu en Allemagne &#8211; Bundesliga &#8211; J30 &#8211; Union Berlin-Stuttgart (4-4)"},"content":{"rendered":"<p>La Bundesliga comme on l\u2019aime.<\/p>\n<p>Il valait mieux bien choisir sa mi-temps ce samedi lors du match <strong>entre l\u2019Union Berlin et le VfB Stuttgart dans le cadre de la 30e journ\u00e9e de Bundesliga<\/strong> (4-4). Au cours des 45 premi\u00e8res minutes, les deux \u00e9quipes ont livr\u00e9 un duel riche en spectacle avec quatre buts inscrits de part et d\u2019autre. Il s\u2019agit tout simplement d\u2019un<strong> record dans l\u2019histoire de la Bundesliga<\/strong>. Le pr\u00e9c\u00e9dent record de buts au cours d\u2019une premi\u00e8re p\u00e9riode \u00e9tait de sept, r\u00e9alis\u00e9 \u00e0 quatre reprises. Enzo Millot a notamment fait partie des buteurs du c\u00f4t\u00e9 de Stuttgart, inscrivant le deuxi\u00e8me but des siens d\u2019une superbe frappe enroul\u00e9e du pied gauche. La plus belle r\u00e9alisation de la partie \u00e9tait toutefois \u00e0 signaler du c\u00f4t\u00e9 du Berlinois Leopold Querfeld, auteur d\u2019une incroyable praline de 30 m\u00e8tres pour trouver la lucarne.<\/p>\n<blockquote class=\"twitter-tweet-lazy\">\n<p dir=\"ltr\" lang=\"fr\">La mythique Bundesliga a encore frapp\u00e9 : 8 buts entre l\u2019Union Berlin et Stuttgart mais on est seulement \u00e0 la mi-temps, vraiment un championnat de d\u00e9glingu\u00e9s <a target=\"_blank\" href=\"https:\/\/t.co\/9OLtBJJNnh\" rel=\"nofollow\">pic.twitter.com\/9OLtBJJNnh<\/a><\/p>\n<p>\u2014 Scipion (@Scipionista) <a target=\"_blank\" href=\"https:\/\/twitter.com\/Scipionista\/status\/1913646138223165914?ref_src=twsrc%5Etfw\" rel=\"nofollow noopener\">April 19, 2025<\/a><\/p>\n<\/blockquote>\n<p>Cette r\u00e9ussite maximale d\u00e9fie les statistiques, puisque les expected goals (buts attendus) \u00e0 la mi-temps \u00e9taient inf\u00e9rieurs \u00e0 un de chaque c\u00f4t\u00e9 : 0,78 xG pour l\u2019Union contre 0,68 pour Stuttgart. La seconde p\u00e9riode a en revanche \u00e9t\u00e9 nettement plus fade, avec aucun but inscrit et seulement une frappe cadr\u00e9e \u00e0 signaler du c\u00f4t\u00e9 des visiteurs.<\/p>\n<p>Ce pote qui met une ambiance de fou en soir\u00e9e pour tomber endormi \u00e0 22 heures.<\/p>\n<p>\t\t\t\t\t\t\t\t\t\t<a class=\"lien-connexe\" href=\"https:\/\/www.sofoot.com\/breves\/pronostic-stuttgart-union-berlin-analyse-cotes-et-prono-du-match-de-bundesliga-2\" rel=\"nofollow noopener\" target=\"_blank\">Pronostic Stuttgart Union Berlin\u202f: Analyse, cotes et prono du match de Bundesliga<\/a>\t\t\t\t\t<script async src=\"https:\/\/platform.twitter.com\/widgets.js\" charset=\"utf-8\"><\/script><\/p>\n","protected":false},"excerpt":{"rendered":"La Bundesliga comme on l\u2019aime. Il valait mieux bien choisir sa mi-temps ce samedi lors du match entre&hellip;\n","protected":false},"author":2,"featured_media":37940,"comment_status":"","ping_status":"","sticky":false,"template":"","format":"standard","meta":{"footnotes":""},"categories":[1587],"tags":[47,11,61,672,69,1804,65,1805,1803,64,1777,674,63,1801,68,66,12,62,70,1802,67],"class_list":{"0":"post-37939","1":"post","2":"type-post","3":"status-publish","4":"format-standard","5":"has-post-thumbnail","7":"category-allemagne","8":"tag-actualite","9":"tag-actualites","10":"tag-actus-football","11":"tag-allemagne","12":"tag-bundesliga","13":"tag-bundesrepublik-deutschland","14":"tag-championnats-europeens","15":"tag-de","16":"tag-deutschland","17":"tag-equipe-de-france","18":"tag-eu","19":"tag-europe","20":"tag-football","21":"tag-germany","22":"tag-ligua","23":"tag-ligue-1","24":"tag-news","25":"tag-news-foot","26":"tag-premier-league","27":"tag-republique-federale-dallemagne","28":"tag-serie-a"},"share_on_mastodon":{"url":"https:\/\/pubeurope.com\/@fr\/114368305089706355","error":""},"_links":{"self":[{"href":"https:\/\/www.europesays.com\/fr\/wp-json\/wp\/v2\/posts\/37939","targetHints":{"allow":["GET"]}}],"collection":[{"href":"https:\/\/www.europesays.com\/fr\/wp-json\/wp\/v2\/posts"}],"about":[{"href":"https:\/\/www.europesays.com\/fr\/wp-json\/wp\/v2\/types\/post"}],"author":[{"embeddable":true,"href":"https:\/\/www.europesays.com\/fr\/wp-json\/wp\/v2\/users\/2"}],"replies":[{"embeddable":true,"href":"https:\/\/www.europesays.com\/fr\/wp-json\/wp\/v2\/comments?post=37939"}],"version-history":[{"count":0,"href":"https:\/\/www.europesays.com\/fr\/wp-json\/wp\/v2\/posts\/37939\/revisions"}],"wp:featuredmedia":[{"embeddable":true,"href":"https:\/\/www.europesays.com\/fr\/wp-json\/wp\/v2\/media\/37940"}],"wp:attachment":[{"href":"https:\/\/www.europesays.com\/fr\/wp-json\/wp\/v2\/media?parent=37939"}],"wp:term":[{"taxonomy":"category","embeddable":true,"href":"https:\/\/www.europesays.com\/fr\/wp-json\/wp\/v2\/categories?post=37939"},{"taxonomy":"post_tag","embeddable":true,"href":"https:\/\/www.europesays.com\/fr\/wp-json\/wp\/v2\/tags?post=37939"}],"curies":[{"name":"wp","href":"https:\/\/api.w.org\/{rel}","templated":true}]}}