{"id":379393,"date":"2025-09-10T04:31:14","date_gmt":"2025-09-10T04:31:14","guid":{"rendered":"https:\/\/www.europesays.com\/fr\/379393\/"},"modified":"2025-09-10T04:31:14","modified_gmt":"2025-09-10T04:31:14","slug":"oiseaux-de-bonheur-les-reserves-naturelles-de-strasbourg-terrain-de-jeu-privilegie-pour-les-oiseaux","status":"publish","type":"post","link":"https:\/\/www.europesays.com\/fr\/379393\/","title":{"rendered":"Oiseaux de bonheur. Les r\u00e9serves naturelles de Strasbourg, terrain de jeu privil\u00e9gi\u00e9 pour les oiseaux"},"content":{"rendered":"<p>\u00ab\u00a0G\u00e9rer des r\u00e9serves naturelles en ville c\u2019est forc\u00e9ment diff\u00e9rent d\u2019une zone au milieu de nulle part\u00a0\u00bb, explique Guillaume Schoch, charg\u00e9 d\u2019\u00e9tude faune, flore et milieux naturels de Strasbourg. Il sait aussi que de tels espaces au sein d\u2019une m\u00e9tropole sont pr\u00e9cieux et impliquent une attention particuli\u00e8re de la LPO Alsace et des R\u00e9serves naturelles de Strasbourg pour m\u00e9nager la vie de ses nombreux oiseaux.<\/p>\n<p>  Des r\u00e9serves naturelles au c\u0153ur de la ville<\/p>\n<p>Non loin de la pollution, du bruit et autres d\u00e9sagr\u00e9ments propres aux grandes villes, les trois r\u00e9serves naturelles de Strasbourg regorgent d\u2019esp\u00e8ces animales en tout genre. Le tout \u00e0 moins de 10 km de la place Kl\u00e9ber. <br \/>Les Strasbourgeois peuvent s\u2019y balader librement, dans des zones aux paysages et oiseaux vari\u00e9s. Ces trois r\u00e9serves longent le cours du Rhin (d\u2019o\u00f9 leur qualification de for\u00eats rh\u00e9nanes), deuxi\u00e8me site d\u2019hivernage d\u2019oiseaux en France derri\u00e8re la Camargue.\u00a0<a href=\"https:\/\/www.dna.fr\/environnement\/2024\/02\/22\/nouvel-observatoire-ornithologique-au-rohrschollen-au-plus-pres-des-oiseaux-d-eau-en-toute-discretion\" target=\"_blank\" rel=\"noopener\">L\u2019\u00eele du Rohrschollen<\/a>, la for\u00eat de Neuhof et celle de la Robertsau sont des for\u00eats alluviales (ou inondables), particuli\u00e8rement riches en esp\u00e8ces d\u2019oiseaux qui profitent des grandes \u00e9tendues d\u2019eau.<\/p>\n<p>Les derniers recensements du Suivi temporel des oiseaux communs (STOC) montrent une grande diversit\u00e9 d\u2019esp\u00e8ces dans les r\u00e9serves naturelles. \u00ab\u00a0L\u2019\u00eele du Rohrschollen regroupe 228 esp\u00e8ces dont 61 nicheurs et 104 hivernants ou de passage, \u00e9num\u00e8re Guillaume Schoch. Suivant le courant on y retrouve des martins-p\u00eacheurs, des cigognes ou encore des canards en hivernage\u00a0\u00bb.\u00a0<br \/><a href=\"https:\/\/www.dna.fr\/environnement\/2025\/01\/17\/les-lierres-de-la-foret-de-neuhof-illkirch-detruits-par-des-vandales\" target=\"_blank\" rel=\"noopener\">La for\u00eat de Neuhof<\/a>, autrefois rattach\u00e9e au Rohrschollen, abrite 139 esp\u00e8ces d\u2019oiseaux, 31 hivernants et 55 nicheurs dont de nombreuses palombes.\u00a0<a href=\"https:\/\/www.dna.fr\/environnement\/2024\/04\/12\/un-sentier-a-hauteur-de-tout-petits-pour-decouvrir-la-foret\" target=\"_blank\" rel=\"noopener\">\u00c0 la Robertsau<\/a>, les arbres h\u00e9bergent quelque 132 esp\u00e8ces, dont 41 nicheuses et 37 hivernantes.<\/p>\n<p>  Des zones de qui\u00e9tude pour m\u00e9nager les oiseaux<\/p>\n<p>La pr\u00e9servation de toutes ces esp\u00e8ces est un enjeu majeur pour la LPO Alsace et les \u00e9quipes des r\u00e9serves. Des zones de qui\u00e9tude ont \u00e9t\u00e9 install\u00e9es en for\u00eat de Neuhof et des chemins y sont d\u00e9sormais interdits.<br \/>\u00ab\u00a0Ces secteurs sont tr\u00e8s efficaces pour pr\u00e9server le pigeon ramier, exemple d\u2019une esp\u00e8ce sensible au d\u00e9rangement et \u00e0 la circulation\u00a0\u00bb, explique Jean-Marc Bronner, vice-pr\u00e9sident de la LPO Alsace. <br \/>Les r\u00e9sultats sont d\u2019ailleurs mesurables\u00a0: \u00ab\u00a0<a href=\"https:\/\/www.dna.fr\/environnement\/2021\/12\/30\/petit-a-petit-le-balbuzard-pecheur-refait-son-nid-le-long-du-rhin\" target=\"_blank\" rel=\"noopener\">Le balbuzard p\u00eacheur<\/a>, disparu au d\u00e9but du XX\u00e8\u00a0si\u00e8cle, a pu revenir \u00e0 Strasbourg il y a quelques ann\u00e9es, notamment gr\u00e2ce \u00e0 cette gestion des espaces naturels\u00a0\u00bb, pr\u00e9cise Jean-Marc Bronner.<\/p>\n<p>Le travail des \u00e9quipes ne suffit parfois pas \u00e0 pr\u00e9server l\u2019espace naturel et les animaux qui y vivent. L\u2019artificialisation du Rhin a par exemple s\u00e9par\u00e9 la for\u00eat du Neuhof et l\u2019\u00eele du Rohrschollen. <br \/>Cette derni\u00e8re a surtout \u00e9t\u00e9 impact\u00e9e par la mise en service du barrage hydraulique dans les ann\u00e9es 70\u00a0: \u00ab\u00a0La population a chang\u00e9 en passant du Rhin sauvage \u00e0 une eau stagnante, plus adapt\u00e9e aux oiseaux hivernants\u00a0\u00bb, explique Guillaume Schoch.<\/p>\n<p>Concernant les effets du r\u00e9chauffement climatique, le risque de crues plus fr\u00e9quentes au Rohrschollen pourrait entra\u00eener des maladies sur les arbres de la for\u00eat et changer son \u00e9cosyst\u00e8me. Mais Guillaume Schoch se veut prudent\u00a0: \u00ab\u00a0On ne sait pas encore \u00e0 quoi s\u2019attendre mais il risque d\u2019y avoir un impact important.\u00bb<\/p>\n","protected":false},"excerpt":{"rendered":"\u00ab\u00a0G\u00e9rer des r\u00e9serves naturelles en ville c\u2019est forc\u00e9ment diff\u00e9rent d\u2019une zone au milieu de nulle part\u00a0\u00bb, explique Guillaume&hellip;\n","protected":false},"author":2,"featured_media":379394,"comment_status":"","ping_status":"","sticky":false,"template":"","format":"standard","meta":{"footnotes":""},"categories":[2820],"tags":[1111,11,2389,1867,2880,436,1777,674,107,1011,27,775,12,32309,25,640],"class_list":{"0":"post-379393","1":"post","2":"type-post","3":"status-publish","4":"format-standard","5":"has-post-thumbnail","7":"category-strasbourg","8":"tag-actu","9":"tag-actualites","10":"tag-alsace","11":"tag-animaux","12":"tag-edition-strasbourg","13":"tag-environnement","14":"tag-eu","15":"tag-europe","16":"tag-fil-info","17":"tag-fr","18":"tag-france","19":"tag-grand-est","20":"tag-news","21":"tag-oiseaux-de-bonheur","22":"tag-republique-francaise","23":"tag-strasbourg"},"share_on_mastodon":{"url":"https:\/\/pubeurope.com\/@fr\/115178129678760364","error":""},"_links":{"self":[{"href":"https:\/\/www.europesays.com\/fr\/wp-json\/wp\/v2\/posts\/379393","targetHints":{"allow":["GET"]}}],"collection":[{"href":"https:\/\/www.europesays.com\/fr\/wp-json\/wp\/v2\/posts"}],"about":[{"href":"https:\/\/www.europesays.com\/fr\/wp-json\/wp\/v2\/types\/post"}],"author":[{"embeddable":true,"href":"https:\/\/www.europesays.com\/fr\/wp-json\/wp\/v2\/users\/2"}],"replies":[{"embeddable":true,"href":"https:\/\/www.europesays.com\/fr\/wp-json\/wp\/v2\/comments?post=379393"}],"version-history":[{"count":0,"href":"https:\/\/www.europesays.com\/fr\/wp-json\/wp\/v2\/posts\/379393\/revisions"}],"wp:featuredmedia":[{"embeddable":true,"href":"https:\/\/www.europesays.com\/fr\/wp-json\/wp\/v2\/media\/379394"}],"wp:attachment":[{"href":"https:\/\/www.europesays.com\/fr\/wp-json\/wp\/v2\/media?parent=379393"}],"wp:term":[{"taxonomy":"category","embeddable":true,"href":"https:\/\/www.europesays.com\/fr\/wp-json\/wp\/v2\/categories?post=379393"},{"taxonomy":"post_tag","embeddable":true,"href":"https:\/\/www.europesays.com\/fr\/wp-json\/wp\/v2\/tags?post=379393"}],"curies":[{"name":"wp","href":"https:\/\/api.w.org\/{rel}","templated":true}]}}