{"id":379399,"date":"2025-09-10T04:34:14","date_gmt":"2025-09-10T04:34:14","guid":{"rendered":"https:\/\/www.europesays.com\/fr\/379399\/"},"modified":"2025-09-10T04:34:14","modified_gmt":"2025-09-10T04:34:14","slug":"meteo-de-la-pluie-ce-mercredi-10-septembre-dans-les-alpes-maritimes","status":"publish","type":"post","link":"https:\/\/www.europesays.com\/fr\/379399\/","title":{"rendered":"M\u00e9t\u00e9o: de la pluie ce mercredi 10 septembre dans les Alpes-Maritimes"},"content":{"rendered":"<p>Une <strong>pluie faible<\/strong> commencera \u00e0 tomber dans la matin\u00e9e du mercredi 10 septembre 2025 sur une majeure partie des <strong>Alpes-Maritimes<\/strong>.\u00a0<\/p>\n<p>Elle continuera \u00e0 arroser le d\u00e9partement dans l&rsquo;apr\u00e8s-midi, \u00e9pargnant toujours les secteurs d&rsquo;Antibes et Th\u00e9oule-sur-Mer mais s&rsquo;intensifiant \u00e0 Tende.<\/p>\n<p>Le <strong>vent<\/strong> se l\u00e8vera d\u00e8s les premi\u00e8res heures de la journ\u00e9e par le sud-ouest du territoire et gagnera l&rsquo;ensemble du littoral en deuxi\u00e8me partie de journ\u00e9e.\u00a0<\/p>\n<p>Les plus fortes rafales sont attendues \u00e0<strong> 60km\/h<\/strong> \u00e0 Nice et Antibes.\u00a0<\/p>\n<p>C\u00f4t\u00e9 temp\u00e9ratures, il fera entre 13\u00b0C et 25\u00b0C ce mercredi matin puis <strong>jusqu&rsquo;\u00e0 31\u00b0C<\/strong> \u00e0 Antibes au plus chaud de la journ\u00e9e, soit 5\u00b0C au-dessus de la normale de saison.\u00a0<\/p>\n","protected":false},"excerpt":{"rendered":"Une pluie faible commencera \u00e0 tomber dans la matin\u00e9e du mercredi 10 septembre 2025 sur une majeure partie&hellip;\n","protected":false},"author":2,"featured_media":278836,"comment_status":"","ping_status":"","sticky":false,"template":"","format":"standard","meta":{"footnotes":""},"categories":[2819],"tags":[1111,11,1777,674,1011,27,2487,12,2401,882,25],"class_list":{"0":"post-379399","1":"post","2":"type-post","3":"status-publish","4":"format-standard","5":"has-post-thumbnail","7":"category-nice","8":"tag-actu","9":"tag-actualites","10":"tag-eu","11":"tag-europe","12":"tag-fr","13":"tag-france","14":"tag-meteo","15":"tag-news","16":"tag-nice","17":"tag-provence-alpes-cote-dazur","18":"tag-republique-francaise"},"share_on_mastodon":{"url":"https:\/\/pubeurope.com\/@fr\/115178141352786699","error":""},"_links":{"self":[{"href":"https:\/\/www.europesays.com\/fr\/wp-json\/wp\/v2\/posts\/379399","targetHints":{"allow":["GET"]}}],"collection":[{"href":"https:\/\/www.europesays.com\/fr\/wp-json\/wp\/v2\/posts"}],"about":[{"href":"https:\/\/www.europesays.com\/fr\/wp-json\/wp\/v2\/types\/post"}],"author":[{"embeddable":true,"href":"https:\/\/www.europesays.com\/fr\/wp-json\/wp\/v2\/users\/2"}],"replies":[{"embeddable":true,"href":"https:\/\/www.europesays.com\/fr\/wp-json\/wp\/v2\/comments?post=379399"}],"version-history":[{"count":0,"href":"https:\/\/www.europesays.com\/fr\/wp-json\/wp\/v2\/posts\/379399\/revisions"}],"wp:featuredmedia":[{"embeddable":true,"href":"https:\/\/www.europesays.com\/fr\/wp-json\/wp\/v2\/media\/278836"}],"wp:attachment":[{"href":"https:\/\/www.europesays.com\/fr\/wp-json\/wp\/v2\/media?parent=379399"}],"wp:term":[{"taxonomy":"category","embeddable":true,"href":"https:\/\/www.europesays.com\/fr\/wp-json\/wp\/v2\/categories?post=379399"},{"taxonomy":"post_tag","embeddable":true,"href":"https:\/\/www.europesays.com\/fr\/wp-json\/wp\/v2\/tags?post=379399"}],"curies":[{"name":"wp","href":"https:\/\/api.w.org\/{rel}","templated":true}]}}