{"id":379400,"date":"2025-09-10T04:35:26","date_gmt":"2025-09-10T04:35:26","guid":{"rendered":"https:\/\/www.europesays.com\/fr\/379400\/"},"modified":"2025-09-10T04:35:26","modified_gmt":"2025-09-10T04:35:26","slug":"zaho-de-sagazan-en-concert-symphonique-au-zenith-de-nantes-une-deuxieme-date-de-concert-2","status":"publish","type":"post","link":"https:\/\/www.europesays.com\/fr\/379400\/","title":{"rendered":"Zaho de Sagazan en concert symphonique au Z\u00e9nith de Nantes\u00a0: une deuxi\u00e8me date de concert"},"content":{"rendered":"<p>Dans le cadre de sa tourn\u00e9e Zaho de Sagazan symphonique, l\u2019auteure-compositrice-interpr\u00e8te originaire de Saint-Nazaire (Loire-Atlantique), sera en concert avec l\u2019Orchestre national des Pays de la Loire, dirig\u00e9 par le cr\u00e9atif Dylan Corlay, jeudi 13\u00a0novembre 2025, au Z\u00e9nith de Nantes. La date a affich\u00e9 tr\u00e8s vite complet. Comme \u00e0 Londres, Lyon, Hambourg, Bruxelles ou Paris\u00a0! La tornade Zaho s\u00e9duit bien au-del\u00e0 de la France.<\/p>\n<p><strong>Lire aussi\u00a0:<\/strong> <a href=\"https:\/\/www.ouest-france.fr\/culture\/musiques\/zaho-de-sagazan\/apres-une-tournee-monumentale-zaho-de-sagazan-annonce-la-version-symphonique-de-son-album-a-succes-cf71adcc-4c2e-11f0-a713-daeef56bef5e#:~:text=Comme%2520si%2520son%2520nom%2520l,sur%2520le%2520r%25C3%25A9seau%2520social%2520Instagram.\" target=\"_self\" rel=\"nofollow noopener\">Apr\u00e8s une tourn\u00e9e monumentale, Zaho de Sagazan annonce la version symphonique de son album \u00e0 succ\u00e8s<\/a><\/p>\n<p>La billetterie ouvrira jeudi 11\u00a0septembre<\/p>\n<p>Les Nantais qui n\u2019ont pas pu avoir de places peuvent se r\u00e9jouir. La tourn\u00e9e ajoute une date au Z\u00e9nith de Nantes\u00a0: ce sera le vendredi 14\u00a0novembre \u00e0 20\u00a0h. La billetterie ouvrira le jeudi 11\u00a0septembre \u00e0 12\u00a0h.<\/p>\n<p>Accompagn\u00e9e par l\u2019Orchestre National des Pays de la Loire, l\u2019incroyable Zaho de Sagazan revisitera les chansons de son premier album pour les plonger dans une toute nouvelle dimension, magnifi\u00e9e par la puissance et les nuances des cordes, des cuivres. Le concert aura lieu en configuration assise, les places sont num\u00e9rot\u00e9es.<\/p>\n<p>\u00a0<\/p>\n","protected":false},"excerpt":{"rendered":"Dans le cadre de sa tourn\u00e9e Zaho de Sagazan symphonique, l\u2019auteure-compositrice-interpr\u00e8te originaire de Saint-Nazaire (Loire-Atlantique), sera en concert&hellip;\n","protected":false},"author":2,"featured_media":378194,"comment_status":"","ping_status":"","sticky":false,"template":"","format":"standard","meta":{"footnotes":""},"categories":[2818],"tags":[1111,11,1438,1697,2869,1777,674,1011,27,766,12,2636,25,51177,32866,51176,12177],"class_list":{"0":"post-379400","1":"post","2":"type-post","3":"status-publish","4":"format-standard","5":"has-post-thumbnail","7":"category-nantes","8":"tag-actu","9":"tag-actualites","10":"tag-angers","11":"tag-concert","12":"tag-date","13":"tag-eu","14":"tag-europe","15":"tag-fr","16":"tag-france","17":"tag-nantes","18":"tag-news","19":"tag-pays-de-la-loire","20":"tag-republique-francaise","21":"tag-sagazan","22":"tag-symphonique","23":"tag-zaho","24":"tag-zenith"},"share_on_mastodon":{"url":"https:\/\/pubeurope.com\/@fr\/115178145358026094","error":""},"_links":{"self":[{"href":"https:\/\/www.europesays.com\/fr\/wp-json\/wp\/v2\/posts\/379400","targetHints":{"allow":["GET"]}}],"collection":[{"href":"https:\/\/www.europesays.com\/fr\/wp-json\/wp\/v2\/posts"}],"about":[{"href":"https:\/\/www.europesays.com\/fr\/wp-json\/wp\/v2\/types\/post"}],"author":[{"embeddable":true,"href":"https:\/\/www.europesays.com\/fr\/wp-json\/wp\/v2\/users\/2"}],"replies":[{"embeddable":true,"href":"https:\/\/www.europesays.com\/fr\/wp-json\/wp\/v2\/comments?post=379400"}],"version-history":[{"count":0,"href":"https:\/\/www.europesays.com\/fr\/wp-json\/wp\/v2\/posts\/379400\/revisions"}],"wp:featuredmedia":[{"embeddable":true,"href":"https:\/\/www.europesays.com\/fr\/wp-json\/wp\/v2\/media\/378194"}],"wp:attachment":[{"href":"https:\/\/www.europesays.com\/fr\/wp-json\/wp\/v2\/media?parent=379400"}],"wp:term":[{"taxonomy":"category","embeddable":true,"href":"https:\/\/www.europesays.com\/fr\/wp-json\/wp\/v2\/categories?post=379400"},{"taxonomy":"post_tag","embeddable":true,"href":"https:\/\/www.europesays.com\/fr\/wp-json\/wp\/v2\/tags?post=379400"}],"curies":[{"name":"wp","href":"https:\/\/api.w.org\/{rel}","templated":true}]}}