{"id":379401,"date":"2025-09-10T04:36:21","date_gmt":"2025-09-10T04:36:21","guid":{"rendered":"https:\/\/www.europesays.com\/fr\/379401\/"},"modified":"2025-09-10T04:36:21","modified_gmt":"2025-09-10T04:36:21","slug":"suivez-la-mobilisation-et-la-circulation-en-direct","status":"publish","type":"post","link":"https:\/\/www.europesays.com\/fr\/379401\/","title":{"rendered":"suivez la mobilisation et la circulation en direct"},"content":{"rendered":"<p>            Par<br \/>\n        <strong><br \/>\n            <a href=\"https:\/\/actu.fr\/auteur\/redaction-nantes\" title=\"Consulter tous les articles de R\u00e9daction Nantes\" target=\"_blank\" rel=\"noopener\">R\u00e9daction Nantes<\/a><br \/>\n        <\/strong><\/p>\n<p>        Publi\u00e9 le<\/p>\n<p>            10 sept. 2025 \u00e0 5h32<br \/>\n        ; mis \u00e0 jour le 10 sept. 2025 \u00e0 6h27    <\/p>\n<p>Depuis la mi-juillet, l\u2019appel \u00ab\u2009Bloquons tout\u2009\u00bb inonde les r\u00e9seaux sociaux. Le mercredi 10\u00a0septembre, la date fatidique, est arriv\u00e9. \u00c0 Nantes,<a href=\"https:\/\/actu.fr\/pays-de-la-loire\/nantes_44109\/peripherique-pont-de-chevire-transports-le-point-sur-les-blocages-du-10-septembre-a-nantes_63114282.html\" target=\"_blank\" rel=\"noopener\"> trois points de blocage ont \u00e9t\u00e9 d\u00e9finis pour \u00ab\u2009paralyser le p\u00e9riph\u00e9rique\u2009\u00bb d\u00e8s 6h du matin<\/a>\u2009: rue Rosa Parks, au Cardo et au rond-point de la Janvraie pour bloquer l\u2019acc\u00e8s au pont de Chevir\u00e9.<\/p>\n<p class=\" wall-content wall-content\">Un rassemblement est aussi\u00a0<strong>pr\u00e9vu \u00e0 11\u2009h, cours Saint-Andr\u00e9.<\/strong><\/p>\n<p class=\" wall-content\">Suivez la mobilisation, et son impact sur la circulation en direct sur\u00a0actu Nantes.<\/p>\n<p>6 h 25 \u2013 Reprise du trafic \u00e0 Thouar\u00e9<\/p>\n<p class=\" wall-content\">La perturbation est termin\u00e9e dans le secteur de la Belle \u00c9toile au nord ouest de Nantes. La ligne de bus 77 reprend son itin\u00e9raire habituel.\u00a0<\/p>\n<p>6 h 20 \u2013 Interruption de la circulation pour le bus au Cardo<\/p>\n<p class=\" wall-content\"><a href=\"https:\/\/x.com\/Naolib_Direct\/status\/1965628584925544649\">Le r\u00e9seau Naolib<\/a> indique le bus C2 ne circule pas entre les arr\u00eats Ch\u00eane des Anglais et le Cardo. La ligne 2 du tramway est \u00e9galement coup\u00e9e entre Ch\u00eane des Anglais et Orvault Grand Val.<\/p>\n<p>6 h \u2013 Des CRS d\u00e9ploy\u00e9s \u00e0 Malakoff<\/p>\n<p class=\" wall-content\">Comme constat\u00e9 sur place par notre journaliste, une compagnie de CRS a \u00e9t\u00e9 d\u00e9ploy\u00e9e dans le secteur Malakoff o\u00f9 un point de blocage a \u00e9t\u00e9 identifi\u00e9 pour cette journ\u00e9e du 10 septembre 2025.\u00a0<\/p>\n<p>    <img   decoding=\"async\" loading=\"lazy\" src=\"https:\/\/www.europesays.com\/fr\/wp-content\/uploads\/2025\/09\/police-nantes-malkoff-960x640.jpeg\" alt=\"Une compagnie de CRS est d\u00e9ploy\u00e9e dans le secteur Malakoff \u00e0 Nantes, o\u00f9 un point de blocage est pr\u00e9vu.\" width=\"960\" height=\"640\"\/><br \/>\n    Une compagnie de CRS est d\u00e9ploy\u00e9e dans le secteur Malakoff \u00e0 Nantes, o\u00f9 un point de blocage est pr\u00e9vu. (\u00a9Laure Gentil \/ actu Nantes)<\/p>\n<p class=\" wall-content\">Pour les utilisateurs des transports en commun, le r\u00e9seau Naolib informe la d\u00e9viation du le busway 5 entre les arr\u00eats Gare Sud et Galarne tandis que la ligne C3 est d\u00e9vi\u00e9e entre Gare Sud et La Roche, par le boulevard de Sarrebruck.\u00a0<\/p>\n<p>Votre r\u00e9gion, votre actu !<\/p>\n<p>Recevez chaque jour les infos qui comptent pour vous.<\/p>\n<p>\t<a href=\"https:\/\/actu.fr\/newsletter\" class=\"ac-btn ac-btn--corner ac-btn--medium ac-btn--blue800\" target=\"_blank\" rel=\"noopener\">S&rsquo;incrire<\/a><br \/>\n5\u2009h\u200955 \u2013 Des lignes de bus impact\u00e9es par les premiers blocages<\/p>\n<p class=\" wall-content\">Sur le r\u00e9seau social X (anciennement Twitter), le compte Naolib recense plusieurs blocages impactant la circulation de certains bus.<\/p>\n<p class=\" wall-content\">En raison d\u2019un point de blocage dans le secteur de <a href=\"https:\/\/actu.fr\/tag\/aeroport-de-nantes\" target=\"_blank\" rel=\"noopener\">l\u2019a\u00e9roport Nantes Atlantique<\/a>, la navette de l\u2019a\u00e9roport et le bus 38 effectuent leur terminus anticip\u00e9 \u00e0 l\u2019arr\u00eat A\u00e9roclub tandis que la ligne 98 est d\u00e9vi\u00e9e entre Neustrie et Renardi\u00e8res, par la porte de Retz.<\/p>\n<p class=\" wall-content\"><strong>Le bus C3 ne circule pas entre les arr\u00eats San Francisco et Boulevard de Doulon<\/strong> avec le blocage du secteur de la Prairie de Mauves o\u00f9 un point de rassemblement est organis\u00e9 rue Rosa Parks dans le quartier Malakoff \u00e0 Nantes.<\/p>\n<p class=\" wall-content\">\n<p class=\" wall-content\">Enfin, la ligne 77 est d\u00e9vi\u00e9e entre Thouar\u00e9 Centre et la Route de Paris en raison d\u2019un blocage dans le secteur de la Belle \u00c9toile.<\/p>\n<p>5\u2009h\u200930-Ouverture du directLes bus et les trams<\/p>\n<p class=\" wall-content\"><a href=\"https:\/\/actu.fr\/pays-de-la-loire\/nantes_44109\/blocages-du-10-septembre-a-nantes-les-trams-et-les-bus-circuleront-ils_63131765.html\" target=\"_blank\" rel=\"noopener\">Comme indiqu\u00e9 dans notre article sur le sujet<\/a>, la fr\u00e9quence de passage des bus, des trams, des chronobus et des busway sera \u00ab\u2009adapt\u00e9e\u2009\u00bb.<\/p>\n<p class=\" wall-content\">Pour les trois lignes de tram, selon Naolib, leurs passages pourront \u00eatre modifi\u00e9s en temps r\u00e9el en fonction des manifestations et des conditions de circulation.<\/p>\n<p>Qu\u2019en est-il des trains\u2009?<\/p>\n<p class=\" wall-content\">Contact\u00e9e par la r\u00e9daction, la SNCF assure que les \u00ab\u2009TGV INOUI, OUIGO et TGV internationaux circuleront normalement sur tout le territoire\u2009\u00bb.<\/p>\n<p class=\" wall-content\">Dans la r\u00e9gion Pays de la Loire,<strong> deux TER sur trois<\/strong> circuleront.<\/p>\n<p class=\" wall-content\">Quant aux<strong> lignes T1 et T2 du tram-train<\/strong>, elles ne sont pas impact\u00e9es et circuleront elles aussi normalement.<\/p>\n<p>L\u2019acc\u00e8s \u00e0 l\u2019a\u00e9roport risque d\u2019\u00eatre perturb\u00e9<\/p>\n<p class=\" wall-content\">Selon l\u2019a\u00e9roport de Nantes, en raison des \u00ab\u2009diff\u00e9rentes actions de blocage de la circulation sur l\u2019agglom\u00e9ration nantaise, l\u2019acc\u00e8s \u00e0 l\u2019a\u00e9roport risque d\u2019\u00eatre perturb\u00e9\u2009\u00bb. Les passagers sont invit\u00e9s \u00e0 \u00ab\u2009v\u00e9rifier l\u2019\u00e9tat des routes, et anticiper leur venue \u00e0 l\u2019a\u00e9roport\u2009\u00bb.<\/p>\n<blockquote class=\"ac-article-quote wall-content\">\n<p>Les \u00e9quipes de l\u2019a\u00e9roport sont mobilis\u00e9es pour minimiser les d\u00e9sagr\u00e9ments et faciliter au maximum le traitement des vols et accompagner les passagers.\u00a0<\/p>\n<p>    <strong>A\u00e9roport de Nantes<\/strong>\n            <\/p><\/blockquote>\n<p class=\" wall-content\">Quatre rotations ont de plus \u00e9t\u00e9 annul\u00e9es\u2009: \u00ab\u2009Montpellier, Nice (deux rotations) et Amsterdam\u2009\u00bb indique l\u2019a\u00e9roport. \u00ab\u2009Les passagers concern\u00e9s ont \u00e9t\u00e9 pr\u00e9venus par les compagnies a\u00e9riennes.\u2009\u00bb<\/p>\n<p>Les mesures du pr\u00e9fet<\/p>\n<p class=\" wall-content\"><a href=\"https:\/\/actu.fr\/societe\/blocages-du-10-septembre-le-prefet-prend-des-mesures-pour-les-manifestations-en-loire-atlantique_63134250.html\" target=\"_blank\" rel=\"noopener\">Fabrice Rigoulet-Roze, pr\u00e9fet de la r\u00e9gion Pays de la Loire, pr\u00e9fet de la Loire-Atlantique, a pris plusieurs \u00ab\u2009mesures de s\u00e9curit\u00e9 sp\u00e9cifiques afin de pr\u00e9server l\u2019ordre public\u2009\u00bb.<\/a><\/p>\n<p class=\" wall-content\">Les restrictions sont effectives\u2009: du mardi 9\u00a0septembre 2025 \u00e0 18\u2009h au jeudi 11\u00a0septembre 2025 \u00e0 8\u2009h, sur le d\u00e9partement de la Loire-Atlantique. Les interdictions sont les suivantes\u2009:<\/p>\n<ul class=\" wall-content\">\n<li>Le port et le transport d\u2019objets pouvant constituer une arme par destination.<\/li>\n<li>Le port, le transport et l\u2019utilisation d\u2019artifices de divertissement.<\/li>\n<li>L\u2019enl\u00e8vement ou le transport de tout carburant, par jerricans, cubitainers, bidons, flacons ou r\u00e9cipients divers.<\/li>\n<\/ul>\n<p class=\" wall-content\">\n<p>Gr\u00e8ve et mobilisation des syndicats<\/p>\n<p class=\" wall-content\">Plusieurs mouvements syndicaux ont appel\u00e9 \u00e0 rejoindre la mobilisation du 10\u00a0septembre 2025, \u00e0 l\u2019instar du syndicat FO du CHU de Nantes qui appelle les hospitaliers \u00e0 se joindre aux points de blocage.<\/p>\n<p class=\" wall-content\">Comme relay\u00e9 par la CGT 44, l\u2019intersyndicale annonce, en compl\u00e9ment du 10\u00a0septembre, une autre journ\u00e9e de mobilisation<strong> le jeudi 18\u00a0septembre.<\/strong><\/p>\n<p class=\" wall-content\">Personnalisez votre actualit\u00e9 en ajoutant vos villes et m\u00e9dias en favori avec <a href=\"https:\/\/moncompte.actu.fr\" title=\"D\u00e9couvez Mon Actu\" rel=\"nofollow noopener\" data-trk=\"{&quot;cta&quot;:{&quot;action&quot;:&quot;https:\\\/\\\/moncompte.actu.fr&quot;,&quot;category&quot;:&quot;mon compte&quot;,&quot;from&quot;:&quot;article footer&quot;,&quot;name&quot;:&quot;Mon actu&quot;,&quot;type&quot;:&quot;cta&quot;}}\" target=\"_blank\">Mon Actu<\/a>.<\/p>\n","protected":false},"excerpt":{"rendered":"Par R\u00e9daction Nantes Publi\u00e9 le 10 sept. 2025 \u00e0 5h32 ; mis \u00e0 jour le 10 sept. 2025&hellip;\n","protected":false},"author":2,"featured_media":379402,"comment_status":"","ping_status":"","sticky":false,"template":"","format":"standard","meta":{"footnotes":""},"categories":[2818],"tags":[1111,11,1777,674,1011,27,1272,50957,766,12,2636,4013,25,104],"class_list":{"0":"post-379401","1":"post","2":"type-post","3":"status-publish","4":"format-standard","5":"has-post-thumbnail","7":"category-nantes","8":"tag-actu","9":"tag-actualites","10":"tag-eu","11":"tag-europe","12":"tag-fr","13":"tag-france","14":"tag-manifestations","15":"tag-mouvement-du-10-septembre","16":"tag-nantes","17":"tag-news","18":"tag-pays-de-la-loire","19":"tag-peripherique","20":"tag-republique-francaise","21":"tag-societe"},"share_on_mastodon":{"url":"https:\/\/pubeurope.com\/@fr\/115178149662006771","error":""},"_links":{"self":[{"href":"https:\/\/www.europesays.com\/fr\/wp-json\/wp\/v2\/posts\/379401","targetHints":{"allow":["GET"]}}],"collection":[{"href":"https:\/\/www.europesays.com\/fr\/wp-json\/wp\/v2\/posts"}],"about":[{"href":"https:\/\/www.europesays.com\/fr\/wp-json\/wp\/v2\/types\/post"}],"author":[{"embeddable":true,"href":"https:\/\/www.europesays.com\/fr\/wp-json\/wp\/v2\/users\/2"}],"replies":[{"embeddable":true,"href":"https:\/\/www.europesays.com\/fr\/wp-json\/wp\/v2\/comments?post=379401"}],"version-history":[{"count":0,"href":"https:\/\/www.europesays.com\/fr\/wp-json\/wp\/v2\/posts\/379401\/revisions"}],"wp:featuredmedia":[{"embeddable":true,"href":"https:\/\/www.europesays.com\/fr\/wp-json\/wp\/v2\/media\/379402"}],"wp:attachment":[{"href":"https:\/\/www.europesays.com\/fr\/wp-json\/wp\/v2\/media?parent=379401"}],"wp:term":[{"taxonomy":"category","embeddable":true,"href":"https:\/\/www.europesays.com\/fr\/wp-json\/wp\/v2\/categories?post=379401"},{"taxonomy":"post_tag","embeddable":true,"href":"https:\/\/www.europesays.com\/fr\/wp-json\/wp\/v2\/tags?post=379401"}],"curies":[{"name":"wp","href":"https:\/\/api.w.org\/{rel}","templated":true}]}}