{"id":379407,"date":"2025-09-10T04:39:14","date_gmt":"2025-09-10T04:39:14","guid":{"rendered":"https:\/\/www.europesays.com\/fr\/379407\/"},"modified":"2025-09-10T04:39:14","modified_gmt":"2025-09-10T04:39:14","slug":"la-renovation-dune-place-dans-ce-quartier-de-toulouse-fait-grincer-des-dents-la-mairie-sexplique","status":"publish","type":"post","link":"https:\/\/www.europesays.com\/fr\/379407\/","title":{"rendered":"La r\u00e9novation d&rsquo;une place dans ce quartier de Toulouse fait grincer des dents : la mairie s&rsquo;explique"},"content":{"rendered":"<p>            Par<br \/>\n        <strong><br \/>\n            <a href=\"https:\/\/actu.fr\/auteur\/lea-afonso\" title=\"Consulter tous les articles de L\u00e9a Afonso\" rel=\"nofollow noopener\" target=\"_blank\">L\u00e9a Afonso<\/a><br \/>\n        <\/strong><\/p>\n<p>        Publi\u00e9 le<\/p>\n<p>            10 sept. 2025 \u00e0 6h04        <\/p>\n<p>En ce mois de septembre\u00a02025, <a href=\"http:\/\/www.actu.fr\/toulouse\" rel=\"nofollow noopener\" target=\"_blank\">Toulouse<\/a> bruisse de chantiers. Pistes cyclables, r\u00e9am\u00e9nagements d\u2019axes structurants, embellissement de jardins\u2009: la Ville rose se refait une beaut\u00e9 \u00e0 bien des endroits. Mais dans le<strong> quartier de Lafourguette<\/strong>, au sud de la ville, un projet \u00e9veille les tensions. La <strong>place des Gli\u00e8res<\/strong> doit \u00eatre <strong>r\u00e9am\u00e9nag\u00e9e<\/strong> dans les prochains mois. Un projet qui entre dans le r\u00e9am\u00e9nagement urbain du c\u0153ur de quartier. Mais c\u2019est une annonce qui ne passe pas aupr\u00e8s de nombreux habitants et commer\u00e7ants.<\/p>\n<p>Une nouvelle vie pour la place<\/p>\n<p class=\" wall-content\">Dans ce secteur \u00e0 l\u2019ambiance de village, bord\u00e9 de commerces et de maisonnettes, la place des Gli\u00e8res est un lieu de passage et de rencontre. Ce lundi 8\u00a0septembre au matin, certains habitants s\u2019y retrouvent pour discuter, d\u2019autres attendent leur bus en bordure du jardin qui l\u2019entoure. Mais un intrus attire d\u00e9sormais tous les regards\u2009: un <strong>panneau de chantier<\/strong> annon\u00e7ant de grands travaux.<\/p>\n<p>    <img   decoding=\"async\" loading=\"lazy\" src=\"https:\/\/www.europesays.com\/fr\/wp-content\/uploads\/2025\/09\/place-des-glieres-3-960x640.jpg\" alt=\"Un intrus attire d\u00e9sormais tous les regards : un panneau de chantier annon\u00e7ant de grands travaux.\" width=\"960\" height=\"640\"\/><br \/>\n    Un intrus attire d\u00e9sormais tous les regards\u2009: un panneau de chantier annon\u00e7ant de grands travaux. (\u00a9L\u00e9a Afonso \/ Actu Toulouse)<\/p>\n<p class=\" wall-content\">Le projet municipal pr\u00e9voit notamment la cr\u00e9ation d\u2019une <strong>aire de jeux<\/strong>, la <strong>plantation de 26 arbres<\/strong>, l\u2019installation de <strong>rev\u00eatements de sol perm\u00e9ables<\/strong> favorisant l\u2019infiltration des eaux de pluie, l\u00e0 o\u00f9 \u00e0 l\u2019heure actuelle, deux all\u00e9es pav\u00e9es am\u00e8nent \u00e0 une fontaine entour\u00e9e de massifs de fleurs et de pelouse.<\/p>\n<p class=\" wall-content\">L\u2019id\u00e9e ici \u00e9tant de \u00ab\u2009cr\u00e9er un espace plus confortable et convivial avec une cuisine p\u00e9dagogique, des salles mutualis\u00e9es\u2026\u2009\u00bb, indique la mairie dans sa pr\u00e9sentation de r\u00e9union de quartier de juin 2025. Montant de l\u2019op\u00e9ration\u2009: <strong>1,380\u00a0million d\u2019euros<\/strong>.<strong> D\u00e9but du chantier<\/strong> \u00ab\u2009en <strong>septembre\u00a02025,<\/strong> pour une dur\u00e9e estim\u00e9e jusqu\u2019en mars\u00a02026\u2009\u00bb, indique la maire de quartier, Nina Ochoa, \u00e0 Actu Toulouse.<\/p>\n<p>    <img   decoding=\"async\" loading=\"lazy\" src=\"https:\/\/www.europesays.com\/fr\/wp-content\/uploads\/2025\/09\/place-des-glieres-5-960x640.jpg\" alt=\"Pojur l'heure, deux all\u00e9es pav\u00e9es am\u00e8nent \u00e0 une fontaine entour\u00e9e de massifs de fleurs et de pelouse.\" width=\"960\" height=\"640\"\/><br \/>\n    Pour l\u2019heure, deux all\u00e9es pav\u00e9es am\u00e8nent \u00e0 une fontaine entour\u00e9e de massifs de fleurs et de pelouse. (\u00a9L\u00e9a Afonso \/ Actu Toulouse)\u00ab\u2009C\u2019est dommage de d\u00e9truire cette place\u2009\u00bb<\/p>\n<p class=\" wall-content\">Aupr\u00e8s des habitants sur place, difficile pourtant de trouver des soutiens au projet. Marie-H\u00e9l\u00e8ne Sylvestri, habitante du quartier depuis 30\u00a0ans, s\u2019inqui\u00e8te de perdre ce qui fait le charme de la place\u2009: \u00ab<strong>\u2009Je ne sais pas si c\u2019\u00e9tait n\u00e9cessaire<\/strong>. On avait de quoi s\u2019asseoir, un beau massif de fleurs qui changeait au fil des saisons\u2026 On avait vraiment l\u2019impression d\u2019\u00eatre dans un village. \u00c7a me fait <strong>mal au c\u0153ur<\/strong> qu\u2019elle <strong>change<\/strong> totalement <strong>pour quelque chose de moins bien<\/strong>.\u2009\u00bb<\/p>\n<p>Votre r\u00e9gion, votre actu !<\/p>\n<p>Recevez chaque jour les infos qui comptent pour vous.<\/p>\n<p>\t<a href=\"https:\/\/actu.fr\/newsletter\" class=\"ac-btn ac-btn--corner ac-btn--medium ac-btn--blue800\" rel=\"nofollow noopener\" target=\"_blank\">S&rsquo;incrire<\/a><\/p>\n<p class=\" wall-content\">Michel Coumet, lui aussi r\u00e9sident, partage ce sentiment\u2009: <strong>\u00ab\u2009C\u2019est dommage de d\u00e9truire la place alors qu\u2019elle est en tr\u00e8s bon \u00e9tat.<\/strong> On va<strong> remplacer de la verdure par du b\u00e9ton.<\/strong>\u2009\u00bb<br \/>Et ce, alors que d\u2019apr\u00e8s plusieurs habitants, la place aurait d\u00e9j\u00e0 fait l\u2019objet d\u2019une r\u00e9novation il y a une vingtaine d\u2019ann\u00e9es.<\/p>\n<p>    <img   decoding=\"async\" loading=\"lazy\" src=\"https:\/\/www.europesays.com\/fr\/wp-content\/uploads\/2025\/09\/place-des-glieres-1-960x640.jpg\" alt=\"Un massif de fleurs \u00e9tait jusqu'alors pr\u00e9sent, fleurissant au gr\u00e9 des saisons. \" width=\"960\" height=\"640\"\/><br \/>\n    Un massif de fleurs \u00e9tait jusqu\u2019alors pr\u00e9sent, fleurissant au gr\u00e9 des saisons. (\u00a9L\u00e9a Afonso \/ Actu Toulouse)Col\u00e8re des commer\u00e7ants<\/p>\n<p class=\" wall-content\">Les professionnels install\u00e9s autour de la place ne cachent pas non plus leur col\u00e8re. Marie-Claire Alexandre, buraliste depuis plus de 50\u00a0ans, d\u00e9nonce un gaspillage\u2009: \u00ab\u2009On a d\u00e9j\u00e0 d\u00e9pens\u00e9 de l\u2019argent il y a 20\u00a0ans pour refaire la place. Aujourd\u2019hui, elle est encore jolie. Pourquoi recommencer\u2009? <strong>C\u2019est de l\u2019argent public mal utilis\u00e9<\/strong>.\u2009\u00bb<\/p>\n<p>Une r\u00e9novation en contradiction avec l\u2019\u00e9cologie\u2009?<\/p>\n<p class=\" wall-content\">Pour Didier Crozes, pharmacien du quartier, le projet pose aussi une question environnementale\u2009:<\/p>\n<blockquote class=\"ac-article-quote wall-content\">\n<p>\u00c0 l\u2019heure o\u00f9 l\u2019\u00e9cologie est au centre des d\u00e9bats, pourquoi casser une place en bon \u00e9tat pour en refaire une autre ? On parle sans cesse de r\u00e9duire notre empreinte carbone, mais qu\u2019en est-il de celle g\u00e9n\u00e9r\u00e9e par ce chantier ? Les d\u00e9fauts actuels, comme le manque d\u2019ergonomie pour pi\u00e9tons et cyclistes, avaient d\u00e9j\u00e0 \u00e9t\u00e9 point\u00e9s lors de la pr\u00e9c\u00e9dente r\u00e9novation. Ils auraient pu \u00eatre corrig\u00e9s \u00e0 l&rsquo;\u00e9poque sans tout recommencer aujourd&rsquo;hui. <\/p>\n<p>    <strong>Didier Crozes<\/strong><br \/>\n        Pharmacien du quartier de Lafourguette     <\/p><\/blockquote>\n<p>Un projet men\u00e9 avec l\u2019association de quartier<\/p>\n<p class=\" wall-content\">Contact\u00e9e, la maire de quartier Nina Ochoa explique\u2009: \u00ab\u2009La r\u00e9novation de cette place entre dans une dynamique plus globale de travaux pour Lafourguette. Aujourd\u2019hui, elle est peu pratique et peu utilis\u00e9e. On veut la rendre<strong> plus accessible, plus fonctionnelle et plus attractive<\/strong>\u2009\u00bb. Si la fontaine va \u00eatre enlev\u00e9e, \u00ab\u2009nous allons, \u00e0 la place, implanter un point d\u2019eau potable, des brumisateurs, une ombri\u00e8re\u2026\u2009\u00bb.<\/p>\n<p class=\" wall-content\">Quant \u00e0 l\u2019aspect \u00e9cologique, elle rappelle\u2009: \u00ab\u2009cette place est tr\u00e8s chaude, donc nous souhaitons apporter plus de verdure en plantant pr\u00e8s de 30 arbres. <strong>Le ratio de v\u00e9g\u00e9tation sera quant \u00e0 lui \u00e9quivalent \u00e0 l\u2019actuel<\/strong>\u2009\u00bb.<\/p>\n<p>    <img   decoding=\"async\" loading=\"lazy\" src=\"https:\/\/www.europesays.com\/fr\/wp-content\/uploads\/2025\/09\/place-des-glieres-960x557.jpg\" alt=\"En images, les deux vues a\u00e9riennes de la place, maintenant et r\u00e9nov\u00e9es avec un ratio de v\u00e9g\u00e9tation maintenu. \" width=\"960\" height=\"557\"\/><br \/>\n    En images, les deux vues a\u00e9riennes de la place, maintenant et r\u00e9nov\u00e9es, avec un ratio de v\u00e9g\u00e9tation maintenu. (\u00a9Google maps et L\u00e9a Afonso \/ Actu Toulouse)<\/p>\n<p class=\" wall-content\">Elle termine par rappeler \u00ab\u2009le projet a \u00e9t\u00e9 men\u00e9 avec l\u2019association des habitants du quartier et les parents d\u2019\u00e9l\u00e8ves\u2009\u00bb.<\/p>\n<p class=\" wall-content\">Personnalisez votre actualit\u00e9 en ajoutant vos villes et m\u00e9dias en favori avec <a href=\"https:\/\/moncompte.actu.fr\" title=\"D\u00e9couvez Mon Actu\" rel=\"nofollow noopener\" data-trk=\"{&quot;cta&quot;:{&quot;action&quot;:&quot;https:\\\/\\\/moncompte.actu.fr&quot;,&quot;category&quot;:&quot;mon compte&quot;,&quot;from&quot;:&quot;article footer&quot;,&quot;name&quot;:&quot;Mon actu&quot;,&quot;type&quot;:&quot;cta&quot;}}\" target=\"_blank\">Mon Actu<\/a>.<\/p>\n","protected":false},"excerpt":{"rendered":"Par L\u00e9a Afonso Publi\u00e9 le 10 sept. 2025 \u00e0 6h04 En ce mois de septembre\u00a02025, Toulouse bruisse de&hellip;\n","protected":false},"author":2,"featured_media":379408,"comment_status":"","ping_status":"","sticky":false,"template":"","format":"standard","meta":{"footnotes":""},"categories":[2816],"tags":[1111,11,1777,674,1011,27,12,2680,25,104,2312,1352],"class_list":{"0":"post-379407","1":"post","2":"type-post","3":"status-publish","4":"format-standard","5":"has-post-thumbnail","7":"category-toulouse","8":"tag-actu","9":"tag-actualites","10":"tag-eu","11":"tag-europe","12":"tag-fr","13":"tag-france","14":"tag-news","15":"tag-occitanie","16":"tag-republique-francaise","17":"tag-societe","18":"tag-toulouse","19":"tag-urbanisme"},"share_on_mastodon":{"url":"https:\/\/pubeurope.com\/@fr\/115178161181300636","error":""},"_links":{"self":[{"href":"https:\/\/www.europesays.com\/fr\/wp-json\/wp\/v2\/posts\/379407","targetHints":{"allow":["GET"]}}],"collection":[{"href":"https:\/\/www.europesays.com\/fr\/wp-json\/wp\/v2\/posts"}],"about":[{"href":"https:\/\/www.europesays.com\/fr\/wp-json\/wp\/v2\/types\/post"}],"author":[{"embeddable":true,"href":"https:\/\/www.europesays.com\/fr\/wp-json\/wp\/v2\/users\/2"}],"replies":[{"embeddable":true,"href":"https:\/\/www.europesays.com\/fr\/wp-json\/wp\/v2\/comments?post=379407"}],"version-history":[{"count":0,"href":"https:\/\/www.europesays.com\/fr\/wp-json\/wp\/v2\/posts\/379407\/revisions"}],"wp:featuredmedia":[{"embeddable":true,"href":"https:\/\/www.europesays.com\/fr\/wp-json\/wp\/v2\/media\/379408"}],"wp:attachment":[{"href":"https:\/\/www.europesays.com\/fr\/wp-json\/wp\/v2\/media?parent=379407"}],"wp:term":[{"taxonomy":"category","embeddable":true,"href":"https:\/\/www.europesays.com\/fr\/wp-json\/wp\/v2\/categories?post=379407"},{"taxonomy":"post_tag","embeddable":true,"href":"https:\/\/www.europesays.com\/fr\/wp-json\/wp\/v2\/tags?post=379407"}],"curies":[{"name":"wp","href":"https:\/\/api.w.org\/{rel}","templated":true}]}}