{"id":379413,"date":"2025-09-10T04:43:10","date_gmt":"2025-09-10T04:43:10","guid":{"rendered":"https:\/\/www.europesays.com\/fr\/379413\/"},"modified":"2025-09-10T04:43:10","modified_gmt":"2025-09-10T04:43:10","slug":"la-cpme-sud-nattend-quun-gouvernement-pro-entreprises","status":"publish","type":"post","link":"https:\/\/www.europesays.com\/fr\/379413\/","title":{"rendered":"La CPME Sud n\u2019attend qu\u2019un gouvernement pro-entreprises"},"content":{"rendered":"\n<p>Inquiets, mais combatifs. En cette rentr\u00e9e politique agit\u00e9e, Alain Gargani, le pr\u00e9sident de la CPME\u00a0Sud, install\u00e9 dans un fauteuil de salon, au 7e\u00a0\u00e9tage du Sofitel Vieux-Port de Marseille, prend le pouls des adh\u00e9rents de l\u2019organisation patronale d\u00e9fendant les int\u00e9r\u00eats des tr\u00e8s petites et moyennes entreprises.<\/p>\n<p>\u00ab\u00a0Jusqu\u2019en juin, le moral de nos entrepreneurs affichait des indicateurs plut\u00f4t positifs\u00a0\u00bb, rappelle le conseiller r\u00e9gional (DVD) de la majorit\u00e9 de Renaud Muselier (Ren.). Mais selon lui, le vent tourne\u00a0: les chiffres sont en baisse dans plusieurs secteurs &#8211;\u00a0b\u00e2timent et travaux publics, immobilier, restauration \u00ab\u00a0jusqu\u2019\u00e0 -25% par endroits\u00a0\u00bb, automobile ou habillement.<\/p>\n<p>Au mois de juin, en France, les tribunaux de commerce ont enregistr\u00e9 68\u00a0000\u00a0d\u00e9faillances, \u00ab\u00a0un niveau assez historique\u00a0\u00bb, avec 18% de d\u00e9clarations de cessation de paiements et 31\u00a0000\u00a0proc\u00e9dures collectives ouvertes, une augmentation de 3% sur les cinq\u00a0premiers mois de l\u2019ann\u00e9e. Avec 1\u00a0540 plans de sauvegarde, de redressement ou de liquidation, un chiffre en baisse de 4,7%, la r\u00e9gion se portait jusqu\u2019ici pourtant bien, \u00e0 rebours de la tendance nationale (+1,3%).<\/p>\n<p> Coup politique\n              <\/p>\n<p>Alain Gargani pointe, parmi les principaux d\u00e9fis auxquels sont confront\u00e9s les entrepreneurs, des probl\u00e8mes de tr\u00e9sorerie, des investissements au ralenti ou les difficult\u00e9s de recrutement des patrons confront\u00e9s \u00e0 une forme de \u00ab\u00a0zapping des salari\u00e9s\u00a0\u00bb. Un contexte aggrav\u00e9 par l\u2019instabilit\u00e9 gouvernementale de ces deux derni\u00e8res ann\u00e9es, assure le responsable de la CPME, fustigeant le \u00ab\u00a0coup politique et m\u00e9diatique\u00a0\u00bb du Premier ministre Fran\u00e7ois Bayrou, ex\u00e9cut\u00e9 au d\u00e9triment de \u00ab\u00a0l\u2019int\u00e9r\u00eat g\u00e9n\u00e9ral\u00a0\u00bb. Un int\u00e9r\u00eat qui se cantonne ici, surtout, \u00e0 celui des entrepreneurs.<\/p>\n<p>\u00ab\u00a0On veut un gouvernement rapidement parce que chaque jour perdu ne se regagnera plus. La priorit\u00e9, c\u2019est de regarder les \u00e9conomies pas d\u2019augmenter les imp\u00f4ts\u00a0\u00bb, mart\u00e8le le repr\u00e9sentant d\u2019un petit patronat \u00ab\u00a0align\u00e9 sur 99% des sujets\u00a0\u00bb avec les positions du Medef. Et peu importe le Premier ministre, ou presque. \u00ab\u00a0Le seul crit\u00e8re que nous souhaitons, c\u2019est qu\u2019il soit pro-entreprise, qu\u2019il all\u00e8ge les charges et les normes\u00a0\u00bb, poursuit Alain Gargani. Apr\u00e8s huit\u00a0ann\u00e9es de gestion du pays par la droite et des d\u00e9cennies de politique lib\u00e9rales qui ont totalement d\u00e9membr\u00e9 les services publics de la sant\u00e9 et de l\u2019\u00e9ducation, et plomb\u00e9 la dette de l\u2019\u00e9tat, il met en garde contre un sc\u00e9nario \u00e0 la grecque.<\/p>\n<p>Et de mettre sur la table les propositions de la CPME\u00a0: suppression de la fiscalit\u00e9 sur les quatre derni\u00e8res heures des 39\u00a0heures hebdomadaire, suppression de l\u2019imp\u00f4t sur les soci\u00e9t\u00e9s si l\u2019argent reste dans l\u2019entreprise, suppression des \u00ab\u00a0normes abusives\u00a0\u00bb, telles les \u00ab\u00a0normes poissons\u00a0\u00bb lance-t-il en amusant l\u2019auditoire, ou faciliter de l\u2019acc\u00e8s aux pr\u00eats bancaires.<\/p>\n","protected":false},"excerpt":{"rendered":"Inquiets, mais combatifs. En cette rentr\u00e9e politique agit\u00e9e, Alain Gargani, le pr\u00e9sident de la CPME\u00a0Sud, install\u00e9 dans un&hellip;\n","protected":false},"author":2,"featured_media":379414,"comment_status":"","ping_status":"","sticky":false,"template":"","format":"standard","meta":{"footnotes":""},"categories":[2814],"tags":[1111,11,1777,674,1011,27,884,12,8331,882,25],"class_list":{"0":"post-379413","1":"post","2":"type-post","3":"status-publish","4":"format-standard","5":"has-post-thumbnail","7":"category-marseille","8":"tag-actu","9":"tag-actualites","10":"tag-eu","11":"tag-europe","12":"tag-fr","13":"tag-france","14":"tag-marseille","15":"tag-news","16":"tag-pme","17":"tag-provence-alpes-cote-dazur","18":"tag-republique-francaise"},"share_on_mastodon":{"url":"https:\/\/pubeurope.com\/@fr\/115178176812475251","error":""},"_links":{"self":[{"href":"https:\/\/www.europesays.com\/fr\/wp-json\/wp\/v2\/posts\/379413","targetHints":{"allow":["GET"]}}],"collection":[{"href":"https:\/\/www.europesays.com\/fr\/wp-json\/wp\/v2\/posts"}],"about":[{"href":"https:\/\/www.europesays.com\/fr\/wp-json\/wp\/v2\/types\/post"}],"author":[{"embeddable":true,"href":"https:\/\/www.europesays.com\/fr\/wp-json\/wp\/v2\/users\/2"}],"replies":[{"embeddable":true,"href":"https:\/\/www.europesays.com\/fr\/wp-json\/wp\/v2\/comments?post=379413"}],"version-history":[{"count":0,"href":"https:\/\/www.europesays.com\/fr\/wp-json\/wp\/v2\/posts\/379413\/revisions"}],"wp:featuredmedia":[{"embeddable":true,"href":"https:\/\/www.europesays.com\/fr\/wp-json\/wp\/v2\/media\/379414"}],"wp:attachment":[{"href":"https:\/\/www.europesays.com\/fr\/wp-json\/wp\/v2\/media?parent=379413"}],"wp:term":[{"taxonomy":"category","embeddable":true,"href":"https:\/\/www.europesays.com\/fr\/wp-json\/wp\/v2\/categories?post=379413"},{"taxonomy":"post_tag","embeddable":true,"href":"https:\/\/www.europesays.com\/fr\/wp-json\/wp\/v2\/tags?post=379413"}],"curies":[{"name":"wp","href":"https:\/\/api.w.org\/{rel}","templated":true}]}}