{"id":379415,"date":"2025-09-10T04:44:09","date_gmt":"2025-09-10T04:44:09","guid":{"rendered":"https:\/\/www.europesays.com\/fr\/379415\/"},"modified":"2025-09-10T04:44:09","modified_gmt":"2025-09-10T04:44:09","slug":"suivez-les-blocages-et-manifestations-dans-les-bouches-du-rhone","status":"publish","type":"post","link":"https:\/\/www.europesays.com\/fr\/379415\/","title":{"rendered":"suivez les blocages et manifestations dans les Bouches-du-Rh\u00f4ne"},"content":{"rendered":"<p>            Par<br \/>\n        <strong><br \/>\n            <a href=\"https:\/\/actu.fr\/auteur\/redaction-marseille\" title=\"Consulter tous les articles de R\u00e9daction Marseille\" rel=\"nofollow noopener\" target=\"_blank\">R\u00e9daction Marseille<\/a><br \/>\n        <\/strong><\/p>\n<p>        Publi\u00e9 le<\/p>\n<p>            10 sept. 2025 \u00e0 6h20<br \/>\n        ; mis \u00e0 jour le 10 sept. 2025 \u00e0 6h32    <\/p>\n<p><strong>Par Thibault Nadal et Fabien Binacchi<\/strong><\/p>\n<p class=\" wall-content\">C\u2019est la question \u00e0 un million d\u2019euros. \u00c0 quoi faut-il s\u2019attendre pour <a href=\"https:\/\/actu.fr\/provence-alpes-cote-d-azur\/marseille_13055\/bloquons-tout-le-10-septembre-ce-qui-est-prevu-a-marseille-et-dans-les-bouches-du-rhone_63133849.html\" rel=\"nofollow noopener\" target=\"_blank\">la journ\u00e9e de mobilisation de ce mercredi 10\u00a0septembre<\/a>, marqu\u00e9 par ce slogan, \u00ab\u2009Bloquons tout\u2009\u00bb\u2009? Les autorit\u00e9s, elles, redoutent ce mouvement social, puisque ce sont <strong>80\u2009000 policiers et gendarmes qui seront d\u00e9ploy\u00e9s partout en France<\/strong>.<\/p>\n<p class=\" wall-content\">Depuis des semaines, les organisateurs \u2013 qui ne sont ni les syndicats ni une organisation politique \u2013 promettent de tout bloquer. \u00c0 <a href=\"https:\/\/actu.fr\/marseille\/\" rel=\"nofollow noopener\" target=\"_blank\">Marseille<\/a> et dans les <a href=\"https:\/\/actu.fr\/provence-alpes-cote-d-azur\/bouches-du-rhone_13\" rel=\"nofollow noopener\" target=\"_blank\">Bouches-du-Rh\u00f4ne<\/a>, de nombreuses perturbations sont \u00e0 pr\u00e9voir dans de multiples domaines.<\/p>\n<p class=\" wall-content\">Suivez avec nous cette journ\u00e9e de mobilisation.<\/p>\n<p class=\" wall-content\"><strong>6h32\u2009: Peu d\u2019impact sur le r\u00e9seau RTM<\/strong><\/p>\n<p class=\" wall-content\">Les usagers de la RTM peuvent se rassurer. Le trafic sera <strong>normal sur les deux lignes de m\u00e9tro.<\/strong> Les trois lignes de tramway (T1, T2 et T3) circulent \u00e0 85\u2009% et m\u00eame jusqu\u2019\u00e0 100\u2009% autour des heures de pointe, \u00e0 8h, midi et 17h, indique la RTM dans un communiqu\u00e9.<\/p>\n<p class=\" wall-content\"><strong>Les bus, eux, fonctionnent \u00e0 80\u2009% de leur capacit\u00e9.<\/strong> Le d\u00e9tail, ligne par ligne, est disponible directement\u00a0<a href=\"https:\/\/www.rtm.fr\/infos-trafic\/5459771719608358411\" rel=\"nofollow noopener\" target=\"_blank\">sur le site de la R\u00e9gie des transports m\u00e9tropolitains.<\/a><\/p>\n<p class=\" wall-content\">En dehors de Marseille, l\u2019Aixpress tourne \u00e0 85\u2009%, la ligne 50 \u00e0 80\u2009% et les r\u00e9seaux de Martigues (Ulysse), Aubagne (Ligne de l\u2019agglo) et La Ciotat (Ciotabus) ne sont pas impact\u00e9es.<\/p>\n<p class=\" wall-content\">\n<p class=\" wall-content\"><strong>6h26\u2009: Les secteurs a\u00e9rien et ferroviaire perturb\u00e9s<\/strong><\/p>\n<p class=\" wall-content\">Journ\u00e9e gal\u00e8re en perspective dans les transports. <a href=\"https:\/\/actu.fr\/provence-alpes-cote-d-azur\/marignane_13054\/bloquons-tout-le-10-septembre-le-trafic-perturbe-a-l-aeroport-de-marseille-les-previsions_63133547.html\" rel=\"nofollow noopener\" target=\"_blank\">\u00c0 l\u2019a\u00e9roport de Marseille,<\/a> tout d\u2019abord, <strong>des retards sont \u00e0 pr\u00e9voir et 19 vols sont d\u2019ores et d\u00e9j\u00e0 annul\u00e9s.<\/strong><\/p>\n<p>Votre r\u00e9gion, votre actu !<\/p>\n<p>Recevez chaque jour les infos qui comptent pour vous.<\/p>\n<p>\t<a href=\"https:\/\/actu.fr\/newsletter\" class=\"ac-btn ac-btn--corner ac-btn--medium ac-btn--blue800\" rel=\"nofollow noopener\" target=\"_blank\">S&rsquo;incrire<\/a><\/p>\n<p class=\" wall-content\">Les compagnies Vueling, Volotea, Air Nostrum et Twinjet sont concern\u00e9es. L\u2019essentiel de ces retards et annulations est pr\u00e9vu <strong>entre 18h et minuit,<\/strong> pr\u00e9vient la direction g\u00e9n\u00e9rale de l\u2019Aviation civile (DGAC) qui invite les passagers \u00e0 reporter au maximum leurs voyages.<\/p>\n<blockquote class=\"twitter-tweet wall-content\" data-width=\"500\" data-dnt=\"true\">\n<p lang=\"fr\" dir=\"ltr\"><a href=\"https:\/\/twitter.com\/hashtag\/Perturbations?src=hash&amp;ref_src=twsrc%5Etfw\" rel=\"nofollow noopener\" target=\"_blank\">#Perturbations<\/a> | Mouvement social national interprofessionnel du mercredi 10 septembre 2025. <a href=\"https:\/\/t.co\/409W3YxXaQ\" rel=\"nofollow\">pic.twitter.com\/409W3YxXaQ<\/a><\/p>\n<p>\u2014 Direction g\u00e9n\u00e9rale de l&rsquo;aviation civile \ud83c\uddeb\ud83c\uddf7\ud83c\uddea\ud83c\uddfa (@DGAC) <a href=\"https:\/\/twitter.com\/DGAC\/status\/1965116831360077896?ref_src=twsrc%5Etfw\" rel=\"nofollow noopener\" target=\"_blank\">September 8, 2025<\/a><\/p>\n<\/blockquote>\n<p class=\" wall-content\">\u00c0 la gare Saint-Charles, <a href=\"https:\/\/actu.fr\/provence-alpes-cote-d-azur\/marseille_13055\/bloquons-tout-le-10-septembre-rtm-sncf-quel-impact-sur-les-transports-a-marseille_63132116.html\" rel=\"nofollow noopener\" target=\"_blank\">les TER sont concern\u00e9s par le mouvement social.<\/a> La SNCF confirme que \u00ab\u2009la circulation des trains sera perturb\u00e9e sur la r\u00e9gion Sud\u2009\u00bb. En revanche, <strong>les TGV circuleront normalement, ce qui n\u2019est pas le cas des Intercit\u00e9s.<\/strong> La ligne Bordeaux-Marseille et les trains de nuit font notamment partie de la liste.<\/p>\n<p>6h20\u2009: Plusieurs rassemblements annonc\u00e9s \u00e0 Marseille<\/p>\n<p class=\" wall-content\">Il faut se lever t\u00f4t pour faire partie des premiers rassemblements ce mercredi 10\u00a0septembre 2025 \u00e0 Marseille. <strong>D\u00e8s 6h30<\/strong>, plusieurs lieux majeurs de la ville, quatre pour \u00eatre pr\u00e9cis, servent de point de ralliement\u2009: m\u00e9tro La Rose (13e), Porte d\u2019Aix (1er, 2e et 3e), place Castellane (6e) et surtout le parking du McDo \u00e0 <strong>La Valentine<\/strong> (11e).<\/p>\n<p class=\" wall-content\">Un rendez-vous est ensuite pr\u00e9vu \u00e0 10h aux R\u00e9form\u00e9s, dans le 1er arrondissement.<\/p>\n<p class=\" wall-content\">Dans le reste du d\u00e9partement, d\u2019autres points de blocage sont annonc\u00e9s. Retrouvez la liste en cliquant sur <a href=\"https:\/\/actu.fr\/provence-alpes-cote-d-azur\/marseille_13055\/bloquons-tout-le-10-septembre-ce-qui-est-prevu-a-marseille-et-dans-les-bouches-du-rhone_63133849.html\" rel=\"nofollow noopener\" target=\"_blank\">ce lien<\/a>.<\/p>\n<p class=\" wall-content\">Personnalisez votre actualit\u00e9 en ajoutant vos villes et m\u00e9dias en favori avec <a href=\"https:\/\/moncompte.actu.fr\" title=\"D\u00e9couvez Mon Actu\" rel=\"nofollow noopener\" data-trk=\"{&quot;cta&quot;:{&quot;action&quot;:&quot;https:\\\/\\\/moncompte.actu.fr&quot;,&quot;category&quot;:&quot;mon compte&quot;,&quot;from&quot;:&quot;article footer&quot;,&quot;name&quot;:&quot;Mon actu&quot;,&quot;type&quot;:&quot;cta&quot;}}\" target=\"_blank\">Mon Actu<\/a>.<\/p>\n<p>                    <script async src=\"https:\/\/platform.twitter.com\/widgets.js\" charset=\"utf-8\"><\/script><\/p>\n","protected":false},"excerpt":{"rendered":"Par R\u00e9daction Marseille Publi\u00e9 le 10 sept. 2025 \u00e0 6h20 ; mis \u00e0 jour le 10 sept. 2025&hellip;\n","protected":false},"author":2,"featured_media":379416,"comment_status":"","ping_status":"","sticky":false,"template":"","format":"standard","meta":{"footnotes":""},"categories":[2814],"tags":[1111,11,47212,1777,674,1011,27,1272,884,12,882,25,104,2803],"class_list":{"0":"post-379415","1":"post","2":"type-post","3":"status-publish","4":"format-standard","5":"has-post-thumbnail","7":"category-marseille","8":"tag-actu","9":"tag-actualites","10":"tag-bloquons-tout","11":"tag-eu","12":"tag-europe","13":"tag-fr","14":"tag-france","15":"tag-manifestations","16":"tag-marseille","17":"tag-news","18":"tag-provence-alpes-cote-dazur","19":"tag-republique-francaise","20":"tag-societe","21":"tag-transport"},"share_on_mastodon":{"url":"https:\/\/pubeurope.com\/@fr\/115178180687992203","error":""},"_links":{"self":[{"href":"https:\/\/www.europesays.com\/fr\/wp-json\/wp\/v2\/posts\/379415","targetHints":{"allow":["GET"]}}],"collection":[{"href":"https:\/\/www.europesays.com\/fr\/wp-json\/wp\/v2\/posts"}],"about":[{"href":"https:\/\/www.europesays.com\/fr\/wp-json\/wp\/v2\/types\/post"}],"author":[{"embeddable":true,"href":"https:\/\/www.europesays.com\/fr\/wp-json\/wp\/v2\/users\/2"}],"replies":[{"embeddable":true,"href":"https:\/\/www.europesays.com\/fr\/wp-json\/wp\/v2\/comments?post=379415"}],"version-history":[{"count":0,"href":"https:\/\/www.europesays.com\/fr\/wp-json\/wp\/v2\/posts\/379415\/revisions"}],"wp:featuredmedia":[{"embeddable":true,"href":"https:\/\/www.europesays.com\/fr\/wp-json\/wp\/v2\/media\/379416"}],"wp:attachment":[{"href":"https:\/\/www.europesays.com\/fr\/wp-json\/wp\/v2\/media?parent=379415"}],"wp:term":[{"taxonomy":"category","embeddable":true,"href":"https:\/\/www.europesays.com\/fr\/wp-json\/wp\/v2\/categories?post=379415"},{"taxonomy":"post_tag","embeddable":true,"href":"https:\/\/www.europesays.com\/fr\/wp-json\/wp\/v2\/tags?post=379415"}],"curies":[{"name":"wp","href":"https:\/\/api.w.org\/{rel}","templated":true}]}}