{"id":379417,"date":"2025-09-10T04:45:11","date_gmt":"2025-09-10T04:45:11","guid":{"rendered":"https:\/\/www.europesays.com\/fr\/379417\/"},"modified":"2025-09-10T04:45:11","modified_gmt":"2025-09-10T04:45:11","slug":"lyon-interne-en-rea-il-croise-la-ministre-dans-la-rue-et-decroche-un-stage-au-ministere-de-la-sante","status":"publish","type":"post","link":"https:\/\/www.europesays.com\/fr\/379417\/","title":{"rendered":"Lyon. Interne en r\u00e9a, il croise la ministre dans la rue et d\u00e9croche un stage au minist\u00e8re de la Sant\u00e9"},"content":{"rendered":"<p>Au culot\u00a0! C\u2019est comme \u00e7a que Baptiste Thibault a d\u00e9croch\u00e9 un stage de 4 mois au cabinet de la ministre de la Sant\u00e9. Interne aux Hospices civils de Lyon, ce jeune m\u00e9decin, originaire de Lons-le-Saunier (Jura), en est encore tout \u00e9tonn\u00e9 car il n\u2019a pas de r\u00e9seau et n\u2019a b\u00e9n\u00e9fici\u00e9 d\u2019aucun piston.<\/p>\n<p>Externe \u00e0 la facult\u00e9 de m\u00e9decine de Besan\u00e7on, Baptiste Thibault d\u00e9couvre la r\u00e9animation lors d\u2019un stage au CHU. C\u2019est le coup de foudre. D\u00e8s lors, son ambition est de \u00ab\u00a0ressembler\u00a0\u00bb aux m\u00e9decins de ce&#8230;<\/p>\n","protected":false},"excerpt":{"rendered":"Au culot\u00a0! C\u2019est comme \u00e7a que Baptiste Thibault a d\u00e9croch\u00e9 un stage de 4 mois au cabinet de&hellip;\n","protected":false},"author":2,"featured_media":379418,"comment_status":"","ping_status":"","sticky":false,"template":"","format":"standard","meta":{"footnotes":""},"categories":[1889],"tags":[1111,11,2430,2757,1777,674,107,1011,27,1757,1826,3352,2428,2756,12,25,2429,71],"class_list":{"0":"post-379417","1":"post","2":"type-post","3":"status-publish","4":"format-standard","5":"has-post-thumbnail","7":"category-lyon","8":"tag-actu","9":"tag-actualites","10":"tag-auvergne-rhone-alpes","11":"tag-edition-lyon-villeurbanne","12":"tag-eu","13":"tag-europe","14":"tag-fil-info","15":"tag-fr","16":"tag-france","17":"tag-insolite","18":"tag-jura","19":"tag-lons-le-saunier","20":"tag-lyon","21":"tag-lyon-bassin","22":"tag-news","23":"tag-republique-francaise","24":"tag-rhone","25":"tag-sante"},"share_on_mastodon":{"url":"https:\/\/pubeurope.com\/@fr\/115178184627629388","error":""},"_links":{"self":[{"href":"https:\/\/www.europesays.com\/fr\/wp-json\/wp\/v2\/posts\/379417","targetHints":{"allow":["GET"]}}],"collection":[{"href":"https:\/\/www.europesays.com\/fr\/wp-json\/wp\/v2\/posts"}],"about":[{"href":"https:\/\/www.europesays.com\/fr\/wp-json\/wp\/v2\/types\/post"}],"author":[{"embeddable":true,"href":"https:\/\/www.europesays.com\/fr\/wp-json\/wp\/v2\/users\/2"}],"replies":[{"embeddable":true,"href":"https:\/\/www.europesays.com\/fr\/wp-json\/wp\/v2\/comments?post=379417"}],"version-history":[{"count":0,"href":"https:\/\/www.europesays.com\/fr\/wp-json\/wp\/v2\/posts\/379417\/revisions"}],"wp:featuredmedia":[{"embeddable":true,"href":"https:\/\/www.europesays.com\/fr\/wp-json\/wp\/v2\/media\/379418"}],"wp:attachment":[{"href":"https:\/\/www.europesays.com\/fr\/wp-json\/wp\/v2\/media?parent=379417"}],"wp:term":[{"taxonomy":"category","embeddable":true,"href":"https:\/\/www.europesays.com\/fr\/wp-json\/wp\/v2\/categories?post=379417"},{"taxonomy":"post_tag","embeddable":true,"href":"https:\/\/www.europesays.com\/fr\/wp-json\/wp\/v2\/tags?post=379417"}],"curies":[{"name":"wp","href":"https:\/\/api.w.org\/{rel}","templated":true}]}}