{"id":379419,"date":"2025-09-10T04:46:12","date_gmt":"2025-09-10T04:46:12","guid":{"rendered":"https:\/\/www.europesays.com\/fr\/379419\/"},"modified":"2025-09-10T04:46:12","modified_gmt":"2025-09-10T04:46:12","slug":"a-lyon-la-danse-sans-frontieres-de-la-bresilienne-lia-rodrigues","status":"publish","type":"post","link":"https:\/\/www.europesays.com\/fr\/379419\/","title":{"rendered":"\u00e0 Lyon, la danse sans fronti\u00e8res de la Br\u00e9silienne Lia Rodrigues"},"content":{"rendered":"<p>Un long silence. Une masse blanch\u00e2tre, dont on peine \u00e0 distinguer les contours. Des mouvements si lents qu\u2019ils semblent imperceptibles. C\u2019est dans cet \u00e9tat semi-onirique, qui forcerait presque \u00e0 plisser les yeux, que nous cueille Borda, la derni\u00e8re cr\u00e9ation de Lia Rodrigues, pr\u00e9sent\u00e9e samedi\u00a06 et lundi 8\u00a0septembre \u00e0 la Biennale de la danse de Lyon (1).<\/p>\n<p>Cet article est r\u00e9serv\u00e9 aux abonn\u00e9s<\/p>\n<p>\n                    Vous souhaitez lire la suite\u00a0? Abonnez-vous sans engagement \u00e0 notre offre num\u00e9rique\n                <\/p>\n<p>                <a href=\"https:\/\/www.la-croix.com\/abonnement\" class=\"default-paywall__subscribe-button\" data-tracking=\"cta_click\" data-tracking-action=\"voir la page abonnement\" data-tracking-category=\"abonnement\" rel=\"nofollow noopener\" target=\"_blank\">Je m&rsquo;abonne<\/a><\/p>\n","protected":false},"excerpt":{"rendered":"Un long silence. Une masse blanch\u00e2tre, dont on peine \u00e0 distinguer les contours. Des mouvements si lents qu\u2019ils&hellip;\n","protected":false},"author":2,"featured_media":379420,"comment_status":"","ping_status":"","sticky":false,"template":"","format":"standard","meta":{"footnotes":""},"categories":[1889],"tags":[1111,11,2430,1777,674,1011,27,2428,12,25],"class_list":{"0":"post-379419","1":"post","2":"type-post","3":"status-publish","4":"format-standard","5":"has-post-thumbnail","7":"category-lyon","8":"tag-actu","9":"tag-actualites","10":"tag-auvergne-rhone-alpes","11":"tag-eu","12":"tag-europe","13":"tag-fr","14":"tag-france","15":"tag-lyon","16":"tag-news","17":"tag-republique-francaise"},"share_on_mastodon":{"url":"https:\/\/pubeurope.com\/@fr\/115178188499910848","error":""},"_links":{"self":[{"href":"https:\/\/www.europesays.com\/fr\/wp-json\/wp\/v2\/posts\/379419","targetHints":{"allow":["GET"]}}],"collection":[{"href":"https:\/\/www.europesays.com\/fr\/wp-json\/wp\/v2\/posts"}],"about":[{"href":"https:\/\/www.europesays.com\/fr\/wp-json\/wp\/v2\/types\/post"}],"author":[{"embeddable":true,"href":"https:\/\/www.europesays.com\/fr\/wp-json\/wp\/v2\/users\/2"}],"replies":[{"embeddable":true,"href":"https:\/\/www.europesays.com\/fr\/wp-json\/wp\/v2\/comments?post=379419"}],"version-history":[{"count":0,"href":"https:\/\/www.europesays.com\/fr\/wp-json\/wp\/v2\/posts\/379419\/revisions"}],"wp:featuredmedia":[{"embeddable":true,"href":"https:\/\/www.europesays.com\/fr\/wp-json\/wp\/v2\/media\/379420"}],"wp:attachment":[{"href":"https:\/\/www.europesays.com\/fr\/wp-json\/wp\/v2\/media?parent=379419"}],"wp:term":[{"taxonomy":"category","embeddable":true,"href":"https:\/\/www.europesays.com\/fr\/wp-json\/wp\/v2\/categories?post=379419"},{"taxonomy":"post_tag","embeddable":true,"href":"https:\/\/www.europesays.com\/fr\/wp-json\/wp\/v2\/tags?post=379419"}],"curies":[{"name":"wp","href":"https:\/\/api.w.org\/{rel}","templated":true}]}}