{"id":379421,"date":"2025-09-10T04:48:11","date_gmt":"2025-09-10T04:48:11","guid":{"rendered":"https:\/\/www.europesays.com\/fr\/379421\/"},"modified":"2025-09-10T04:48:11","modified_gmt":"2025-09-10T04:48:11","slug":"manifestations-rassemblements-barrages-suivez-les-temps-forts-de-cette-journee-de-greve-du-10-septembre-a-paris-et-en-ile-de-france","status":"publish","type":"post","link":"https:\/\/www.europesays.com\/fr\/379421\/","title":{"rendered":"manifestations, rassemblements, barrages&#8230; Suivez les temps forts de cette journ\u00e9e de gr\u00e8ve du 10 septembre \u00e0 Paris et en \u00cele-de-France"},"content":{"rendered":"<p>Des blocages, piquets de gr\u00e8ve, rassemblements et cort\u00e8ges sont pr\u00e9vus \u00e0 Paris et en \u00cele-de-France tout au long de cette journ\u00e9e du 10 septembre. Suivez en direct cette mobilisation citoyenne, syndicale et politique.<\/p>\n<p>            Ce qu&rsquo;il faut savoir<\/p>\n<p>\u00ab\u00a0Bloquons Tout !\u00a0\u00bb Au lendemain de\u00a0la d\u00e9mission du gouvernement, plus d&rsquo;une centaine d&rsquo;actions sont recens\u00e9es au nom de ce mot d&rsquo;ordre en \u00cele-de-France ce 10 septembre, selon un bilan provisoire qui s&rsquo;appuie sur une carte collaborative.<\/p>\n<p class=\"node__paragraphe antonia-750r text-grey-800 pb-24 pb-md-32\">Blocages de gares, de d\u00e9p\u00f4ts de raffineries, d\u2019axes de circulation, de portes de Paris, gr\u00e8ves et manifestations, bals populaires, occupation de locaux, voire actions de sabotage, sont annonc\u00e9s.<\/p>\n<p><strong>\u00c0 lire aussi <\/strong>:<a href=\"https:\/\/france3-regions.franceinfo.fr\/paris-ile-de-france\/paris\/greve-du-10-septembre-peripheriques-aeroports-gares-quels-blocages-auront-lieu-a-paris-et-en-ile-de-france-3214241.html\" target=\"_blank\" rel=\"noopener nofollow\"> Gr\u00e8ve du 10 septembre : P\u00e9riph\u00e9rique, a\u00e9roports, gares&#8230; Quels blocages auront lieu \u00e0 Paris et en \u00cele-de-France ?<\/a><\/p>\n<p>Au total sur l&rsquo;ensemble du territoire, quelque \u00ab\u00a080 000 gendarmes et policiers\u00a0\u00bb seront mobilis\u00e9s, a annonc\u00e9 le ministre de l\u2019Int\u00e9rieur, Bruno Retailleau. Un dispositif policier mobilis\u00e9 face un mouvement dont l&rsquo;\u00e9volution reste difficile \u00e0 pr\u00e9voir.<\/p>\n<p class=\"node__paragraphe antonia-750r text-grey-800 pb-24 pb-md-32\">\u00c0 quoi faut-il s&rsquo;attendre dans la r\u00e9gion ce 10 septembre, France 3 Paris \u00cele-de-France vous informe toute la journ\u00e9e de ce mercredi minute par minute gr\u00e2ce \u00e0 ses correspondants sur place.<\/p>\n<p>              Tout lire<\/p>\n","protected":false},"excerpt":{"rendered":"Des blocages, piquets de gr\u00e8ve, rassemblements et cort\u00e8ges sont pr\u00e9vus \u00e0 Paris et en \u00cele-de-France tout au long&hellip;\n","protected":false},"author":2,"featured_media":379422,"comment_status":"","ping_status":"","sticky":false,"template":"","format":"standard","meta":{"footnotes":""},"categories":[1592],"tags":[1111,11,1777,674,1011,27,662,12,626,25],"class_list":{"0":"post-379421","1":"post","2":"type-post","3":"status-publish","4":"format-standard","5":"has-post-thumbnail","7":"category-ile-de-france","8":"tag-actu","9":"tag-actualites","10":"tag-eu","11":"tag-europe","12":"tag-fr","13":"tag-france","14":"tag-ile-de-france","15":"tag-news","16":"tag-paris","17":"tag-republique-francaise"},"share_on_mastodon":{"url":"https:\/\/pubeurope.com\/@fr\/115178196447641777","error":""},"_links":{"self":[{"href":"https:\/\/www.europesays.com\/fr\/wp-json\/wp\/v2\/posts\/379421","targetHints":{"allow":["GET"]}}],"collection":[{"href":"https:\/\/www.europesays.com\/fr\/wp-json\/wp\/v2\/posts"}],"about":[{"href":"https:\/\/www.europesays.com\/fr\/wp-json\/wp\/v2\/types\/post"}],"author":[{"embeddable":true,"href":"https:\/\/www.europesays.com\/fr\/wp-json\/wp\/v2\/users\/2"}],"replies":[{"embeddable":true,"href":"https:\/\/www.europesays.com\/fr\/wp-json\/wp\/v2\/comments?post=379421"}],"version-history":[{"count":0,"href":"https:\/\/www.europesays.com\/fr\/wp-json\/wp\/v2\/posts\/379421\/revisions"}],"wp:featuredmedia":[{"embeddable":true,"href":"https:\/\/www.europesays.com\/fr\/wp-json\/wp\/v2\/media\/379422"}],"wp:attachment":[{"href":"https:\/\/www.europesays.com\/fr\/wp-json\/wp\/v2\/media?parent=379421"}],"wp:term":[{"taxonomy":"category","embeddable":true,"href":"https:\/\/www.europesays.com\/fr\/wp-json\/wp\/v2\/categories?post=379421"},{"taxonomy":"post_tag","embeddable":true,"href":"https:\/\/www.europesays.com\/fr\/wp-json\/wp\/v2\/tags?post=379421"}],"curies":[{"name":"wp","href":"https:\/\/api.w.org\/{rel}","templated":true}]}}