{"id":379423,"date":"2025-09-10T04:49:10","date_gmt":"2025-09-10T04:49:10","guid":{"rendered":"https:\/\/www.europesays.com\/fr\/379423\/"},"modified":"2025-09-10T04:49:10","modified_gmt":"2025-09-10T04:49:10","slug":"manifestations-greves-perturbations-suivez-la-journee-de-mobilisation","status":"publish","type":"post","link":"https:\/\/www.europesays.com\/fr\/379423\/","title":{"rendered":"manifestations, gr\u00e8ves, perturbations\u2026 Suivez la journ\u00e9e de mobilisation"},"content":{"rendered":"<p>Quelle sera l&rsquo;ampleur du mouvement\u00a0? Des <a href=\"https:\/\/www.franceinfo.fr\/societe\/bloquons-tout-mouvement-du-10-septembre\/dans-les-rues-les-transports-les-ecoles-a-quoi-s-attendre-lors-du-mouvement-bloquons-tout-le-10-septembre_7480003.html\" rel=\"nofollow noopener\" target=\"_blank\">centaines d&rsquo;actions sont pr\u00e9vues dans toute la France<\/a>, mercredi 10\u00a0septembre, dans le cadre de la mobilisation \u00ab\u00a0Bloquons tout\u00a0\u00bb. Des cort\u00e8ges dans les rues, des blocages des axes routiers, des perturbations dans les transports ou encore dans les \u00e9coles et les universit\u00e9s sont attendus, au lendemain de la <a href=\"https:\/\/www.franceinfo.fr\/politique\/gouvernement-de-sebastien-lecornu\/sebastien-lecornu-ministre-des-armees-demissionnaire-est-nomme-premier-ministre-annonce-l-elysee_7482898.html\" rel=\"nofollow noopener\" target=\"_blank\">nomination de Sebastien Lecornu comme Premier ministre.<\/a> Les services de renseignement estiment qu&rsquo;<a href=\"https:\/\/www.franceinfo.fr\/societe\/bloquons-tout-mouvement-du-10-septembre\/corteges-blocages-de-sites-strategiques-ou-actions-de-sabotage-une-note-des-renseignements-territoriaux-evalue-l-ampleur-du-mouvement-du-10-septembre_7470535.html\" rel=\"nofollow noopener\" target=\"_blank\">environ 100\u00a0000\u00a0personnes participeront aux manifestations<\/a>. Un chiffre \u00e0 prendre avec pr\u00e9caution, <a href=\"https:\/\/www.franceinfo.fr\/societe\/bloquons-tout-mouvement-du-10-septembre\/bloquons-tout-le-10-septembre-les-gilets-jaunes-reactivent-leurs-communautes-avant-la-journee-de-mobilisation_7453870.html\" rel=\"nofollow noopener\" target=\"_blank\">l&rsquo;organisation \u00e9tant d\u00e9centralis\u00e9e<\/a>, mouvante et en cours de construction. Suivez notre direct.<\/p>\n<p class=\"c-body__bullet\"> <strong>Trafic \u00ab\u00a0normal\u00a0\u00bb attendu pour les TGV, perturbations dans tous les a\u00e9roports. <\/strong>Sur les rails, la CGT-Cheminots a appel\u00e9 \u00e0 \u00ab\u00a0participer massivement\u00a0\u00bb au mouvement. Mais la SNCF assure que <a href=\"https:\/\/www.franceinfo.fr\/societe\/bloquons-tout-mouvement-du-10-septembre\/mouvement-bloquons-tout-le-10-septembre-la-sncf-et-la-ratp-anticipent-un-trafic-quasi-normal-sur-leur-reseau_7480723.html\" rel=\"nofollow noopener\" target=\"_blank\">les TGV Inoui, Ouigo et internationaux circuleront \u00ab\u00a0normalement\u00a0\u00bb<\/a>.\u00a0Les Intercit\u00e9s, TER, RER et Transiliens seront plus affect\u00e9s. La direction g\u00e9n\u00e9rale de l&rsquo;Aviation civile (DGAC) pr\u00e9voit quant \u00e0 elle des perturbations et des retards \u00ab\u00a0sur l&rsquo;ensemble des a\u00e9roports fran\u00e7ais\u00a0\u00bb.<\/p>\n<p class=\"c-body__bullet\"> <strong>Un important dispositif de s\u00e9curit\u00e9. <\/strong>Quelque <a href=\"https:\/\/www.franceinfo.fr\/societe\/bloquons-tout-mouvement-du-10-septembre\/video-mouvement-bloquons-tout-du-10-septembre-bruno-retailleau-annonce-que-80-000-gendarmes-et-policiers-seront-mobilises_7480936.html\" rel=\"nofollow noopener\" target=\"_blank\">80\u00a0000 gendarmes et policiers seront mobilis\u00e9s<\/a> au cours de la journ\u00e9e, a annonc\u00e9 lundi le ministre de l&rsquo;Int\u00e9rieur d\u00e9missionnaire, qui a \u00e9galement demand\u00e9 le d\u00e9ploiement d'\u00a0\u00bbune petite trentaine d&rsquo;h\u00e9licopt\u00e8res\u00a0\u00bb, de drones, des engins lanceurs d&rsquo;eau et de v\u00e9hicules blind\u00e9s de la gendarmerie nationale.\u00a0Bruno Retailleau a appel\u00e9 \u00e0 la fermet\u00e9 contre les actions qui cibleraient des points d&rsquo;int\u00e9r\u00eats capitaux comme \u00ab\u00a0des raffineries, des stockages de carburant, des gares, des p\u00e9riph\u00e9riques, des rocades\u00a0\u00bb.<\/p>\n<p class=\"c-body__bullet\"> <strong>Quel gouvernement autour de S\u00e9bastien Lecornu\u00a0?<\/strong><strong>\u00a0<\/strong>C&rsquo;est dans ce contexte social tr\u00e8s tendu que le chef de l&rsquo;Etat a <a href=\"https:\/\/www.franceinfo.fr\/politique\/gouvernement-de-sebastien-lecornu\/sebastien-lecornu-ministre-des-armees-demissionnaire-est-nomme-premier-ministre-annonce-l-elysee_7482898.html\" rel=\"nofollow noopener\" target=\"_blank\">nomm\u00e9 mardi soir le ministre des Arm\u00e9es sortant<\/a>, S\u00e9bastien Lecornu, comme chef du gouvernement, seulement quelques heures <a href=\"https:\/\/www.franceinfo.fr\/politique\/gouvernement-de-francois-bayrou\/chute-du-gouvernement-de-francois-bayrou-le-premier-ministre-a-officiellement-remis-sa-demission-a-emmanuel-macron_7482589.html\" rel=\"nofollow noopener\" target=\"_blank\">apr\u00e8s la d\u00e9mission de Fran\u00e7ois Bayrou<\/a>. Ce proche du pr\u00e9sident de la R\u00e9publique a d\u00e9sormais la charge de constituer une nouvelle \u00e9quipe gouvernementale. Le chef des R\u00e9publicains, Bruno Retailleau, s&rsquo;est dit pr\u00eat \u00e0 \u00ab\u00a0trouver des accords\u00a0\u00bb avec S\u00e9bastien Lecornu. A gauche, le copr\u00e9sident de Place publique, Rapha\u00ebl Glucksmann, juge qu&rsquo;Emmanuel Macron a choisi un \u00ab\u00a0proche de lui, comme s&rsquo;il esp\u00e9rait encore que rien ne change\u00a0\u00bb.<\/p>\n","protected":false},"excerpt":{"rendered":"Quelle sera l&rsquo;ampleur du mouvement\u00a0? Des centaines d&rsquo;actions sont pr\u00e9vues dans toute la France, mercredi 10\u00a0septembre, dans le&hellip;\n","protected":false},"author":2,"featured_media":379424,"comment_status":"","ping_status":"","sticky":false,"template":"","format":"standard","meta":{"footnotes":""},"categories":[1888],"tags":[1111,1928,11,1927,1777,674,1011,27,12,1926,626,1925,25],"class_list":{"0":"post-379423","1":"post","2":"type-post","3":"status-publish","4":"format-standard","5":"has-post-thumbnail","7":"category-paris","8":"tag-actu","9":"tag-actu-paris","10":"tag-actualites","11":"tag-actualites-paris","12":"tag-eu","13":"tag-europe","14":"tag-fr","15":"tag-france","16":"tag-news","17":"tag-news-paris","18":"tag-paris","19":"tag-paris-news","20":"tag-republique-francaise"},"share_on_mastodon":{"url":"https:\/\/pubeurope.com\/@fr\/115178200325685443","error":""},"_links":{"self":[{"href":"https:\/\/www.europesays.com\/fr\/wp-json\/wp\/v2\/posts\/379423","targetHints":{"allow":["GET"]}}],"collection":[{"href":"https:\/\/www.europesays.com\/fr\/wp-json\/wp\/v2\/posts"}],"about":[{"href":"https:\/\/www.europesays.com\/fr\/wp-json\/wp\/v2\/types\/post"}],"author":[{"embeddable":true,"href":"https:\/\/www.europesays.com\/fr\/wp-json\/wp\/v2\/users\/2"}],"replies":[{"embeddable":true,"href":"https:\/\/www.europesays.com\/fr\/wp-json\/wp\/v2\/comments?post=379423"}],"version-history":[{"count":0,"href":"https:\/\/www.europesays.com\/fr\/wp-json\/wp\/v2\/posts\/379423\/revisions"}],"wp:featuredmedia":[{"embeddable":true,"href":"https:\/\/www.europesays.com\/fr\/wp-json\/wp\/v2\/media\/379424"}],"wp:attachment":[{"href":"https:\/\/www.europesays.com\/fr\/wp-json\/wp\/v2\/media?parent=379423"}],"wp:term":[{"taxonomy":"category","embeddable":true,"href":"https:\/\/www.europesays.com\/fr\/wp-json\/wp\/v2\/categories?post=379423"},{"taxonomy":"post_tag","embeddable":true,"href":"https:\/\/www.europesays.com\/fr\/wp-json\/wp\/v2\/tags?post=379423"}],"curies":[{"name":"wp","href":"https:\/\/api.w.org\/{rel}","templated":true}]}}