{"id":379426,"date":"2025-09-10T04:51:11","date_gmt":"2025-09-10T04:51:11","guid":{"rendered":"https:\/\/www.europesays.com\/fr\/379426\/"},"modified":"2025-09-10T04:51:11","modified_gmt":"2025-09-10T04:51:11","slug":"abandonne-depuis-trente-ans-cet-edifice-va-accueillir-la-plus-grande-salle-denregistrement-de-paris","status":"publish","type":"post","link":"https:\/\/www.europesays.com\/fr\/379426\/","title":{"rendered":"Abandonn\u00e9 depuis trente ans, cet \u00e9difice va accueillir la plus grande salle d&rsquo;enregistrement de Paris"},"content":{"rendered":"<p>            Par<br \/>\n        <strong><br \/>\n            <a href=\"https:\/\/actu.fr\/auteur\/marie-amelie-marchal\" title=\"Consulter tous les articles de Marie Amelie Marchal\" target=\"_blank\" rel=\"noopener\">Marie Amelie Marchal<\/a><br \/>\n        <\/strong><\/p>\n<p>        Publi\u00e9 le<\/p>\n<p>            10 sept. 2025 \u00e0 6h30        <\/p>\n<p>C\u2019est une<strong> cath\u00e9drale de b\u00e9ton<\/strong> qui se dresse boulevard de Charonne, dans le 11e arrondissement. Dans ses trav\u00e9es r\u00e9sonne le bruit des marteau-piqueurs, ce mardi 9 septembre 2025, mais dans quelques mois c\u2019est une autre m\u00e9lodie qui devrait faire vibrer l\u2019<strong>ancien transformateur \u00e9lectrique<\/strong>. L\u2019<a href=\"https:\/\/actu.fr\/ile-de-france\/saint-denis_93066\/exposition-xxl-food-court-decouvrez-le-fabuleux-destin-de-la-cite-du-cinema-a-saint-denis_62213483.html\" target=\"_blank\" rel=\"noopener\">\u00e9crin industriel<\/a> va devenir, d\u00e9but 2026, le<strong> coeur battant de la musique<\/strong> \u00e0 <a href=\"https:\/\/actu.fr\/paris\/\" target=\"_blank\" rel=\"noopener\">Paris<\/a>. Bureaux de Sony \u2013 <a href=\"https:\/\/www.cfnewsimmo.net\/L-actualite\/Locations\/Sony-murmure-dans-l-est-parisien-487251\" target=\"_blank\" rel=\"noopener\">selon les informations de CFNews Immo<\/a>, studios d\u2019enregistrement, commerces\u2026 Visite du chantier de \u00ab\u00a0MurMure\u00a0\u00bb aux c\u00f4t\u00e9s du chef de projet, Jean-Marie Hellier.\u00a0<\/p>\n<p>Un puit de lumi\u00e8re naturelle\u00a0<\/p>\n<p class=\" wall-content\">Feu l\u2019<strong>ancien <\/strong><a href=\"https:\/\/actu.fr\/ile-de-france\/fresnes_94034\/visite-des-lieux-abandonnes-du-val-de-marne-avec-l-un-des-precurseurs-de-l-urbex-en-france_61609000.html\" target=\"_blank\" rel=\"noopener\">spot d\u2019urbex<\/a> aux murs recouverts de <a href=\"https:\/\/actu.fr\/ile-de-france\/paris_75056\/comme-si-on-les-ramenait-a-lascaux-a-paris-ce-temple-du-graffiti-abandonne-depuis-15-ans-ouvre-ses-portes_63099183.html\" target=\"_blank\" rel=\"noopener\">graffitis<\/a>. D\u00e9sormais sabl\u00e9es, les cloisons sont impeccablement grises. Abandonn\u00e9 depuis une trentaine d\u2019ann\u00e9es, le \u00ab\u00a0Poste Nation\u00a0\u00bb a fait l\u2019objet de vastes travaux d\u00e9but\u00e9s en novembre 2023. \u00ab\u00a0La livraison du chantier est pr\u00e9vue en septembre\u00a0\u00bb, glisse le chef de groupe travaux du groupe Legendre. Une fois la commission de s\u00e9curit\u00e9 pass\u00e9e, le \u00ab\u00a0preneur\u00a0\u00bb entamera une nouvelle phase d\u2019am\u00e9nagement. L\u2019ouverture de cette cit\u00e9 de la musique est attendue au <strong>d\u00e9but de l\u2019ann\u00e9e 2026<\/strong>. Mais avant que les professionnels du label ne prennent possession des lieux, quelques ajustements sont encore \u00e0 r\u00e9aliser.<\/p>\n<p class=\" wall-content\">\u00ab\u00a0Ici, tout s\u2019articule autour de la nef centrale que nous avons vitr\u00e9e\u00a0\u00bb, d\u00e9crit Jean-Marie Hellier. Le <strong>puit de lumi\u00e8re de 25 m de haut<\/strong> dessert six niveaux. Laur\u00e9at de la deuxi\u00e8me \u00e9dition de \u00ab\u00a0R\u00e9inventer Paris\u00a0\u00bb d\u00e9di\u00e9e au <a href=\"https:\/\/actu.fr\/ile-de-france\/paris_75056\/bar-et-restaurant-dans-une-station-fantome-du-metro-a-paris-le-projet-abandonne_47431587.html\" target=\"_blank\" rel=\"noopener\">dessous de la capitale<\/a>, l\u2019enjeu \u00e9tait alors de cr\u00e9er un deuxi\u00e8me sous-sol. \u00ab\u00a0C\u2019est l\u00e0 qu\u2019a r\u00e9sid\u00e9 toute la difficult\u00e9 du chantier. Il ne s\u2019agissait pas d\u2019une d\u00e9molition totale mais d\u2019un encha\u00eenement de t\u00e2ches, du maintien de travaux dans les \u00e9tages tout en creusant \u00e0 pr\u00e8s de 9 m sous terre\u00a0\u00bb, relate le chef de groupe. Un vrai ch\u00e2teau de cartes de quelque <strong>6 000 m\u00b2<\/strong>.\u00a0<\/p>\n<p>    <img   decoding=\"async\" loading=\"lazy\" src=\"https:\/\/www.europesays.com\/fr\/wp-content\/uploads\/2025\/09\/design-sans-titre-2-960x640.jpg\" alt=\"Couverte par du b\u00e9ton, la nef a \u00e9t\u00e9 vitr\u00e9e pour cr\u00e9er un puit de lumi\u00e8re naturelle.\" width=\"960\" height=\"640\"\/><br \/>\n    Couverte par du b\u00e9ton, la nef a \u00e9t\u00e9 vitr\u00e9e pour cr\u00e9er un puit de lumi\u00e8re naturelle. (\u00a9MAM \/ actu Paris)Une salle d\u2019enregistrement unique en France\u00a0<\/p>\n<p class=\" wall-content\">Et c\u2019est sous terre que se niche la pi\u00e8ce ma\u00eetresse du lieu : une <strong>salle d\u2019enregistrement de 360 m\u00b2 et de 8 m de haut<\/strong>. Unique en France, elle permettra d\u2019accueillir un orchestre symphonique. \u00ab\u00a0C\u2019est une bo\u00eete dans une bo\u00eete, d\u00e9taille Jean-Marie Hellier dont les paroles rebondissent sur les murs de la salle grise.\u00a0<\/p>\n<p>    <img   decoding=\"async\" loading=\"lazy\" src=\"https:\/\/www.europesays.com\/fr\/wp-content\/uploads\/2025\/09\/20250909-103723-960x640.jpg\" alt=\"Pour la cr\u00e9ation d'un deuxi\u00e8me sous-sol, 10 000 m3 de terre ont \u00e9t\u00e9 excav\u00e9s.\" width=\"960\" height=\"640\"\/><br \/>\n    Pour la cr\u00e9ation d\u2019un deuxi\u00e8me sous-sol, 10 000 m3 de terre ont \u00e9t\u00e9 excav\u00e9s. (\u00a9MAM \/ actu Paris)<\/p>\n<p class=\" wall-content\">\u00ab\u00a0Le cube est plac\u00e9 sur une bo\u00eete \u00e0 ressort anti vibration et au-dessus de nos t\u00eates, 2 m de \u2018m\u00e9ga poutres\u2019 permettent de renforcer la structure et de nous \u00e9pargner la pr\u00e9sence de poteaux au milieu de la salle\u00a0\u00bb, r\u00e9sume le chef de groupe. Ainsi, la salle d\u2019enregistrement n\u2019a <strong>aucune liaison m\u00e9canique<\/strong> avec le reste de l\u2019\u00e9difice, \u00ab\u00a0l\u2019objectif \u00e9tant qu\u2019aucune vibration ne soit transmise\u00a0\u00bb, pr\u00e9cise notre interlocuteur. Une prouesse technique dans le cadre d\u2019une r\u00e9habilitation.\u00a0<\/p>\n<p class=\" wall-content\">Personnalisez votre actualit\u00e9 en ajoutant vos villes et m\u00e9dias en favori avec <a href=\"https:\/\/moncompte.actu.fr\" title=\"D\u00e9couvez Mon Actu\" rel=\"nofollow noopener\" data-trk=\"{&quot;cta&quot;:{&quot;action&quot;:&quot;https:\\\/\\\/moncompte.actu.fr&quot;,&quot;category&quot;:&quot;mon compte&quot;,&quot;from&quot;:&quot;article footer&quot;,&quot;name&quot;:&quot;Mon actu&quot;,&quot;type&quot;:&quot;cta&quot;}}\" target=\"_blank\">Mon Actu<\/a>.<\/p>\n","protected":false},"excerpt":{"rendered":"Par Marie Amelie Marchal Publi\u00e9 le 10 sept. 2025 \u00e0 6h30 C\u2019est une cath\u00e9drale de b\u00e9ton qui se&hellip;\n","protected":false},"author":2,"featured_media":379427,"comment_status":"","ping_status":"","sticky":false,"template":"","format":"standard","meta":{"footnotes":""},"categories":[1888],"tags":[11,1777,674,1011,27,873,12,626,2551,25,104,2086],"class_list":{"0":"post-379426","1":"post","2":"type-post","3":"status-publish","4":"format-standard","5":"has-post-thumbnail","7":"category-paris","8":"tag-actualites","9":"tag-eu","10":"tag-europe","11":"tag-fr","12":"tag-france","13":"tag-musique","14":"tag-news","15":"tag-paris","16":"tag-patrimoine","17":"tag-republique-francaise","18":"tag-societe","19":"tag-travaux"},"share_on_mastodon":{"url":"https:\/\/pubeurope.com\/@fr\/115178208243632949","error":""},"_links":{"self":[{"href":"https:\/\/www.europesays.com\/fr\/wp-json\/wp\/v2\/posts\/379426","targetHints":{"allow":["GET"]}}],"collection":[{"href":"https:\/\/www.europesays.com\/fr\/wp-json\/wp\/v2\/posts"}],"about":[{"href":"https:\/\/www.europesays.com\/fr\/wp-json\/wp\/v2\/types\/post"}],"author":[{"embeddable":true,"href":"https:\/\/www.europesays.com\/fr\/wp-json\/wp\/v2\/users\/2"}],"replies":[{"embeddable":true,"href":"https:\/\/www.europesays.com\/fr\/wp-json\/wp\/v2\/comments?post=379426"}],"version-history":[{"count":0,"href":"https:\/\/www.europesays.com\/fr\/wp-json\/wp\/v2\/posts\/379426\/revisions"}],"wp:featuredmedia":[{"embeddable":true,"href":"https:\/\/www.europesays.com\/fr\/wp-json\/wp\/v2\/media\/379427"}],"wp:attachment":[{"href":"https:\/\/www.europesays.com\/fr\/wp-json\/wp\/v2\/media?parent=379426"}],"wp:term":[{"taxonomy":"category","embeddable":true,"href":"https:\/\/www.europesays.com\/fr\/wp-json\/wp\/v2\/categories?post=379426"},{"taxonomy":"post_tag","embeddable":true,"href":"https:\/\/www.europesays.com\/fr\/wp-json\/wp\/v2\/tags?post=379426"}],"curies":[{"name":"wp","href":"https:\/\/api.w.org\/{rel}","templated":true}]}}