{"id":37943,"date":"2025-04-20T04:04:07","date_gmt":"2025-04-20T04:04:07","guid":{"rendered":"https:\/\/www.europesays.com\/fr\/37943\/"},"modified":"2025-04-20T04:04:07","modified_gmt":"2025-04-20T04:04:07","slug":"ces-grands-patrons-qui-attaquent-lue","status":"publish","type":"post","link":"https:\/\/www.europesays.com\/fr\/37943\/","title":{"rendered":"ces grands patrons qui attaquent l\u2019UE"},"content":{"rendered":"<p><strong>Feu sur Bruxelles\u2009 !<\/strong> Avec une premi\u00e8re salve le 15\u202favril \u2009: l&rsquo;ultimatum envoy\u00e9 par 32\u202fpatrons de laboratoires pharmaceutiques, dont les PDG de Pfizer, AstraZeneca et&#8230; les Fran\u00e7ais Sanofi, Ipsen et Servier, \u00e0 la pr\u00e9sidente de la Commission europ\u00e9enne, Ursula von der Leyen. Les signataires menacent de d\u00e9serter l&rsquo;Europe (qui repr\u00e9sente 22,7\u202f% des ventes mondiales de produits pharmaceutiques, contre 53,3\u202f% en l&rsquo;Am\u00e9rique du Nord) pour les \u00c9tats-Unis. Du moins si l&rsquo;UE n&rsquo;acc\u00e8de pas \u00e0 leurs demandes.<\/p>\n<p>En cause, des prix des m\u00e9dicaments bien plus bas de ce c\u00f4t\u00e9-ci de l&rsquo;Atlantique \u2009: \u00ab\u202fDans plus des deux tiers des \u00c9tats membres, les contributions de l&rsquo;industrie sont pass\u00e9es ces derni\u00e8res ann\u00e9es de 15\u202f% \u00e0 22\u202f% des d\u00e9penses publiques pharmaceutiques\u202f\u00bb, d\u00e9nonce ce courrier collectif. Sans oublier le sujet qui a mis le feu aux poudres \u2009: la mise en place d&rsquo;une \u00ab\u202f\u00e9cocontribution\u202f\u00bb que le secteur devra bient\u00f4t payer pour traiter les eaux us\u00e9es des micropolluants m\u00e9dicamenteux. La menace des <a href=\"https:\/\/www.latribune.fr\/entreprises-finance\/industrie\/chimie-pharmacie\/droits-de-douane-americains-une-menace-pour-la-sante-mondiale-1023075.html\" target=\"_blank\" rel=\"noopener\">droits de douane am\u00e9ricains<\/a> a fait le reste. Si Bruxelles ne c\u00e8de pas, ce sont 16,5\u202fmilliards d&rsquo;euros d&rsquo;investissement qui pourraient d\u00e9serter le continent.<\/p>\n","protected":false},"excerpt":{"rendered":"Feu sur Bruxelles\u2009 ! Avec une premi\u00e8re salve le 15\u202favril \u2009: l&rsquo;ultimatum envoy\u00e9 par 32\u202fpatrons de laboratoires pharmaceutiques,&hellip;\n","protected":false},"author":2,"featured_media":37944,"comment_status":"","ping_status":"","sticky":false,"template":"","format":"standard","meta":{"footnotes":""},"categories":[1586],"tags":[17,11,11476,11475,9122,1777,674,1779,1011,27,4058,3102,12,12012,12014,12013,25,1778,364],"class_list":{"0":"post-37943","1":"post","2":"type-post","3":"status-publish","4":"format-standard","5":"has-post-thumbnail","7":"category-europe","8":"tag-17","9":"tag-actualites","10":"tag-arnault","11":"tag-bernard","12":"tag-ces","13":"tag-eu","14":"tag-europe","15":"tag-european-union","16":"tag-fr","17":"tag-france","18":"tag-grands","19":"tag-la-tribune-dimanche","20":"tag-news","21":"tag-patrick","22":"tag-patrons","23":"tag-pouyanne","24":"tag-republique-francaise","25":"tag-ue","26":"tag-union-europeenne"},"share_on_mastodon":{"url":"https:\/\/pubeurope.com\/@fr\/114368313051702635","error":""},"_links":{"self":[{"href":"https:\/\/www.europesays.com\/fr\/wp-json\/wp\/v2\/posts\/37943","targetHints":{"allow":["GET"]}}],"collection":[{"href":"https:\/\/www.europesays.com\/fr\/wp-json\/wp\/v2\/posts"}],"about":[{"href":"https:\/\/www.europesays.com\/fr\/wp-json\/wp\/v2\/types\/post"}],"author":[{"embeddable":true,"href":"https:\/\/www.europesays.com\/fr\/wp-json\/wp\/v2\/users\/2"}],"replies":[{"embeddable":true,"href":"https:\/\/www.europesays.com\/fr\/wp-json\/wp\/v2\/comments?post=37943"}],"version-history":[{"count":0,"href":"https:\/\/www.europesays.com\/fr\/wp-json\/wp\/v2\/posts\/37943\/revisions"}],"wp:featuredmedia":[{"embeddable":true,"href":"https:\/\/www.europesays.com\/fr\/wp-json\/wp\/v2\/media\/37944"}],"wp:attachment":[{"href":"https:\/\/www.europesays.com\/fr\/wp-json\/wp\/v2\/media?parent=37943"}],"wp:term":[{"taxonomy":"category","embeddable":true,"href":"https:\/\/www.europesays.com\/fr\/wp-json\/wp\/v2\/categories?post=37943"},{"taxonomy":"post_tag","embeddable":true,"href":"https:\/\/www.europesays.com\/fr\/wp-json\/wp\/v2\/tags?post=37943"}],"curies":[{"name":"wp","href":"https:\/\/api.w.org\/{rel}","templated":true}]}}