{"id":379432,"date":"2025-09-10T04:54:10","date_gmt":"2025-09-10T04:54:10","guid":{"rendered":"https:\/\/www.europesays.com\/fr\/379432\/"},"modified":"2025-09-10T04:54:10","modified_gmt":"2025-09-10T04:54:10","slug":"par-erreur-le-parlement-europeen-vote-une-proposition-critiquant-la-strategie-de-lue-sur-lukraine","status":"publish","type":"post","link":"https:\/\/www.europesays.com\/fr\/379432\/","title":{"rendered":"Par erreur, le Parlement europ\u00e9en vote une proposition critiquant la strat\u00e9gie de l&rsquo;UE sur l&rsquo;Ukraine"},"content":{"rendered":"<p>Des eurod\u00e9put\u00e9s de la droite (PPE) et de la gauche (S&amp;D) ont accidentellement vot\u00e9 mardi une proposition critiquant la strat\u00e9gie de Bruxelles en Ukraine.<\/p>\n<p class=\"fig-paragraph\">Couac \u00e0 Strasbourg. Les d\u00e9put\u00e9s europ\u00e9ens ont accidentellement vot\u00e9 mardi une proposition critiquant la strat\u00e9gie de Bruxelles\u00a0<a href=\"https:\/\/www.lefigaro.fr\/international\/dossier\/tensions-entre-la-russie-et-l-ukraine-tout-comprendre-a-la-menace-d-une-invasion-russe\" target=\"_blank\" data-fig-type=\"Topic\" rel=\"sponsored noopener\" data-gtm-custom-categorie=\"navigation\" data-gtm-custom-action=\"crossclick\" data-gtm-custom-label=\"Contextuel\" data-gtm-event=\"customEventSPE\" data-fig-domain=\"LEFIGARO\">en Ukraine<\/a>, et cherchaient dans la soir\u00e9e une fa\u00e7on de rectifier le tir.<\/p>\n<p class=\"fig-paragraph\">Tout est parti d&rsquo;un quiproquo entre dirigeants politiques au\u00a0<a href=\"https:\/\/www.lefigaro.fr\/tag\/parlement-europeen\" target=\"_blank\" rel=\"sponsored noopener\" data-gtm-custom-categorie=\"navigation\" data-gtm-custom-action=\"crossclick\" data-gtm-custom-label=\"Contextuel\" data-gtm-event=\"customEventSPE\">Parlement europ\u00e9en<\/a>, ont expliqu\u00e9 plusieurs sources \u00e0 l&rsquo;AFP. Les \u00e9lus, qui si\u00e8gent cette semaine \u00e0 Strasbourg, ont examin\u00e9 une s\u00e9rie de textes dans la journ\u00e9e, dont un portant sur les n\u00e9gociations de l&rsquo;Ukraine \u00e0 l&rsquo;UE.<\/p>\n<p>                                    <a class=\"fig-a11y-skip a11y-hidden\" href=\"#fig-a11y-skip-main-inarticle\"><br \/>\n        Passer la publicit\u00e9<br \/>\n    <\/a><\/p>\n<p>La droite et la gauche veulent corriger leur vote<\/p>\n<p class=\"fig-paragraph\">Plusieurs amendements avaient \u00e9t\u00e9 propos\u00e9s \u00e0 ce texte. Parmi eux, celui d&rsquo;une eurod\u00e9put\u00e9e de la gauche radicale allemande regrettant \u00abla strat\u00e9gie militariste de l&rsquo;UE en Ukraine\u00bb. En l\u2019occurrence, ledit amendement accusait Bruxelles d&rsquo;avoir \u00absap\u00e9 sa cr\u00e9dibilit\u00e9 internationale\u00bb et appelait \u00e0 un \u00abchangement urgent\u00bb de politique sur ce dossier. Des accusations r\u00e9guli\u00e8rement brandies par certains groupes politiques, mais vivement contest\u00e9es par la droite (PPE) et la gauche (S&amp;D) qui soutiennent la politique pro-Ukraine men\u00e9e par Bruxelles.<\/p>\n<p class=\"fig-paragraph\">Cela n&rsquo;a pourtant pas emp\u00each\u00e9 ces deux groupes d&rsquo;accidentellement voter en faveur de cet amendement, en d\u00e9but d&rsquo;apr\u00e8s-midi ce mardi. Pensant que ce texte avait un autre sens, les chefs des groupes politiques ont signal\u00e9 \u00e0 leurs \u00e9quipes de voter \u00abpour\u00bb en levant leur pouce comme il est d&rsquo;usage dans l&rsquo;institution.<\/p>\n<p class=\"fig-paragraph\">Sollicit\u00e9es par l&rsquo;AFP, la droite et la gauche au Parlement europ\u00e9en ont confirm\u00e9 vouloir corriger leur vote. D&rsquo;autres \u00e9lus ont au contraire cri\u00e9 victoire, le mouvement italien 5 \u00e9toiles se vantant dans un communiqu\u00e9 que \u00abla politique belliciste\u00bb de la Commission ait \u00e9t\u00e9 battue \u00e0 \u00abplate couture au Parlement europ\u00e9en\u00bb.<\/p>\n","protected":false},"excerpt":{"rendered":"Des eurod\u00e9put\u00e9s de la droite (PPE) et de la gauche (S&amp;D) ont accidentellement vot\u00e9 mardi une proposition critiquant&hellip;\n","protected":false},"author":2,"featured_media":379433,"comment_status":"","ping_status":"","sticky":false,"template":"","format":"standard","meta":{"footnotes":""},"categories":[1590],"tags":[11,1777,674,12,8552,220],"class_list":{"0":"post-379432","1":"post","2":"type-post","3":"status-publish","4":"format-standard","5":"has-post-thumbnail","7":"category-ukraine","8":"tag-actualites","9":"tag-eu","10":"tag-europe","11":"tag-news","12":"tag-parlement-europeen","13":"tag-ukraine"},"share_on_mastodon":{"url":"https:\/\/pubeurope.com\/@fr\/115178220202123376","error":""},"_links":{"self":[{"href":"https:\/\/www.europesays.com\/fr\/wp-json\/wp\/v2\/posts\/379432","targetHints":{"allow":["GET"]}}],"collection":[{"href":"https:\/\/www.europesays.com\/fr\/wp-json\/wp\/v2\/posts"}],"about":[{"href":"https:\/\/www.europesays.com\/fr\/wp-json\/wp\/v2\/types\/post"}],"author":[{"embeddable":true,"href":"https:\/\/www.europesays.com\/fr\/wp-json\/wp\/v2\/users\/2"}],"replies":[{"embeddable":true,"href":"https:\/\/www.europesays.com\/fr\/wp-json\/wp\/v2\/comments?post=379432"}],"version-history":[{"count":0,"href":"https:\/\/www.europesays.com\/fr\/wp-json\/wp\/v2\/posts\/379432\/revisions"}],"wp:featuredmedia":[{"embeddable":true,"href":"https:\/\/www.europesays.com\/fr\/wp-json\/wp\/v2\/media\/379433"}],"wp:attachment":[{"href":"https:\/\/www.europesays.com\/fr\/wp-json\/wp\/v2\/media?parent=379432"}],"wp:term":[{"taxonomy":"category","embeddable":true,"href":"https:\/\/www.europesays.com\/fr\/wp-json\/wp\/v2\/categories?post=379432"},{"taxonomy":"post_tag","embeddable":true,"href":"https:\/\/www.europesays.com\/fr\/wp-json\/wp\/v2\/tags?post=379432"}],"curies":[{"name":"wp","href":"https:\/\/api.w.org\/{rel}","templated":true}]}}