{"id":379452,"date":"2025-09-10T05:06:12","date_gmt":"2025-09-10T05:06:12","guid":{"rendered":"https:\/\/www.europesays.com\/fr\/379452\/"},"modified":"2025-09-10T05:06:12","modified_gmt":"2025-09-10T05:06:12","slug":"leme-da-silva-premiere-joueuse-nee-en-2010-a-remporter-un-match-sur-le-circuit-wta","status":"publish","type":"post","link":"https:\/\/www.europesays.com\/fr\/379452\/","title":{"rendered":"Leme Da Silva, premi\u00e8re joueuse n\u00e9e en 2010 \u00e0 remporter un match sur le circuit WTA"},"content":{"rendered":"<p>                <img decoding=\"async\" src=\"https:\/\/www.europesays.com\/fr\/wp-content\/uploads\/2025\/09\/b9Gf.jpg\" fetchpriority=\"high\" alt=\"Leme Da Silva, premi\u00e8re joueuse n\u00e9e en 2010 \u00e0 remporter un match sur le circuit WTA\"\/><\/p>\n<p>Ce lundi 8 septembre 2025 fera date dans la carri\u00e8re de Nauhany Vitoria Leme Da Silva. Invit\u00e9e par les organisateurs du tournoi WTA 250 de S\u00e3o Paulo, la joueuse de seulement 15 ans, n\u00e9e en 2010, a fait honneur \u00e0 sa wild card.<\/p>\n<p>Oppos\u00e9e \u00e0 sa compatriote Carolina Alves, 237e mondiale, Leme Da Silva a r\u00e9ussi \u00e0 renverser la situation alors qu\u2019elle avait perdu la premi\u00e8re manche (6-7, 6-2, 6-0 en 1h49). Il s\u2019agit de la premi\u00e8re victoire de la Br\u00e9silienne sur le circuit principal.<\/p>\n<p>Battue au premier tour de l\u2019US Open Juniors la semaine derni\u00e8re, elle n\u2019a disput\u00e9 que cinq tournois en 2025 avant d\u2019arriver \u00e0 S\u00e3o Paulo, o\u00f9 elle faisait sa premi\u00e8re apparition dans un tournoi sur le circuit principal. Contre Alves, Leme Da Silva \u00e9tait men\u00e9e 7-6, 2-1 avant d\u2019encha\u00eener onze jeux cons\u00e9cutifs.<\/p>\n<p>Elle s\u2019offre ainsi un deuxi\u00e8me tour contre Solana Sierra, t\u00eate de s\u00e9rie num\u00e9ro 2 et 82e \u00e0 la WTA, pour une place en quarts de finale. Port\u00e9e par son public, elle r\u00eave ainsi de r\u00e9aliser un deuxi\u00e8me exploit dans ce tournoi contre la joueuse argentine, qui, de son c\u00f4t\u00e9, a \u00e9limin\u00e9 la N\u00e9erlandaise Arianne Hartono (7-6, 6-3) pour son entr\u00e9e en lice dans ce tournoi sud-am\u00e9ricain.<\/p>\n","protected":false},"excerpt":{"rendered":"Ce lundi 8 septembre 2025 fera date dans la carri\u00e8re de Nauhany Vitoria Leme Da Silva. Invit\u00e9e par&hellip;\n","protected":false},"author":2,"featured_media":379453,"comment_status":"","ping_status":"","sticky":false,"template":"","format":"standard","meta":{"footnotes":""},"categories":[1415],"tags":[1011,27,60,1467],"class_list":{"0":"post-379452","1":"post","2":"type-post","3":"status-publish","4":"format-standard","5":"has-post-thumbnail","7":"category-tennis","8":"tag-fr","9":"tag-france","10":"tag-sports","11":"tag-tennis"},"share_on_mastodon":{"url":"https:\/\/pubeurope.com\/@fr\/115178267195789081","error":""},"_links":{"self":[{"href":"https:\/\/www.europesays.com\/fr\/wp-json\/wp\/v2\/posts\/379452","targetHints":{"allow":["GET"]}}],"collection":[{"href":"https:\/\/www.europesays.com\/fr\/wp-json\/wp\/v2\/posts"}],"about":[{"href":"https:\/\/www.europesays.com\/fr\/wp-json\/wp\/v2\/types\/post"}],"author":[{"embeddable":true,"href":"https:\/\/www.europesays.com\/fr\/wp-json\/wp\/v2\/users\/2"}],"replies":[{"embeddable":true,"href":"https:\/\/www.europesays.com\/fr\/wp-json\/wp\/v2\/comments?post=379452"}],"version-history":[{"count":0,"href":"https:\/\/www.europesays.com\/fr\/wp-json\/wp\/v2\/posts\/379452\/revisions"}],"wp:featuredmedia":[{"embeddable":true,"href":"https:\/\/www.europesays.com\/fr\/wp-json\/wp\/v2\/media\/379453"}],"wp:attachment":[{"href":"https:\/\/www.europesays.com\/fr\/wp-json\/wp\/v2\/media?parent=379452"}],"wp:term":[{"taxonomy":"category","embeddable":true,"href":"https:\/\/www.europesays.com\/fr\/wp-json\/wp\/v2\/categories?post=379452"},{"taxonomy":"post_tag","embeddable":true,"href":"https:\/\/www.europesays.com\/fr\/wp-json\/wp\/v2\/tags?post=379452"}],"curies":[{"name":"wp","href":"https:\/\/api.w.org\/{rel}","templated":true}]}}