{"id":379454,"date":"2025-09-10T05:08:20","date_gmt":"2025-09-10T05:08:20","guid":{"rendered":"https:\/\/www.europesays.com\/fr\/379454\/"},"modified":"2025-09-10T05:08:20","modified_gmt":"2025-09-10T05:08:20","slug":"michelin-remplace-par-le-groupe-italien-pirelli-en-tant-quequipementier-du-motogp-a-compter-de-2027","status":"publish","type":"post","link":"https:\/\/www.europesays.com\/fr\/379454\/","title":{"rendered":"Michelin remplac\u00e9 par le groupe italien Pirelli en tant qu&rsquo;\u00e9quipementier du MotoGP \u00e0 compter de 2027"},"content":{"rendered":"<p>Le groupe italien Pirelli remplacera le manufacturier fran\u00e7ais Michelin en tant qu&rsquo;\u00e9quipementier du MotoGP \u00e0 compter de 2027. L&rsquo;annonce a \u00e9t\u00e9 faite ce jeudi par le promoteur du championnat de vitesse moto.<\/p>\n<p>Le groupe italien Pirelli remplacera le fran\u00e7ais Michelin en tant qu&rsquo;\u00e9quipementier du MotoGP \u00e0 compter de 2027, a annonc\u00e9 jeudi la Dorna, promoteur du championnat de vitesse moto. \u00ab\u00a0Ce nouveau contrat de cinq ans, jusqu&rsquo;en 2031 inclus et actuellement en cours de finalisation, co\u00efncidera avec une nouvelle \u00e8re pour le sport\u00a0\u00bb, a indiqu\u00e9 le promoteur. La saison 2027 marquera en effet l&rsquo;entr\u00e9e en vigueur d&rsquo;un nouveau r\u00e8glement pour le MotoGP.<\/p>\n<p>Pirelli, qui fournit pour l&rsquo;instant les cat\u00e9gories inf\u00e9rieures Moto2 et Moto3, et depuis 2011 la Formule 1, \u00e9tait en concurrence avec <strong>Michelin, candidat \u00e0 sa succession.<\/strong><\/p>\n<p>\u00ab\u00a0\u00c0 l&rsquo;issue de plusieurs mois d&rsquo;\u00e9changes, Dorna Sports a d\u00e9cid\u00e9 de s\u00e9lectionner un fournisseur unique de pneus pour l&rsquo;ensemble des cat\u00e9gories MotoGP, Moto2, Moto3 et MotoE\u00a0\u00bb, a r\u00e9agi dans un communiqu\u00e9 la marque fran\u00e7aise, qui \u00e9quipait depuis 2016 les MotoGP et, depuis 2019 les MotoE (le championnat \u00e9lectrique).<\/p>\n<p>\u00ab\u00a0<strong>Cette configuration \u00e9largie n&rsquo;\u00e9tait pas souhait\u00e9e par Michelin, qui a toujours privil\u00e9gi\u00e9 un engagement exclusif<\/strong>\u00a0\u00bb dans ces deux championnats, est-il aussi \u00e9crit. Et de poursuivre que \u00ab\u00a0le MotoGP repr\u00e9sente (&#8230;) une plateforme o\u00f9 Michelin peut d\u00e9velopper son expertise, accumuler des donn\u00e9es et \u00e9tablir des records en collaboration avec les constructeurs et les meilleurs pilotes du monde\u00a0\u00bb. Quand au MotoE, Michelin explique s&rsquo;\u00eatre engag\u00e9 pour \u00ab\u00a0repousser les limites technologiques et \u00e9tabli(r) de nouveaux standards en int\u00e9grant plus de 50% de mat\u00e9riaux renouvelables et recycl\u00e9s dans ses pneus\u00a0\u00bb.<\/p>\n","protected":false},"excerpt":{"rendered":"Le groupe italien Pirelli remplacera le manufacturier fran\u00e7ais Michelin en tant qu&rsquo;\u00e9quipementier du MotoGP \u00e0 compter de 2027.&hellip;\n","protected":false},"author":2,"featured_media":379455,"comment_status":"","ping_status":"","sticky":false,"template":"","format":"standard","meta":{"footnotes":""},"categories":[1413],"tags":[1011,27,1457,1456,60],"class_list":{"0":"post-379454","1":"post","2":"type-post","3":"status-publish","4":"format-standard","5":"has-post-thumbnail","7":"category-moto","8":"tag-fr","9":"tag-france","10":"tag-moto","11":"tag-motocycle","12":"tag-sports"},"share_on_mastodon":{"url":"https:\/\/pubeurope.com\/@fr\/115178275063834601","error":""},"_links":{"self":[{"href":"https:\/\/www.europesays.com\/fr\/wp-json\/wp\/v2\/posts\/379454","targetHints":{"allow":["GET"]}}],"collection":[{"href":"https:\/\/www.europesays.com\/fr\/wp-json\/wp\/v2\/posts"}],"about":[{"href":"https:\/\/www.europesays.com\/fr\/wp-json\/wp\/v2\/types\/post"}],"author":[{"embeddable":true,"href":"https:\/\/www.europesays.com\/fr\/wp-json\/wp\/v2\/users\/2"}],"replies":[{"embeddable":true,"href":"https:\/\/www.europesays.com\/fr\/wp-json\/wp\/v2\/comments?post=379454"}],"version-history":[{"count":0,"href":"https:\/\/www.europesays.com\/fr\/wp-json\/wp\/v2\/posts\/379454\/revisions"}],"wp:featuredmedia":[{"embeddable":true,"href":"https:\/\/www.europesays.com\/fr\/wp-json\/wp\/v2\/media\/379455"}],"wp:attachment":[{"href":"https:\/\/www.europesays.com\/fr\/wp-json\/wp\/v2\/media?parent=379454"}],"wp:term":[{"taxonomy":"category","embeddable":true,"href":"https:\/\/www.europesays.com\/fr\/wp-json\/wp\/v2\/categories?post=379454"},{"taxonomy":"post_tag","embeddable":true,"href":"https:\/\/www.europesays.com\/fr\/wp-json\/wp\/v2\/tags?post=379454"}],"curies":[{"name":"wp","href":"https:\/\/api.w.org\/{rel}","templated":true}]}}