{"id":379456,"date":"2025-09-10T05:09:12","date_gmt":"2025-09-10T05:09:12","guid":{"rendered":"https:\/\/www.europesays.com\/fr\/379456\/"},"modified":"2025-09-10T05:09:12","modified_gmt":"2025-09-10T05:09:12","slug":"le-nouveau-beckenbauer-signe-a-lom-cest-une-surprise","status":"publish","type":"post","link":"https:\/\/www.europesays.com\/fr\/379456\/","title":{"rendered":"Le \u00abnouveau Beckenbauer\u00bb signe \u00e0 l\u2019OM, c\u2019est une surprise\u00a0!"},"content":{"rendered":"<p>                    Arthur Montagne<br \/>\n                        &#8211;<\/p>\n<p>Journaliste<\/p>\n<p>Affam\u00e9 de sport, il a grandi au son des moteurs de Formule 1 et des exploits de Ronaldinho. Aujourd\u2019hui, diplom\u00e9 d&rsquo;un Master de journalisme de sport, il ne rate plus un Grand Prix de F1 ni un match du PSG, ses deux passions et sp\u00e9cialit\u00e9s<\/p>\n<p class=\"heading\">C\u2019est un tr\u00e8s joli coup que l\u2019OM a r\u00e9alis\u00e9 dans les derni\u00e8res heures du mercato en obtenant le pr\u00eat avec option d\u2019achat de Benjamin Pavard. Ancien directeur du centre de formation du LOSC, Jean-Michel Vandamme a vu grandir le polyvalent d\u00e9fenseur qu\u2019il n\u2019h\u00e9site pas \u00e0 comparer \u00e0 la l\u00e9gende Franz Beckenbauer.<\/p>\n<p>Ancien directeur du centre de formation du <strong>LOSC<\/strong>, <strong>Jean-Michel Vandamme<\/strong> a notamment vu grandir <strong>Benjamin Pavard<\/strong> pour lequel il a visiblement beaucoup de respect. A tel point qu&rsquo;il compare le nouveau joueur de l&rsquo;<strong>OM <\/strong>\u00e0 un certain <strong>Franz Beckenbauer<\/strong>. Rien que \u00e7a !<\/p>\n<p>                                            Pavard compar\u00e9 \u00e0 Beckenbauer <\/p>\n<p>\u00ab J\u2019\u00e9tais convaincu qu\u2019il deviendrait un top d\u00e9fenseur central. Il \u00e9tait \u00e9l\u00e9gant et classe, fort dans la relance et les sorties de balle, dot\u00e9 d\u2019une intelligence au-dessus de la moyenne. Le Beckenbauer de la d\u00e9fense. Il est n\u00e9 avec cette aisance. Ren\u00e9 a d\u00e9cel\u00e9 son talent, mais \u00e7a s\u2019est moins bien pass\u00e9 avec son successeur, Fr\u00e9d\u00e9ric Antonetti. Benjamin avait du caract\u00e8re et s\u2019est exprim\u00e9 sur la situation. Il est parti car Stuttgart avait fait une bonne offre. Ce passage a \u00e9t\u00e9 salvateur car les Allemands lui ont fait confiance pour jouer au plus haut niveau \u00bb, rappelle-t-il dans les colonnes de La Provence. <\/p>\n<p>                                            \u00abLe Beckenbauer de la d\u00e9fense\u00bb du LOSC<\/p>\n<p>Par cons\u00e9quent, <strong>Jean-Michel Vandamme<\/strong> n\u2019a aucun doute concernant la r\u00e9ussite de <strong>Benjamin Pavard<\/strong> \u00e0 l\u2019<strong>OM<\/strong>\u00a0: \u00ab Il n\u2019y a aucun challenge qu\u2019il pense ne pas pouvoir relever. Il faut \u00eatre costaud pour jouer \u00e0 l\u2019OM et Benjamin est arm\u00e9 psychologiquement pour \u00e7a. Il s\u2019engage \u00e0 fond, ne triche pas. Je n\u2019ai pas de doute sur sa r\u00e9ussite \u00bb.<\/p>\n","protected":false},"excerpt":{"rendered":"Arthur Montagne &#8211; Journaliste Affam\u00e9 de sport, il a grandi au son des moteurs de Formule 1 et&hellip;\n","protected":false},"author":2,"featured_media":379457,"comment_status":"","ping_status":"","sticky":false,"template":"","format":"standard","meta":{"footnotes":""},"categories":[1412],"tags":[1451,1452,1453,1454,1455,1011,27,60],"class_list":{"0":"post-379456","1":"post","2":"type-post","3":"status-publish","4":"format-standard","5":"has-post-thumbnail","7":"category-f1","8":"tag-f1","9":"tag-formula-1","10":"tag-formula1","11":"tag-formule-1","12":"tag-formule1","13":"tag-fr","14":"tag-france","15":"tag-sports"},"share_on_mastodon":{"url":"https:\/\/pubeurope.com\/@fr\/115178278954736664","error":""},"_links":{"self":[{"href":"https:\/\/www.europesays.com\/fr\/wp-json\/wp\/v2\/posts\/379456","targetHints":{"allow":["GET"]}}],"collection":[{"href":"https:\/\/www.europesays.com\/fr\/wp-json\/wp\/v2\/posts"}],"about":[{"href":"https:\/\/www.europesays.com\/fr\/wp-json\/wp\/v2\/types\/post"}],"author":[{"embeddable":true,"href":"https:\/\/www.europesays.com\/fr\/wp-json\/wp\/v2\/users\/2"}],"replies":[{"embeddable":true,"href":"https:\/\/www.europesays.com\/fr\/wp-json\/wp\/v2\/comments?post=379456"}],"version-history":[{"count":0,"href":"https:\/\/www.europesays.com\/fr\/wp-json\/wp\/v2\/posts\/379456\/revisions"}],"wp:featuredmedia":[{"embeddable":true,"href":"https:\/\/www.europesays.com\/fr\/wp-json\/wp\/v2\/media\/379457"}],"wp:attachment":[{"href":"https:\/\/www.europesays.com\/fr\/wp-json\/wp\/v2\/media?parent=379456"}],"wp:term":[{"taxonomy":"category","embeddable":true,"href":"https:\/\/www.europesays.com\/fr\/wp-json\/wp\/v2\/categories?post=379456"},{"taxonomy":"post_tag","embeddable":true,"href":"https:\/\/www.europesays.com\/fr\/wp-json\/wp\/v2\/tags?post=379456"}],"curies":[{"name":"wp","href":"https:\/\/api.w.org\/{rel}","templated":true}]}}