{"id":379465,"date":"2025-09-10T05:15:44","date_gmt":"2025-09-10T05:15:44","guid":{"rendered":"https:\/\/www.europesays.com\/fr\/379465\/"},"modified":"2025-09-10T05:15:44","modified_gmt":"2025-09-10T05:15:44","slug":"15-ans-apres-le-debut-de-sa-diffusion-cette-serie-adoree-devenue-incontournable-sacheve-definitivement","status":"publish","type":"post","link":"https:\/\/www.europesays.com\/fr\/379465\/","title":{"rendered":"15\u00a0ans apr\u00e8s le d\u00e9but de sa diffusion, cette s\u00e9rie ador\u00e9e devenue incontournable s&rsquo;ach\u00e8ve d\u00e9finitivement"},"content":{"rendered":"<p class=\"app_entry_lead\">\n<p>                    <a title=\"\u00a0\u00a9\u00a0Focus Features\/Entertainment Pictures\/ZUMAPRESS.com\/SIPA (publi\u00e9e le 04\/09\/2025)\" href=\"https:\/\/www.europesays.com\/fr\/wp-content\/uploads\/2025\/09\/79801521.jpg\" class=\"fancy\"><\/p>\n<p>                            <img loading=\"lazy\" decoding=\"async\" src=\"https:\/\/www.europesays.com\/fr\/wp-content\/uploads\/2025\/09\/79801521.jpg\" alt=\"15\u00a0ans apr\u00e8s le d\u00e9but de sa diffusion, cette s\u00e9rie ador\u00e9e devenue incontournable s'ach\u00e8ve d\u00e9finitivement\" width=\"1500\" height=\"1000\"\/><\/p>\n<p>                    <\/a><\/p>\n<p>                Cette s\u00e9rie culte, l&rsquo;une des meilleures des ann\u00e9es 2010, s&rsquo;ach\u00e8ve bient\u00f4t 15\u00a0ans apr\u00e8s le d\u00e9but de sa saison\u00a01.<\/p>\n<p>Toutes les bonnes choses ont une fin, m\u00eame les s\u00e9ries qu&rsquo;on adore\u00a0! Certaines t\u00e9moignent d&rsquo;une long\u00e9vit\u00e9 impressionnante et r\u00e9ussissent \u00e0 garder leurs fans en alerte pendant plus d&rsquo;une dizaine d&rsquo;ann\u00e9es.\u00a0C&rsquo;est le cas de ce programme culte, qui a d\u00e9but\u00e9 sa diffusion en 2010. Elle s&rsquo;ach\u00e8ve d\u00e9finitivement \u00e0 la rentr\u00e9e 2025, quinze ans plus tard.<\/p>\n<p>Apr\u00e8s six saisons, 52\u00a0\u00e9pisodes et trois films,\u00a0Downton Abbey\u00a0tire enfin sa r\u00e9v\u00e9rence.\u00a0La s\u00e9rie cr\u00e9\u00e9e par Julian Fellowes s&rsquo;ach\u00e8ve au cin\u00e9ma d\u00e8s ce mercredi 10\u00a0septembre avec une conclusion en forme de long-m\u00e9trage. Les Crawley et leurs domestiques vont dire adieu aux fans dans\u00a0Downton Abbey\u00a0III\u00a0: le grand final,\u00a0qui narre l&rsquo;entr\u00e9e des protagonistes dans les ann\u00e9es\u00a030\u00a0et, avec eux, de nouveaux d\u00e9fis\u00a0: divorce de l&rsquo;h\u00e9riti\u00e8re, dilapidation de la fortune,\u00a0transmission du domaine sont autant d&rsquo;enjeux que devront r\u00e9soudre la famille d&rsquo;aristocrate anglaise dans cet ultime chapitre.<\/p>\n<p><img decoding=\"async\" alt=\"\" src=\"https:\/\/www.europesays.com\/fr\/wp-content\/uploads\/2025\/09\/79801538.jpg\"\/><br \/>\n\u00a9\u00a0Focus Features\/Entertainment Pictures\/ZUMAPRESS.com\/SIPA (publi\u00e9e le 04\/09\/2025)<\/p>\n<p>De 2010\u00a0\u00e0 2015,\u00a0Downton Abbey\u00a0a passionn\u00e9 des millions de spectateurs en faisant la chronique de ces\u00a0aristocrates anglais\u00a0dont la transmission du\u00a0domaine familial est compromis suite \u00e0 la mort de l&rsquo;h\u00e9ritier dans le naufrage du Titanic.\u00a0La s\u00e9rie dramatique et historique a ainsi explor\u00e9 les \u00e9volutions sociales des ann\u00e9es 1910\u00a0\u00e0 la Premi\u00e8re Guerre mondiale, en passant par les ann\u00e9es folles, en se concentrant \u00e0 la fois sur les aristocrates et leurs domestiques.<\/p>\n<p>Fresque historique passionnante dans ces trois premi\u00e8res saisons, la qualit\u00e9 a quelque peu diminu\u00e9 par la suite (avec notamment le d\u00e9part de certains de ses protagonistes).\u00a0Mais l&rsquo;int\u00e9r\u00eat des fans, lui, n&rsquo;a jamais baiss\u00e9 (10\u00a0millions de spectateurs en moyenne au total au Royaume-Unis, un score encore sup\u00e9rieur aux Etats-Unis). La s\u00e9rie a remport\u00e9 de nombreuses r\u00e9compenses jusqu&rsquo;\u00e0 devenir cultes aux Etats-Unis.\u00a0Si la sixi\u00e8me saison est venu clore la s\u00e9rie en 2015,\u00a0Downton Abbey a connu une seconde vie au cin\u00e9ma de 2019\u00a0\u00e0 aujourd&rsquo;hui avec un tr\u00e8s beau succ\u00e8s au cin\u00e9ma.<\/p>\n<p>Si vous souhaitez rattraper la s\u00e9rie avant la conclusion de la saga au cin\u00e9ma, les 6\u00a0saisons de\u00a0Downton Abbey\u00a0sont disponibles en streaming sur les plateformes Disney+ et Netflix.\u00a0Les deux premiers films sont, eux, \u00e0 d\u00e9couvrir \u00e0 l&rsquo;achat ou \u00e0 la location sur les plateformes de VOD.<\/p>\n","protected":false},"excerpt":{"rendered":"Cette s\u00e9rie culte, l&rsquo;une des meilleures des ann\u00e9es 2010, s&rsquo;ach\u00e8ve bient\u00f4t 15\u00a0ans apr\u00e8s le d\u00e9but de sa saison\u00a01.&hellip;\n","protected":false},"author":2,"featured_media":379466,"comment_status":"","ping_status":"","sticky":false,"template":"","format":"standard","meta":{"footnotes":""},"categories":[1356],"tags":[58,59,1011,27,252,1364],"class_list":{"0":"post-379465","1":"post","2":"type-post","3":"status-publish","4":"format-standard","5":"has-post-thumbnail","7":"category-television","8":"tag-divertissement","9":"tag-entertainment","10":"tag-fr","11":"tag-france","12":"tag-television","13":"tag-tv"},"share_on_mastodon":{"url":"https:\/\/pubeurope.com\/@fr\/115178302838194778","error":""},"_links":{"self":[{"href":"https:\/\/www.europesays.com\/fr\/wp-json\/wp\/v2\/posts\/379465","targetHints":{"allow":["GET"]}}],"collection":[{"href":"https:\/\/www.europesays.com\/fr\/wp-json\/wp\/v2\/posts"}],"about":[{"href":"https:\/\/www.europesays.com\/fr\/wp-json\/wp\/v2\/types\/post"}],"author":[{"embeddable":true,"href":"https:\/\/www.europesays.com\/fr\/wp-json\/wp\/v2\/users\/2"}],"replies":[{"embeddable":true,"href":"https:\/\/www.europesays.com\/fr\/wp-json\/wp\/v2\/comments?post=379465"}],"version-history":[{"count":0,"href":"https:\/\/www.europesays.com\/fr\/wp-json\/wp\/v2\/posts\/379465\/revisions"}],"wp:featuredmedia":[{"embeddable":true,"href":"https:\/\/www.europesays.com\/fr\/wp-json\/wp\/v2\/media\/379466"}],"wp:attachment":[{"href":"https:\/\/www.europesays.com\/fr\/wp-json\/wp\/v2\/media?parent=379465"}],"wp:term":[{"taxonomy":"category","embeddable":true,"href":"https:\/\/www.europesays.com\/fr\/wp-json\/wp\/v2\/categories?post=379465"},{"taxonomy":"post_tag","embeddable":true,"href":"https:\/\/www.europesays.com\/fr\/wp-json\/wp\/v2\/tags?post=379465"}],"curies":[{"name":"wp","href":"https:\/\/api.w.org\/{rel}","templated":true}]}}